{"id":177593,"date":"2025-06-15T05:02:16","date_gmt":"2025-06-15T05:02:16","guid":{"rendered":"https:\/\/www.europesays.com\/fr\/177593\/"},"modified":"2025-06-15T05:02:16","modified_gmt":"2025-06-15T05:02:16","slug":"aegean-relance-ses-vols-directs-entre-paris-et-thessalonique-actualite-aeronautique","status":"publish","type":"post","link":"https:\/\/www.europesays.com\/fr\/177593\/","title":{"rendered":"AEGEAN relance ses vols directs entre Paris et Thessalonique &#8211; Actualit\u00e9 a\u00e9ronautique"},"content":{"rendered":"<p class=\"subtitle\">Article publi\u00e9 le 14 juin 2025 par David Dagouret<\/p>\n<p>Cette liaison sera op\u00e9r\u00e9e trois fois par semaine jusqu&rsquo;\u00e0 la fin du mois d&rsquo;octobre 2025.<br \/>\n\u00a0<\/p>\n<p>GEAN a annonc\u00e9 la reprise de ses vols directs entre Paris-Charles de Gaulle (CDG) et Thessalonique (SKG) jusqu\u2019\u00e0 la fin du mois d\u2019octobre 2025.\u00a0\u00a0<\/p>\n<p>La ligne est d\u00e9sormais op\u00e9r\u00e9e trois fois par semaine, les mercredis, vendredis et dimanches, aux horaires suivants :<\/p>\n<ul class=\"puces\">\n<li>Vol A3 521 : d\u00e9part de Paris-CDG \u00e0 11h10 \u2013 arriv\u00e9e \u00e0 Thessalonique \u00e0 15h00<\/li>\n<li>Vol A3 520 : d\u00e9part de Thessalonique \u00e0 08h15 \u2013 arriv\u00e9e \u00e0 Paris-CDG \u00e0 10h20<\/li>\n<\/ul>\n<p>AEGEAN renforce son ancrage \u00e0 Thessalonique en 2025 avec 3,3 millions de si\u00e8ges propos\u00e9s depuis son hub de l\u2019a\u00e9roport Makedonia, dont une croissance de 6 % sur les vols internationaux. Une nouvelle liaison directe vers Izmir viendra \u00e9galement enrichir le r\u00e9seau.<\/p>\n<p><img loading=\"lazy\" decoding=\"async\" src=\"https:\/\/www.europesays.com\/fr\/wp-content\/uploads\/2025\/06\/10275.jpg\" alt=\"aegean\" width=\"600\" height=\"400\" style=\"border:0px solid;\" \/><\/p>\n","protected":false},"excerpt":{"rendered":"Article publi\u00e9 le 14 juin 2025 par David Dagouret Cette liaison sera op\u00e9r\u00e9e trois fois par semaine jusqu&rsquo;\u00e0&hellip;\n","protected":false},"author":2,"featured_media":177594,"comment_status":"","ping_status":"","sticky":false,"template":"","format":"standard","meta":{"footnotes":""},"categories":[1888],"tags":[1111,1928,47,11,1927,296,30397,30398,7182,13796,17318,30399,9919,11821,341,1777,674,30400,5556,1011,27,30401,30402,1031,12,1926,626,1925,25],"class_list":{"0":"post-177593","1":"post","2":"type-post","3":"status-publish","4":"format-standard","5":"has-post-thumbnail","7":"category-paris","8":"tag-actu","9":"tag-actu-paris","10":"tag-actualite","11":"tag-actualites","12":"tag-actualites-paris","13":"tag-aeronautique","14":"tag-aeroweb","15":"tag-aeroweb-fr-net","16":"tag-aviation","17":"tag-avions","18":"tag-compagnies-aeriennes","19":"tag-constructeurs-aeronautiques","20":"tag-cv","21":"tag-dossiers","22":"tag-emploi","23":"tag-eu","24":"tag-europe","25":"tag-fiches-techniques","26":"tag-forum","27":"tag-fr","28":"tag-france","29":"tag-histoire-de-laeronautique","30":"tag-histoire-de-laviation","31":"tag-magazine","32":"tag-news","33":"tag-news-paris","34":"tag-paris","35":"tag-paris-news","36":"tag-republique-francaise"},"share_on_mastodon":{"url":"https:\/\/pubeurope.com\/@fr\/114685630463395272","error":""},"_links":{"self":[{"href":"https:\/\/www.europesays.com\/fr\/wp-json\/wp\/v2\/posts\/177593","targetHints":{"allow":["GET"]}}],"collection":[{"href":"https:\/\/www.europesays.com\/fr\/wp-json\/wp\/v2\/posts"}],"about":[{"href":"https:\/\/www.europesays.com\/fr\/wp-json\/wp\/v2\/types\/post"}],"author":[{"embeddable":true,"href":"https:\/\/www.europesays.com\/fr\/wp-json\/wp\/v2\/users\/2"}],"replies":[{"embeddable":true,"href":"https:\/\/www.europesays.com\/fr\/wp-json\/wp\/v2\/comments?post=177593"}],"version-history":[{"count":0,"href":"https:\/\/www.europesays.com\/fr\/wp-json\/wp\/v2\/posts\/177593\/revisions"}],"wp:featuredmedia":[{"embeddable":true,"href":"https:\/\/www.europesays.com\/fr\/wp-json\/wp\/v2\/media\/177594"}],"wp:attachment":[{"href":"https:\/\/www.europesays.com\/fr\/wp-json\/wp\/v2\/media?parent=177593"}],"wp:term":[{"taxonomy":"category","embeddable":true,"href":"https:\/\/www.europesays.com\/fr\/wp-json\/wp\/v2\/categories?post=177593"},{"taxonomy":"post_tag","embeddable":true,"href":"https:\/\/www.europesays.com\/fr\/wp-json\/wp\/v2\/tags?post=177593"}],"curies":[{"name":"wp","href":"https:\/\/api.w.org\/{rel}","templated":true}]}}