{"id":177597,"date":"2025-06-15T05:04:24","date_gmt":"2025-06-15T05:04:24","guid":{"rendered":"https:\/\/www.europesays.com\/fr\/177597\/"},"modified":"2025-06-15T05:04:24","modified_gmt":"2025-06-15T05:04:24","slug":"cette-pepite-ou-sejourna-le-compositeur-richard-wagner-est-a-vendre-dans-les-hauts-de-seine","status":"publish","type":"post","link":"https:\/\/www.europesays.com\/fr\/177597\/","title":{"rendered":"cette p\u00e9pite o\u00f9 s\u00e9journa le compositeur Richard Wagner est \u00e0 vendre dans les Hauts-de-Seine"},"content":{"rendered":"<p>            Par<br \/>\n        <strong><br \/>\n            <a href=\"https:\/\/actu.fr\/auteur\/redaction-paris\" title=\"Consulter tous les articles de R\u00e9daction Paris\" rel=\"nofollow noopener\" target=\"_blank\">R\u00e9daction Paris<\/a><br \/>\n        <\/strong><\/p>\n<p>        Publi\u00e9 le<\/p>\n<p>            14 juin 2025 \u00e0 7h40        <\/p>\n<p>Une annonce qui va ravir les amateurs de musique classique et de belles demeures. Une maison pas comme les autres est \u00e0 vendre dans les hauteurs de <a href=\"https:\/\/actu.fr\/ile-de-france\/meudon_92048\" rel=\"nofollow noopener\" target=\"_blank\">Meudon<\/a> (<a href=\"https:\/\/actu.fr\/ile-de-france\/hauts-de-seine_92\" rel=\"nofollow noopener\" target=\"_blank\">Hauts-de-Seine<\/a>). C\u2019est ici, dans le quartier Bellevue, que <strong>Richard Wagner<\/strong>, jeune compositeur allemand alors fauch\u00e9, a pos\u00e9 ses valises au printemps 1841. Et pas pour n\u2019importe quoi. Il y a compos\u00e9 son op\u00e9ra Le Vaisseau fant\u00f4me. La b\u00e2tisse, situ\u00e9e au 27 avenue du Ch\u00e2teau, fait 231 m\u00b2, s\u2019\u00e9l\u00e8ve sur trois niveaux et compte sept pi\u00e8ces, dont cinq chambres, et est <strong>mise en vente pour 1,82\u00a0million d\u2019euros<\/strong>.<\/p>\n<p>Une demeure revisit\u00e9e<\/p>\n<p class=\" wall-content\">Transform\u00e9e dans les ann\u00e9es 90 par l\u2019architecte Jacques-\u00c9mile Lecaron, la maison a \u00e9t\u00e9 revisit\u00e9e avec <strong>un clin d\u2019\u0153il appuy\u00e9 \u00e0 l\u2019\u0153uvre de Wagner<\/strong>. M\u00e2ts de bateau traversant les \u00e9tages, grande baie vitr\u00e9e en forme de voile\u2026 donnant l\u2019impression d\u2019\u00eatre \u00e0 bord d\u2019un navire fant\u00f4me, <strong>version grand standing<\/strong>. Une id\u00e9e originale lanc\u00e9e par la conteuse Agn\u00e8s Soulez-Larivi\u00e8re et son mari, qui avaient rachet\u00e9 la maison en 1985, retrace <a href=\"https:\/\/www.radioclassique.fr\/classique\/insolite\/la-maison-ou-vecut-richard-wagner-a-meudon-mise-en-vente\/\" rel=\"nofollow noopener\" target=\"_blank\">Radio Classique<\/a>.<\/p>\n<p class=\" wall-content\">Depuis 2016, la maison se d\u00e9voile \u00e0 de rares occasions, notamment lors des <strong>Journ\u00e9es europ\u00e9ennes du patrimoine<\/strong>, \u00e0 travers des visites guid\u00e9es, concerts et conf\u00e9rences.<\/p>\n<p>    <img   decoding=\"async\" loading=\"lazy\" src=\"https:\/\/www.europesays.com\/fr\/wp-content\/uploads\/2025\/06\/design-sans-titre-2025-06-10t154022757-960x640.jpg\" alt=\"La demeure est surnomm\u00e9e la \" width=\"960\" height=\"640\"\/><br \/>\n    La demeure est surnomm\u00e9e la \u00ab\u2009maison Wagner\u2009\u00bb car en 1841 Richard Wagner y s\u00e9journa et y composa son 4\u00e8me op\u00e9ra Le Vaisseau fant\u00f4me (\u00a9Appartements &amp; Maisons)Une maison alliant \u00ab\u2009le charme historique et le confort moderne\u2009\u00bb<\/p>\n<p class=\" wall-content\">Aujourd\u2019hui, cette demeure unique cherche <strong>un nouveau propri\u00e9taire<\/strong>. Mise en vente par l\u2019agence <a href=\"https:\/\/www.aetm-immobilier.com\/fiches\/4-40-26_57783867\/maison-de-caractere-7-pieces-sur-terrain-de-241m2.html?search_id=1833259665867428&amp;offset=13&amp;\" rel=\"nofollow noopener\" target=\"_blank\">Appartements &amp; Maisons<\/a>, elle est d\u00e9crite comme une maison alliant \u00ab\u2009le charme historique et le confort moderne\u2009\u00bb.<\/p>\n<p>Vid\u00e9os : en ce moment sur Actu<\/p>\n<p class=\" wall-content\">Dans la r\u00e9gion parisienne, <strong>ce type de p\u00e9pite n\u2019est pas si rare<\/strong>. Ces derniers mois, les acqu\u00e9reurs ont vu passer \u00e0 la vente <a href=\"https:\/\/actu.fr\/ile-de-france\/paris_75056\/une-adresse-rare-a-paris-l-appartement-cache-de-jean-racine-a-saint-germain-des-pres-est-a-vendre_62638494.html\" rel=\"nofollow noopener\" target=\"_blank\">l\u2019appartement cach\u00e9 de Jean Racine<\/a> \u00e0 Saint-Germain-des-Pr\u00e9s, <a href=\"https:\/\/actu.fr\/ile-de-france\/paris_75056\/video-a-paris-ce-sublime-appartement-ou-karl-lagerfeld-recevait-ses-amis-est-a-vendre-a-un-prix-colossal_61895918.html\" rel=\"nofollow noopener\" target=\"_blank\">l\u2019ancien appartement de Karl Lagerfeld<\/a>, <a href=\"https:\/\/actu.fr\/ile-de-france\/paris_75056\/l-ancien-atelier-du-peintre-eugene-boudin-mis-en-vente-6-millions-d-euros-a-montmartre_55755533.html\" rel=\"nofollow noopener\" target=\"_blank\">l\u2019ancien atelier du peintre Eug\u00e8ne Boudin<\/a> \u00e0 Montmartre, ou encore <a href=\"https:\/\/actu.fr\/ile-de-france\/paris_75056\/man-ray-et-robert-doisneau-y-avaient-leurs-habitudes-l-atelier-maison-de-dubuffet-en-vente-a-paris_61625332.html\" rel=\"nofollow noopener\" target=\"_blank\">la maison du p\u00e8re de l\u2019art brut Jean Dubuffet<\/a>. \u00c0 chacun son coin d\u2019histoire\u2026 \u00e0 condition d\u2019avoir le budget.<\/p>\n<p class=\" wall-content\">Suivez toute l\u2019actualit\u00e9 de vos villes et m\u00e9dias favoris en vous inscrivant \u00e0 <a href=\"https:\/\/moncompte.actu.fr\" title=\"D\u00e9couvez Mon Actu\" rel=\"nofollow noopener\" data-trk=\"{&quot;cta&quot;:{&quot;action&quot;:&quot;https:\\\/\\\/moncompte.actu.fr&quot;,&quot;category&quot;:&quot;mon compte&quot;,&quot;from&quot;:&quot;article footer&quot;,&quot;name&quot;:&quot;Mon actu&quot;,&quot;type&quot;:&quot;cta&quot;}}\" target=\"_blank\">Mon Actu<\/a>.<\/p>\n","protected":false},"excerpt":{"rendered":"Par R\u00e9daction Paris Publi\u00e9 le 14 juin 2025 \u00e0 7h40 Une annonce qui va ravir les amateurs de&hellip;\n","protected":false},"author":2,"featured_media":177598,"comment_status":"","ping_status":"","sticky":false,"template":"","format":"standard","meta":{"footnotes":""},"categories":[1888],"tags":[11,1777,674,1011,27,1116,1757,12,626,25],"class_list":{"0":"post-177597","1":"post","2":"type-post","3":"status-publish","4":"format-standard","5":"has-post-thumbnail","7":"category-paris","8":"tag-actualites","9":"tag-eu","10":"tag-europe","11":"tag-fr","12":"tag-france","13":"tag-immobilier","14":"tag-insolite","15":"tag-news","16":"tag-paris","17":"tag-republique-francaise"},"share_on_mastodon":{"url":"https:\/\/pubeurope.com\/@fr\/114685638353572394","error":""},"_links":{"self":[{"href":"https:\/\/www.europesays.com\/fr\/wp-json\/wp\/v2\/posts\/177597","targetHints":{"allow":["GET"]}}],"collection":[{"href":"https:\/\/www.europesays.com\/fr\/wp-json\/wp\/v2\/posts"}],"about":[{"href":"https:\/\/www.europesays.com\/fr\/wp-json\/wp\/v2\/types\/post"}],"author":[{"embeddable":true,"href":"https:\/\/www.europesays.com\/fr\/wp-json\/wp\/v2\/users\/2"}],"replies":[{"embeddable":true,"href":"https:\/\/www.europesays.com\/fr\/wp-json\/wp\/v2\/comments?post=177597"}],"version-history":[{"count":0,"href":"https:\/\/www.europesays.com\/fr\/wp-json\/wp\/v2\/posts\/177597\/revisions"}],"wp:featuredmedia":[{"embeddable":true,"href":"https:\/\/www.europesays.com\/fr\/wp-json\/wp\/v2\/media\/177598"}],"wp:attachment":[{"href":"https:\/\/www.europesays.com\/fr\/wp-json\/wp\/v2\/media?parent=177597"}],"wp:term":[{"taxonomy":"category","embeddable":true,"href":"https:\/\/www.europesays.com\/fr\/wp-json\/wp\/v2\/categories?post=177597"},{"taxonomy":"post_tag","embeddable":true,"href":"https:\/\/www.europesays.com\/fr\/wp-json\/wp\/v2\/tags?post=177597"}],"curies":[{"name":"wp","href":"https:\/\/api.w.org\/{rel}","templated":true}]}}