{"id":177599,"date":"2025-06-15T05:05:11","date_gmt":"2025-06-15T05:05:11","guid":{"rendered":"https:\/\/www.europesays.com\/fr\/177599\/"},"modified":"2025-06-15T05:05:11","modified_gmt":"2025-06-15T05:05:11","slug":"basket-a-quelle-heure-sur-quelle-chaine-tv-suivre-le-match-1-de-la-finale-de-betclic-elite-entre-paris-et-monaco","status":"publish","type":"post","link":"https:\/\/www.europesays.com\/fr\/177599\/","title":{"rendered":"Basket\u00a0: \u00e0 quelle heure sur quelle cha\u00eene TV suivre le match 1 de la finale de Betclic Elite entre Paris et Monaco\u00a0?"},"content":{"rendered":"<p class=\"paragraph text_align_left\">Le Paris Basketball r\u00e9ussit une tr\u00e8s belle saison, marqu\u00e9e par la premi\u00e8re place de la saison r\u00e9guli\u00e8re de Betclic Elite, la victoire en Coupe de France et la d\u00e9couverte de l\u2019Euroligue assortie de la qualification en playoffs (\u00e9limin\u00e9 en trois matchs par Fenerbah\u00e7e, en quarts de finale).<\/p>\n<p class=\"paragraph text_align_left\">Mais la messe n\u2019est pas dite face \u00e0 la Roca Team, double tenante du titre et boost\u00e9e par une remont\u00e9e dingue face \u00e0 l\u2019Asvel en demi-finale.<\/p>\n<p class=\"paragraph text_align_left\">Comme l\u2019an dernier, le titre de Betclic \u00c9lite se joue entre Paris et Monaco. Mais si les finalistes sont les m\u00eames, rien ne garantit une r\u00e9p\u00e9tition de l\u2019histoire. En 2024, le club de la principaut\u00e9 s\u2019\u00e9tait impos\u00e9 3-1. Cette ann\u00e9e, les Parisiens ont donc domin\u00e9 la saison r\u00e9guli\u00e8re, sans compter que les Mon\u00e9gasques n\u2019auront pas l\u2019avantage du terrain lors des deux premi\u00e8res rencontres, programm\u00e9es \u00e0 Paris dimanche (16h30) et mardi (20h30).<\/p>\n<p class=\"paragraph text_align_left\"><b>Le match 1 de cette finale se jouera \u00e0 l\u2019Adidas Arena de Paris, ce dimanche \u00e0 16h30. La rencontre sera diffus\u00e9e sur DAZN.<\/b><\/p>\n","protected":false},"excerpt":{"rendered":"Le Paris Basketball r\u00e9ussit une tr\u00e8s belle saison, marqu\u00e9e par la premi\u00e8re place de la saison r\u00e9guli\u00e8re de&hellip;\n","protected":false},"author":2,"featured_media":177600,"comment_status":"","ping_status":"","sticky":false,"template":"","format":"standard","meta":{"footnotes":""},"categories":[1888],"tags":[11,1465,1777,674,1011,27,12,626,25,60],"class_list":{"0":"post-177599","1":"post","2":"type-post","3":"status-publish","4":"format-standard","5":"has-post-thumbnail","7":"category-paris","8":"tag-actualites","9":"tag-basket","10":"tag-eu","11":"tag-europe","12":"tag-fr","13":"tag-france","14":"tag-news","15":"tag-paris","16":"tag-republique-francaise","17":"tag-sports"},"share_on_mastodon":{"url":"https:\/\/pubeurope.com\/@fr\/114685642200350569","error":""},"_links":{"self":[{"href":"https:\/\/www.europesays.com\/fr\/wp-json\/wp\/v2\/posts\/177599","targetHints":{"allow":["GET"]}}],"collection":[{"href":"https:\/\/www.europesays.com\/fr\/wp-json\/wp\/v2\/posts"}],"about":[{"href":"https:\/\/www.europesays.com\/fr\/wp-json\/wp\/v2\/types\/post"}],"author":[{"embeddable":true,"href":"https:\/\/www.europesays.com\/fr\/wp-json\/wp\/v2\/users\/2"}],"replies":[{"embeddable":true,"href":"https:\/\/www.europesays.com\/fr\/wp-json\/wp\/v2\/comments?post=177599"}],"version-history":[{"count":0,"href":"https:\/\/www.europesays.com\/fr\/wp-json\/wp\/v2\/posts\/177599\/revisions"}],"wp:featuredmedia":[{"embeddable":true,"href":"https:\/\/www.europesays.com\/fr\/wp-json\/wp\/v2\/media\/177600"}],"wp:attachment":[{"href":"https:\/\/www.europesays.com\/fr\/wp-json\/wp\/v2\/media?parent=177599"}],"wp:term":[{"taxonomy":"category","embeddable":true,"href":"https:\/\/www.europesays.com\/fr\/wp-json\/wp\/v2\/categories?post=177599"},{"taxonomy":"post_tag","embeddable":true,"href":"https:\/\/www.europesays.com\/fr\/wp-json\/wp\/v2\/tags?post=177599"}],"curies":[{"name":"wp","href":"https:\/\/api.w.org\/{rel}","templated":true}]}}