{"id":177603,"date":"2025-06-15T05:07:14","date_gmt":"2025-06-15T05:07:14","guid":{"rendered":"https:\/\/www.europesays.com\/fr\/177603\/"},"modified":"2025-06-15T05:07:14","modified_gmt":"2025-06-15T05:07:14","slug":"loire-cette-entreprise-envoie-du-materiel-de-reeducation-en-ukraine-pour-les-blesses-de-guerre","status":"publish","type":"post","link":"https:\/\/www.europesays.com\/fr\/177603\/","title":{"rendered":"Loire. Cette entreprise envoie du mat\u00e9riel de r\u00e9\u00e9ducation en Ukraine pour les bless\u00e9s de guerre"},"content":{"rendered":"<p>Elles attendent patiemment d\u2019\u00eatre achemin\u00e9es, dans quelques jours, \u00e0 2\u00a0000 km de l\u00e0, en Ukraine.<\/p>\n<p>\u00c0 l\u2019int\u00e9rieur de ces grosses caisses en bois qui sommeillent dans les locaux de Dessintey, \u00e0 Saint-Jean-Bonnefonds, les premiers dispositifs m\u00e9dicaux de th\u00e9rapie miroir IVS3 et IVS4 et d\u2019autor\u00e9\u00e9ducation guid\u00e9e, qui seront exp\u00e9di\u00e9s par la soci\u00e9t\u00e9, une fois leurs enregistrements administratifs obtenus aupr\u00e8s du minist\u00e8re en Ukraine.<\/p>\n<p>Du mat\u00e9riel m\u00e9dical qui participe, par illusion du mouvement, notamment pour les machines IVS3 et IVS4, \u00e0 la r\u00e9cup\u00e9ration motrice et \u00e0 la r\u00e9duction des douleurs du membre fant\u00f4me pour les patients amput\u00e9s.<\/p>\n<p>Des \u00e9quipes sur place pour former les professionnels de sant\u00e9<\/p>\n<p>D\u2019autres machines et d\u2019autres dispositifs&#8230;<\/p>\n","protected":false},"excerpt":{"rendered":"Elles attendent patiemment d\u2019\u00eatre achemin\u00e9es, dans quelques jours, \u00e0 2\u00a0000 km de l\u00e0, en Ukraine. \u00c0 l\u2019int\u00e9rieur de&hellip;\n","protected":false},"author":2,"featured_media":177604,"comment_status":"","ping_status":"","sticky":false,"template":"","format":"standard","meta":{"footnotes":""},"categories":[1590],"tags":[11,33,7539,1777,674,107,5015,3367,12,9664,9663,71,4604,220],"class_list":{"0":"post-177603","1":"post","2":"type-post","3":"status-publish","4":"format-standard","5":"has-post-thumbnail","7":"category-ukraine","8":"tag-actualites","9":"tag-economie","10":"tag-edition-loire-sud","11":"tag-eu","12":"tag-europe","13":"tag-fil-info","14":"tag-innovation-et-start-up","15":"tag-loire","16":"tag-news","17":"tag-saint-etienne-bassin","18":"tag-saint-jean-bonnefonds","19":"tag-sante","20":"tag-selection-abonne","21":"tag-ukraine"},"share_on_mastodon":{"url":"https:\/\/pubeurope.com\/@fr\/114685650103159291","error":""},"_links":{"self":[{"href":"https:\/\/www.europesays.com\/fr\/wp-json\/wp\/v2\/posts\/177603","targetHints":{"allow":["GET"]}}],"collection":[{"href":"https:\/\/www.europesays.com\/fr\/wp-json\/wp\/v2\/posts"}],"about":[{"href":"https:\/\/www.europesays.com\/fr\/wp-json\/wp\/v2\/types\/post"}],"author":[{"embeddable":true,"href":"https:\/\/www.europesays.com\/fr\/wp-json\/wp\/v2\/users\/2"}],"replies":[{"embeddable":true,"href":"https:\/\/www.europesays.com\/fr\/wp-json\/wp\/v2\/comments?post=177603"}],"version-history":[{"count":0,"href":"https:\/\/www.europesays.com\/fr\/wp-json\/wp\/v2\/posts\/177603\/revisions"}],"wp:featuredmedia":[{"embeddable":true,"href":"https:\/\/www.europesays.com\/fr\/wp-json\/wp\/v2\/media\/177604"}],"wp:attachment":[{"href":"https:\/\/www.europesays.com\/fr\/wp-json\/wp\/v2\/media?parent=177603"}],"wp:term":[{"taxonomy":"category","embeddable":true,"href":"https:\/\/www.europesays.com\/fr\/wp-json\/wp\/v2\/categories?post=177603"},{"taxonomy":"post_tag","embeddable":true,"href":"https:\/\/www.europesays.com\/fr\/wp-json\/wp\/v2\/tags?post=177603"}],"curies":[{"name":"wp","href":"https:\/\/api.w.org\/{rel}","templated":true}]}}