{"id":177614,"date":"2025-06-15T05:13:13","date_gmt":"2025-06-15T05:13:13","guid":{"rendered":"https:\/\/www.europesays.com\/fr\/177614\/"},"modified":"2025-06-15T05:13:13","modified_gmt":"2025-06-15T05:13:13","slug":"wainiqolo-surpuissant-jaminet-splendide-nonu-pour-lhistoire-les-tops-flops-du-barrage","status":"publish","type":"post","link":"https:\/\/www.europesays.com\/fr\/177614\/","title":{"rendered":"Wainiqolo (sur)puissant, Jaminet splendide, Nonu pour l\u2019histoire&#8230; Les tops\/flops du barrage"},"content":{"rendered":"<p>\u00c0 l\u2019issue de la qualification du RC Toulon samedi soir \u00e0 Mayol, au d\u00e9triment du Castres Olympique (52-23), d\u00e9couvrez ce qui a plu&#8230; et d\u00e9plu \u00e0 la r\u00e9daction du Figaro.<\/p>\n<p class=\"fig-paragraph\"><strong>TOPS<\/strong><\/p>\n<p>Wainiqolo surpuissant<\/p>\n<p class=\"fig-paragraph\">Auteur (d\u00e9j\u00e0) d\u2019une saison sensationnelle et d\u2019un essai f\u00e9erique le premier juin dernier contre l\u2019UBB en championnat, le trois-quart toulonnais a de nouveau impressionn\u00e9\u00a0<a href=\"http:\/\/www.lefigaro.fr\/sports\/rugby\/top-14\/top-14-toulon-deroule-face-a-castres-et-rejoint-l-ubb-en-demi-finales-20250614\" data-fig-type=\"NewsFlash\" data-gtm-custom-categorie=\"navigation\" data-gtm-custom-action=\"crossclick\" data-gtm-custom-label=\"Contextuel\" data-gtm-event=\"customEventSPE\" data-fig-domain=\"LEFIGARO\" target=\"_blank\" rel=\"noopener\">face \u00e0 Castres (52-23), samedi, en barrage<\/a>. Tout simplement inarr\u00eatable. Quatre nouveaux franchissements au compteur samedi soir pour le f\u00e9roce Fidjien et de 136 m\u00e8tres d\u00e9val\u00e9s ballon en main. Le joueur de la Rade a \u00e9galement particip\u00e9 au festival offensif de son \u00e9quipe, en inscrivant l\u2019ultime essai de son \u00e9quipe (81e). Une machine de guerre.<\/p>\n<p>Jaminet splendide<\/p>\n<p class=\"fig-paragraph\">27 points align\u00e9s par l\u2019arri\u00e8re varois. Une performance exceptionnelle \u00e0 ce stade du championnat. Un seul \u00e9chec pour le n\u00b015 du RCT, qui s\u2019est \u00e9galement mu\u00e9 en marqueur d\u2019essai, au retour des vestiaires (51e). Une \u00abbotte\u00bb pareille \u00e0 ce niveau-l\u00e0 de la comp\u00e9tition fait la diff\u00e9rence.<\/p>\n<p class=\"fig-body-link\">\n            \u00c0 lire aussi<br \/>\n        <a class=\"fig-body-link__link\" href=\"http:\/\/www.lefigaro.fr\/sports\/rugby\/top-14\/top-14-toulon-deroule-face-a-castres-et-rejoint-l-ubb-en-demi-finales-20250614\" data-fig-type=\"NewsFlash\" data-gtm-custom-categorie=\"navigation\" data-gtm-custom-action=\"crossclick\" data-gtm-custom-label=\"Contextuel\" data-gtm-event=\"customEventSPE\" data-fig-domain=\"LEFIGARO\" target=\"_blank\" rel=\"noopener\">Top 14\u00a0: Toulon d\u00e9roule face \u00e0 Castres et rejoint l\u2019UBB en demi-finales<br \/>\n    <\/a>\n<\/p>\n<p>Ma\u2019a Nonu au 7e ciel<\/p>\n<p class=\"fig-paragraph\">Quelle histoire\u00a0! Alors qu\u2019il venait fouler la pelouse de Mayol pour la derni\u00e8re fois lors de son entr\u00e9e en jeu (72e), la l\u00e9gende n\u00e9o-z\u00e9landaise a sign\u00e9 son ultime apparition dans l\u2019antre varois de la meilleure des fa\u00e7ons. Opportuniste \u00e0 l\u2019issue d\u2019une m\u00eal\u00e9e efficace, le double champion du monde avec les All Blacks est all\u00e9 inscrire le 5e essai des siens (78e). Les meilleurs adieux possibles.<\/p>\n<p>La (terrible) seconde p\u00e9riode varoise<\/p>\n<p class=\"fig-paragraph\">Au coude \u00e0 coude avec les Castrais \u00e0 la pause (12-10 MT), les hommes de Pierre Mignoni ont fait voler en \u00e9clats le rideau d\u00e9fensif du CO lors du second acte. Six essais \u00e0 un en faveur du RCT, qui a broy\u00e9 les Tarnais, compl\u00e8tement d\u00e9pass\u00e9s par la fr\u00e9n\u00e9sie rouge et noire. Longtemps brouillons et inefficaces dans ce match, les Toulonnais ont r\u00e9ussi \u00e0 se l\u00e2cher au meilleur moment pour filer en demi-finale.<\/p>\n<p class=\"fig-body-link\">\n            \u00c0 lire aussi<br \/>\n        <a class=\"fig-body-link__link\" href=\"http:\/\/www.lefigaro.fr\/sports\/rugby\/top-14\/papa-champion-de-france-le-rugby-comme-therapie-5-choses-a-savoir-sur-esteban-abadie-le-cerveau-de-toulon-20250614\" data-fig-type=\"NewsFlash\" data-gtm-custom-categorie=\"navigation\" data-gtm-custom-action=\"crossclick\" data-gtm-custom-label=\"Contextuel\" data-gtm-event=\"customEventSPE\" data-fig-domain=\"LEFIGARO\" target=\"_blank\" rel=\"noopener\">Papa champion de France, le rugby comme th\u00e9rapie&#8230; 5 choses \u00e0 savoir sur Esteban Abadie, le cerveau de Toulon<br \/>\n    <\/a>\n<\/p>\n<p class=\"fig-paragraph\"><strong>FLOPS<\/strong><\/p>\n<p>Louis Le Brun, la tuile<\/p>\n<p class=\"fig-paragraph\">Sorti sur protocole commotion en d\u00e9but de match (24e), et remplac\u00e9 par le v\u00e9t\u00e9ran Julien Dumora, l\u2019ouvreur tarnais &#8211; une des r\u00e9v\u00e9lations du championnat -, n\u2019a pu se mettre en \u00e9vidence, amput\u00e9 par ce fait de jeu. Dommage pour le n\u00b010 du CO au pied magique, qui m\u00e9ritait de s\u2019illustrer davantage dans cette phase finale.<\/p>\n<p>Le CO s\u2019est effondr\u00e9<\/p>\n<p class=\"fig-paragraph\">Balay\u00e9s. Les hommes de Xavier Sadourny ont \u00e9t\u00e9 \u00e9parpill\u00e9s fa\u00e7on puzzle en seconde p\u00e9riode, encaissant six essais. 45 derni\u00e8res minutes qui ne sont pas \u00e0 l\u2019image de la premi\u00e8re p\u00e9riode r\u00e9alis\u00e9e par les Castrais, qui malmenaient un RCT sous pression. Triste de finir ainsi.<\/p>\n<p class=\"fig-body-link\">\n            \u00c0 lire aussi<br \/>\n        <a class=\"fig-body-link__link\" href=\"http:\/\/www.lefigaro.fr\/sports\/rugby\/top-14\/top-14-toulonnais-et-castrais-unis-pour-un-hommage-collectif-a-raisuqe-en-video-20250615\" data-fig-type=\"NewsFlash\" data-gtm-custom-categorie=\"navigation\" data-gtm-custom-action=\"crossclick\" data-gtm-custom-label=\"Contextuel\" data-gtm-event=\"customEventSPE\" data-fig-domain=\"LEFIGARO\" target=\"_blank\" rel=\"noopener\">Top 14\u00a0: Toulonnais et Castrais unis pour un hommage collectif \u00e0 Raisuqe (en vid\u00e9o)<br \/>\n    <\/a><\/p>\n","protected":false},"excerpt":{"rendered":"\u00c0 l\u2019issue de la qualification du RC Toulon samedi soir \u00e0 Mayol, au d\u00e9triment du Castres Olympique (52-23),&hellip;\n","protected":false},"author":2,"featured_media":177615,"comment_status":"","ping_status":"","sticky":false,"template":"","format":"standard","meta":{"footnotes":""},"categories":[2],"tags":[11,525,7336,4590,1981,2313,814,1011,27,955,12,4589,2311,8177,25,1980,479,2259,478,2310,2312],"class_list":{"0":"post-177614","1":"post","2":"type-post","3":"status-publish","4":"format-standard","5":"has-post-thumbnail","7":"category-actualites","8":"tag-actualites","9":"tag-calendrier","10":"tag-castres-olympique","11":"tag-championnat-france","12":"tag-classement","13":"tag-clermont","14":"tag-direct","15":"tag-fr","16":"tag-france","17":"tag-match","18":"tag-news","19":"tag-phase-finale","20":"tag-racing","21":"tag-rc-toulon","22":"tag-republique-francaise","23":"tag-resultats","24":"tag-rugby","25":"tag-score","26":"tag-top-14","27":"tag-toulon","28":"tag-toulouse"},"share_on_mastodon":{"url":"https:\/\/pubeurope.com\/@fr\/114685673670255524","error":""},"_links":{"self":[{"href":"https:\/\/www.europesays.com\/fr\/wp-json\/wp\/v2\/posts\/177614","targetHints":{"allow":["GET"]}}],"collection":[{"href":"https:\/\/www.europesays.com\/fr\/wp-json\/wp\/v2\/posts"}],"about":[{"href":"https:\/\/www.europesays.com\/fr\/wp-json\/wp\/v2\/types\/post"}],"author":[{"embeddable":true,"href":"https:\/\/www.europesays.com\/fr\/wp-json\/wp\/v2\/users\/2"}],"replies":[{"embeddable":true,"href":"https:\/\/www.europesays.com\/fr\/wp-json\/wp\/v2\/comments?post=177614"}],"version-history":[{"count":0,"href":"https:\/\/www.europesays.com\/fr\/wp-json\/wp\/v2\/posts\/177614\/revisions"}],"wp:featuredmedia":[{"embeddable":true,"href":"https:\/\/www.europesays.com\/fr\/wp-json\/wp\/v2\/media\/177615"}],"wp:attachment":[{"href":"https:\/\/www.europesays.com\/fr\/wp-json\/wp\/v2\/media?parent=177614"}],"wp:term":[{"taxonomy":"category","embeddable":true,"href":"https:\/\/www.europesays.com\/fr\/wp-json\/wp\/v2\/categories?post=177614"},{"taxonomy":"post_tag","embeddable":true,"href":"https:\/\/www.europesays.com\/fr\/wp-json\/wp\/v2\/tags?post=177614"}],"curies":[{"name":"wp","href":"https:\/\/api.w.org\/{rel}","templated":true}]}}