{"id":177618,"date":"2025-06-15T05:15:19","date_gmt":"2025-06-15T05:15:19","guid":{"rendered":"https:\/\/www.europesays.com\/fr\/177618\/"},"modified":"2025-06-15T05:15:19","modified_gmt":"2025-06-15T05:15:19","slug":"hemarina-pourquoi-la-france-boude-cette-pepite-bretonne-et-ses-vers-marins-guerisseurs-video","status":"publish","type":"post","link":"https:\/\/www.europesays.com\/fr\/177618\/","title":{"rendered":"Hemarina\u00a0: pourquoi la France boude cette p\u00e9pite bretonne et ses vers marins gu\u00e9risseurs [Vid\u00e9o]"},"content":{"rendered":"<p>Au cours de l\u2019interview alors publi\u00e9e dans nos colonnes, ce docteur en biologie marine, ancien chercheur \u00e0 <a href=\"https:\/\/www.letelegramme.fr\/bretagne\/toutes-les-infos\/roscoff-150-ans-de-recherche-en-biologie-marine-video-211281.php\" target=\"_blank\" rel=\"nofollow noopener\">la station CNRS de Roscoff<\/a>, \u00e9voque \u00ab une dizaine d\u2019autres cas trait\u00e9s \u00bb dans les h\u00f4pitaux fran\u00e7ais au cours de l\u2019ann\u00e9e. Il cite notamment celui d\u2019une jeune femme \u00e2g\u00e9e de 28 ans \u00ab qui allait perdre ses doigts \u00bb, br\u00fbl\u00e9s par une colle. \u00ab En moins d\u2019un mois, la peau des doigts a repouss\u00e9, alors qu\u2019ils \u00e9taient br\u00fbl\u00e9s jusqu\u2019\u00e0 l\u2019os. Cette femme refait de l\u2019escalade alors qu\u2019on allait lui couper les doigts ! \u00bb, savoure le biologiste. Qui entrevoit avec HEMhealing (c\u2019est le nom commercial du pansement), une solution pour de tr\u00e8s nombreuses plaies : chirurgicales, traumatiques, ulc\u00e8res, escarres\u2026 \u00ab Des millions dans le monde ! \u00bb, appuie-t-il.<\/p>\n<p>\u00ab Des milliards d\u2019euros \u00bb en jeu<\/p>\n<p>Ce traitement n\u2019est que l\u2019une des applications invent\u00e9es par Hemarina. Les autres sont tout aussi prometteuses (\ufeffpr\u00e9servation des greffons, traitement des AVC et infarctus\u2026), selon Franck Zal. Toutes ont la m\u00eame origine. La poule aux \u0153ufs d\u2019or du scientifique morlaisien est\u2026 un ver marin : <a href=\"https:\/\/www.letelegramme.fr\/ille-et-vilaine\/saint-malo-35400\/spangrandes-mareesspan-la-peche-au-ver-de-mer-2230629.php\" target=\"_blank\" rel=\"nofollow noopener\">l\u2019ar\u00e9nicole, dont tout le monde conna\u00eet les tortillons de sable qu\u2019il laisse sur les plages \u00e0 mar\u00e9e basse<\/a>. C\u2019est en l\u2019\u00e9tudiant, il y a pr\u00e8s de trente ans, que le chercheur a d\u00e9couvert les incroyables propri\u00e9t\u00e9s de son sang. Ce petit ver survit six heures en apn\u00e9e gr\u00e2ce \u00e0 son h\u00e9moglobine, qui d\u00e9livre 40 fois plus d\u2019oxyg\u00e8ne que l\u2019h\u00e9moglobine humaine, tout en \u00e9tant 250 fois plus petite qu\u2019un globule rouge ! \u00ab Une r\u00e9volution pour la science et la m\u00e9decine \u00bb, r\u00e9p\u00e8te inlassablement le scientifique. \ufeff\u00c0 la cl\u00e9 : l\u2019espoir de tr\u00e8s nombreuses vies sauv\u00e9es, et moins de s\u00e9quelles. Et aussi \u00ab des dizaines, voire des centaines de millions d\u2019euros \u00e9conomis\u00e9s pour l\u2019\u00c9tat, et des milliards d\u2019euros de contrats \u00bb.<\/p>\n<p>\u00ab R\u00e9glementation kafka\u00efenne \u00bb <\/p>\n<p>Qui ne serait pas s\u00e9duit, emball\u00e9, et m\u00eame euphorique en \u00e9coutant Franck Zal ? C\u2019est d\u2019ailleurs le cas de tous les interlocuteurs rencontr\u00e9s pour cette enqu\u00eate. Le scientifique sait vendre ses innovations. Au moins aux m\u00e9dias. On ne compte plus les pages dans la presse locale et nationale, et les invitations sur des plateaux TV.<\/p>\n<blockquote><p>L\u2019aspirine serait impossible \u00e0 d\u00e9velopper dans le contexte r\u00e9glementaire actuel. Son exp\u00e9rimentation serait arr\u00eat\u00e9e avant m\u00eame d\u2019avoir \u00e9t\u00e9 test\u00e9e sur un patient !<\/p><\/blockquote>\n<p>Et pourtant, \u00e0 ce jour, hormis des autorisations au cas par cas (\u00ab \u00e0 titre compassionnel \u00bb) pour le pansement HEMhealing, aucun des produits d\u00e9velopp\u00e9s par Hemarina ne b\u00e9n\u00e9ficie d\u2019un feu vert des autorit\u00e9s fran\u00e7aises ou europ\u00e9ennes. La faute \u00e0 qui ? \u00ab \u00c0 la r\u00e9glementation kafka\u00efenne fran\u00e7aise et europ\u00e9enne !, mitraille Franck Zal. Elles sont un v\u00e9ritable frein \u00e0 l\u2019innovation. On a 400 000 normes en France, contre 38 000 en Allemagne ! L\u2019aspirine serait impossible \u00e0 d\u00e9velopper dans le contexte r\u00e9glementaire actuel. Son exp\u00e9rimentation serait arr\u00eat\u00e9e avant m\u00eame d\u2019avoir \u00e9t\u00e9 test\u00e9e sur un patient ! \u00bb<\/p>\n<p>\u00ab Il a fini par braquer tout le monde \u00bb<\/p>\n<p>Franck Zal d\u00e9nonce aussi des b\u00e2tons qui lui seraient d\u00e9lib\u00e9r\u00e9ment mis dans les roues, \u00ab les arguments aberrants des agences d\u2019\u00c9tat \u00bb, \u00ab les lobbies pharmaceutiques \u00bb, \u00ab notamment celui du sang \u00bb qui se sentirait menac\u00e9 par son produit transporteur d\u2019oxyg\u00e8ne universel.<\/p>\n<p>\u00c0 Paris, le sujet fait se fermer toutes les portes. Personne n\u2019accepte de parler. Sauf en off, pour quelques-uns. Ces derniers mettent en cause la personnalit\u00e9 de Franck Zal. L\u2019homme est atypique, entier, exigeant, tr\u00e8s pugnace. \u00ab Il veut br\u00fbler les \u00e9tapes. Il a fini par braquer tout le monde ! \u00bb, l\u00e2che un politique ayant \u00ab remu\u00e9 ciel et terre pour mettre les projets du chercheur morlaisien dans les bons tuyaux \u00bb. \u00ab Contester le syst\u00e8me, \u00e0 la limite du complotisme, n\u2019aide pas \u00bb, ajoute une autre source qui \u00e9voque \u00ab un comportement \u00e0 la Didier Raoult \u00bb, le professeur marseillais d\u00e9chu, <a href=\"https:\/\/www.letelegramme.fr\/france\/hydroxychloroquine-contre-la-covid-19-letude-fondatrice-du-pr-raoult-officiellement-invalidee-6726112.php\" target=\"_blank\" rel=\"nofollow noopener\">promoteur d\u00e9savou\u00e9 de l\u2019hydroxychloroquine lors de la crise du covid<\/a>.<\/p>\n<p>\u00ab Leur efficacit\u00e9 n\u2019a plus \u00e0 \u00eatre d\u00e9montr\u00e9e ! \u00bb<\/p>\n<p>Voil\u00e0 pour la forme. Sur le fond &#8211; plus inqui\u00e9tant -, le blocage serait li\u00e9 \u00e0 des d\u00e9monstrations scientifiques jug\u00e9es \u00ab insuffisantes \u00bb par les organismes d\u00e9cideurs, selon nos informations. Le sujet provoque des pouss\u00e9es d\u2019urticaire \u00e0 Franck Zal. \u00ab Nous avons franchi toutes les \u00e9tapes n\u00e9cessaires. Tout fonctionne ! Pour les greffes, nous avons remis un dossier technique de 14 000 pages aux autorit\u00e9s comp\u00e9tentes ! Notre innovation a permis d\u2019en r\u00e9aliser d\u00e9j\u00e0 pr\u00e8s de 600. Nous avons aussi r\u00e9alis\u00e9 avec succ\u00e8s des greffes de faces et de bras \u00bb, s\u2019agace le patron d\u2019Hemarina. Le scientifique tranche net : \u00ab La preuve de l\u2019efficacit\u00e9 de nos produits n\u2019a plus \u00e0 \u00eatre d\u00e9montr\u00e9e. Nous avons publi\u00e9 des dizaines et des dizaines d\u2019\u00e9tudes sur les sites en ligne de r\u00e9f\u00e9rencement scientifique. \u00bb<\/p>\n<p>L\u2019\u00e9tude que tout le monde attendait<\/p>\n<p>Pour son produit phare Hemo2life (pr\u00e9servation des greffons), Hemarina avait m\u00eame d\u00e9croch\u00e9, en septembre 2022, l\u2019indispensable s\u00e9same europ\u00e9en &#8211; le marquage CE &#8211; pour le commercialiser. Un an plus tard, patatras ! L\u2019agr\u00e9ment \u00e9tait retir\u00e9 (*). Pourquoi ? Selon nos informations, ce retrait et l\u2019extr\u00eame frilosit\u00e9 des autorit\u00e9s sanitaires fran\u00e7aises seraient directement li\u00e9s \u00e0 l\u2019absence de publication d\u2019une \u00e9tude clinique qui devait trancher la question de l\u2019efficacit\u00e9 et \u00e9valuer le calcul m\u00e9dico-\u00e9conomique d\u2019Hemo2life.<\/p>\n<p>Lanc\u00e9e en juillet 2020 \u00ab pour une dur\u00e9e maximale de trente mois \u00bb, cette \u00e9tude tr\u00e8s attendue n\u2019a toujours pas, \u00e0 ce jour, cinq ans plus tard, \u00e9t\u00e9 publi\u00e9e. Les r\u00e9sultats esp\u00e9r\u00e9s devaient consacrer Hemarina et rassurer tous les acteurs du dossier. Las ! L\u2019\u00e9tude est devenue la source d\u2019un diff\u00e9rend manifeste entre son promoteur, le CHU de Brest, et Hemarina\u2026<\/p>\n<p>\u00ab On n\u2019est pas \u00e0 \u00ab\u00a0The Voice\u00a0\u00bb \u00bb<\/p>\n<p>\u00ab Franck Zal a beaucoup de pistes et de projets. Mais il faut qu\u2019il aille au terme de chaque proc\u00e9dure, oppose l\u2019un de ses interlocuteurs. Chaque utilisation, chaque indication, m\u00eame pour un produit d\u00e9j\u00e0 approuv\u00e9, doit \u00eatre d\u00e9montr\u00e9e. C\u2019est la r\u00e8gle. On n\u2019est pas \u00e0 \u00ab\u00a0The Voice\u00a0\u00bb, quoi\u2026 \u00bb<\/p>\n<p>\u00ab Il y a aussi une dimension psychologique, ajoute une autre source. On parle tout de m\u00eame de sang de ver marin\u2026 Le principe de pr\u00e9caution est aujourd\u2019hui, pour tous les nouveaux produits, beaucoup plus pouss\u00e9\u2026 \u00bb Interrog\u00e9 par nos soins, un sp\u00e9cialiste de la recherche clinique et de l\u2019\u00e9valuation des th\u00e9rapeutiques, le Pr Dominique Mottier, jeune retrait\u00e9 du CHU de Brest, insiste : \u00ab L\u2019exigence de d\u00e9monstration scientifique doit imp\u00e9rativement \u00eatre respect\u00e9e, m\u00eame si les r\u00e9sultats isol\u00e9s sont spectaculaires et tr\u00e8s encourageants \u00bb. Impensable de passer outre apr\u00e8s les scandales du sang contamin\u00e9, <a href=\"https:\/\/www.letelegramme.fr\/france\/mediator-le-groupe-servier-condamne-a-rembourser-plus-de-415-meur-a-la-securite-sociale-6493316.php\" target=\"_blank\" rel=\"nofollow noopener\">du Mediator<\/a>, de l\u2019hydroxychloroquine pour traiter le covid, etc.<\/p>\n<p>\u00ab L\u2019\u00e9quivalent du prix Nobel ! Que faut-il de plus ?! \u00bb<\/p>\n<p>M\u00eame le professeur nantais Pierre Perrot, dont l\u2019\u00e9quipe a sauv\u00e9, avec le pansement d\u2019Hemarina (HEMhealing), le grand br\u00fbl\u00e9 de 2023 qui, \u00ab aujourd\u2019hui, va tr\u00e8s bien \u00bb,\ufeff appelle \u00e0 la mesure : \u00ab Oui, les r\u00e9sultats sont tr\u00e8s positifs et enthousiasmants avec, de surcro\u00eet, une cicatrice beaucoup plus blanche et discr\u00e8te. Mais ce patient jeune, sans facteur de risques, \u00e9tait un tr\u00e8s bon candidat \u00e0 la cicatrisation. On ne peut pas g\u00e9n\u00e9raliser avec un seul cas. Il en faut beaucoup plus. \u00bb<\/p>\n<p>L\u2019Agence nationale de s\u00e9curit\u00e9 du m\u00e9dicament (ANSM) a bien demand\u00e9 \u00e0 Hemarina de mettre en place un essai clinique, \u00ab afin de disposer de donn\u00e9es robustes sur ce m\u00e9dicament \u00bb. La startup bretonne indique la pr\u00e9parer.<\/p>\n<p>\u00c0 Morlaix, o\u00f9 est bas\u00e9e Hemarina, le maire, Jean-Paul Vermot, dit son amertume : \u00ab Le terrain pour une usine est r\u00e9serv\u00e9. Cela fait quinze ans qu\u2019on accompagne la startup, et au moment o\u00f9 le projet devient bankable, il manque la d\u00e9cision finale\u2026 Cette t\u00e9tanie de l\u2019\u00c9tat, je n\u2019arrive pas \u00e0 l\u2019expliquer. On a ici une biotech d\u2019ampleur mondiale ! Toutes les cases sont coch\u00e9es. Franck Zal a m\u00eame re\u00e7u, fin 2023, le tr\u00e8s <a href=\"https:\/\/www.letelegramme.fr\/finistere\/morlaix-29600\/la-societe-morlaisienne-hemarina-aureolee-du-prix-galien-du-dispositif-medical-pour-son-hemo2life-6499043.php\" target=\"_blank\" rel=\"nofollow noopener\">prestigieux prix Galien, d\u00e9cern\u00e9 par des sommit\u00e9s mondiales, pour son produit pour les greffes (HEMO2Life)<\/a>. C\u2019est l\u2019\u00e9quivalent du prix Nobel pour la pharmacie ! Que faut-il de plus ? ! \u00bb<\/p>\n<p class=\"note\">* Hemarina indique avoir form\u00e9 appel de la d\u00e9cision de retrait et red\u00e9pos\u00e9, en avril dernier, un dossier pour obtenir de nouveau cet indispensable agr\u00e9ment europ\u00e9en.<\/p>\n","protected":false},"excerpt":{"rendered":"Au cours de l\u2019interview alors publi\u00e9e dans nos colonnes, ce docteur en biologie marine, ancien chercheur \u00e0 la&hellip;\n","protected":false},"author":2,"featured_media":177619,"comment_status":"","ping_status":"","sticky":false,"template":"","format":"standard","meta":{"footnotes":""},"categories":[4],"tags":[11,829,33,257,3321,1011,27,2131,12,25,11837,71,41,18089],"class_list":{"0":"post-177618","1":"post","2":"type-post","3":"status-publish","4":"format-standard","5":"has-post-thumbnail","7":"category-france","8":"tag-actualites","9":"tag-bretagne","10":"tag-economie","11":"tag-entreprise","12":"tag-finistere","13":"tag-fr","14":"tag-france","15":"tag-morlaix","16":"tag-news","17":"tag-republique-francaise","18":"tag-roscoff","19":"tag-sante","20":"tag-sciences","21":"tag-selection-showcase"},"share_on_mastodon":{"url":"https:\/\/pubeurope.com\/@fr\/114685681613310613","error":""},"_links":{"self":[{"href":"https:\/\/www.europesays.com\/fr\/wp-json\/wp\/v2\/posts\/177618","targetHints":{"allow":["GET"]}}],"collection":[{"href":"https:\/\/www.europesays.com\/fr\/wp-json\/wp\/v2\/posts"}],"about":[{"href":"https:\/\/www.europesays.com\/fr\/wp-json\/wp\/v2\/types\/post"}],"author":[{"embeddable":true,"href":"https:\/\/www.europesays.com\/fr\/wp-json\/wp\/v2\/users\/2"}],"replies":[{"embeddable":true,"href":"https:\/\/www.europesays.com\/fr\/wp-json\/wp\/v2\/comments?post=177618"}],"version-history":[{"count":0,"href":"https:\/\/www.europesays.com\/fr\/wp-json\/wp\/v2\/posts\/177618\/revisions"}],"wp:featuredmedia":[{"embeddable":true,"href":"https:\/\/www.europesays.com\/fr\/wp-json\/wp\/v2\/media\/177619"}],"wp:attachment":[{"href":"https:\/\/www.europesays.com\/fr\/wp-json\/wp\/v2\/media?parent=177618"}],"wp:term":[{"taxonomy":"category","embeddable":true,"href":"https:\/\/www.europesays.com\/fr\/wp-json\/wp\/v2\/categories?post=177618"},{"taxonomy":"post_tag","embeddable":true,"href":"https:\/\/www.europesays.com\/fr\/wp-json\/wp\/v2\/tags?post=177618"}],"curies":[{"name":"wp","href":"https:\/\/api.w.org\/{rel}","templated":true}]}}