{"id":177624,"date":"2025-06-15T05:19:08","date_gmt":"2025-06-15T05:19:08","guid":{"rendered":"https:\/\/www.europesays.com\/fr\/177624\/"},"modified":"2025-06-15T05:19:08","modified_gmt":"2025-06-15T05:19:08","slug":"pronostic-ugo-humbert-denis-shapovalov-atp-halle","status":"publish","type":"post","link":"https:\/\/www.europesays.com\/fr\/177624\/","title":{"rendered":"Pronostic Ugo Humbert Denis Shapovalov &#8211; ATP Halle"},"content":{"rendered":"<p class=\"text-xs leading-5 text-gray-400 mb-2\">\n                        Publi\u00e9 le 14\/06\/2025 16:06<br \/>\n                        \u00a0par<br \/>\n                                                            <a href=\"https:\/\/www.sportytrader.com\/auteur\/leo-measson-54\/\" target=\"_blank\" rel=\"noopener\">L\u00e9o Measson<\/a><\/p>\n<p>                                                    |<br \/>\n                            Modifi\u00e9 le<br \/>\n                                14\/06\/2025<br \/>\n                                \u00e0 16:16<\/p>\n<p>                                                                                                            dans<br \/>\n                                <a data-trans=\"tips.published.sport %sport%\" href=\"https:\/\/www.sportytrader.com\/pronostics\/tennis\/\" target=\"_blank\" rel=\"noopener\"><br \/>\n                                    Pronostics Tennis<br \/>\n                                <\/a><\/p>\n<p>Le tournoi ATP 500 de Halle va d\u00e9buter cette semaine pour son \u00e9dition 2025 ! Et dans ce premier tour, ce sont le fran\u00e7ais Ugo Humbert et le canadien\u00a0Denis Shapovalov qui vont s&rsquo;affronter pour rejoindre les 8e de finale.\u00a0<\/p>\n<p>Ugo Humbert est la t\u00eate de s\u00e9rie num\u00e9ro 6 de ce tournoi. Venant tout juste de tenter sa chance dans l&rsquo;un des premiers tournois sur gazon de la saison, celui de S-Hertogenbosch, le fran\u00e7ais de 26 ans a r\u00e9ussi \u00e0 remporter ses 2 premiers tours. En effet, il n&rsquo;a perdu aucun set dans ses 2 premiers tours face \u00e0 Daniel Evans et Nuno Borges, avant de s&rsquo;incliner en demi-finale face \u00e0 Gabriel Diallo. Un parcours int\u00e9ressant pour celui qui devait enchainer \u00e0 nouveau les victoires avant le Grand Chelem de Wimbledon et qui devrait \u00e0 nouveau vouloir le faire dans ce tournoi allemand.<\/p>\n<p>Denis Shapovalov, de son c\u00f4t\u00e9, a largement moins bien r\u00e9ussi son premier match sur gazon puisqu&rsquo;il s&rsquo;est inclin\u00e9 d\u00e8s le premier tour \u00e0 Stuttgart face \u00e0 Arthur Rinderknech. Le canadien de 26 ans semble en effet en difficult\u00e9 ces derni\u00e8res semaines puisqu&rsquo;il a perdu 70% de ses 10 derniers matchs et n&rsquo;a plus r\u00e9ussi \u00e0 enchainer 2 victoires cons\u00e9cutives depuis le mois de f\u00e9vrier.\u00a0<\/p>\n","protected":false},"excerpt":{"rendered":"Publi\u00e9 le 14\/06\/2025 16:06 \u00a0par L\u00e9o Measson | Modifi\u00e9 le 14\/06\/2025 \u00e0 16:16 dans Pronostics Tennis Le tournoi&hellip;\n","protected":false},"author":2,"featured_media":177625,"comment_status":"","ping_status":"","sticky":false,"template":"","format":"standard","meta":{"footnotes":""},"categories":[1415],"tags":[31383,31382,1011,27,1817,1821,60,1467,6602],"class_list":{"0":"post-177624","1":"post","2":"type-post","3":"status-publish","4":"format-standard","5":"has-post-thumbnail","7":"category-tennis","8":"tag-atp-halle","9":"tag-denis-shapovalov","10":"tag-fr","11":"tag-france","12":"tag-pronostic","13":"tag-pronostics","14":"tag-sports","15":"tag-tennis","16":"tag-ugo-humbert"},"share_on_mastodon":{"url":"https:\/\/pubeurope.com\/@fr\/114685697271706469","error":""},"_links":{"self":[{"href":"https:\/\/www.europesays.com\/fr\/wp-json\/wp\/v2\/posts\/177624","targetHints":{"allow":["GET"]}}],"collection":[{"href":"https:\/\/www.europesays.com\/fr\/wp-json\/wp\/v2\/posts"}],"about":[{"href":"https:\/\/www.europesays.com\/fr\/wp-json\/wp\/v2\/types\/post"}],"author":[{"embeddable":true,"href":"https:\/\/www.europesays.com\/fr\/wp-json\/wp\/v2\/users\/2"}],"replies":[{"embeddable":true,"href":"https:\/\/www.europesays.com\/fr\/wp-json\/wp\/v2\/comments?post=177624"}],"version-history":[{"count":0,"href":"https:\/\/www.europesays.com\/fr\/wp-json\/wp\/v2\/posts\/177624\/revisions"}],"wp:featuredmedia":[{"embeddable":true,"href":"https:\/\/www.europesays.com\/fr\/wp-json\/wp\/v2\/media\/177625"}],"wp:attachment":[{"href":"https:\/\/www.europesays.com\/fr\/wp-json\/wp\/v2\/media?parent=177624"}],"wp:term":[{"taxonomy":"category","embeddable":true,"href":"https:\/\/www.europesays.com\/fr\/wp-json\/wp\/v2\/categories?post=177624"},{"taxonomy":"post_tag","embeddable":true,"href":"https:\/\/www.europesays.com\/fr\/wp-json\/wp\/v2\/tags?post=177624"}],"curies":[{"name":"wp","href":"https:\/\/api.w.org\/{rel}","templated":true}]}}