{"id":177626,"date":"2025-06-15T05:21:25","date_gmt":"2025-06-15T05:21:25","guid":{"rendered":"https:\/\/www.europesays.com\/fr\/177626\/"},"modified":"2025-06-15T05:21:25","modified_gmt":"2025-06-15T05:21:25","slug":"grand-prix-de-la-motogp-du-qatar-a-quelle-heure-et-sur-quelle-chaine-voir-la-course-en-direct","status":"publish","type":"post","link":"https:\/\/www.europesays.com\/fr\/177626\/","title":{"rendered":"Grand Prix de la MotoGP du Qatar : \u00e0 quelle heure et sur quelle cha\u00eene voir la course en direct ?"},"content":{"rendered":"<p class=\"paragraph text_align_left\">\u00c0 l\u2019heure actuelle, Alex Marquez est en t\u00eate du classement (87 points), avant un point d\u2019avance sur Marc Marquez. En troisi\u00e8me position, on retrouve Francesco Bagnaia, avec soixante-quinze points au compteur. Dans le reste du tableau, Johann Zarco est septi\u00e8me, avec vingt-cinq points. Son homologue Fabio Quartararo, quant \u00e0 lui, affiche seize points, \u00e0 \u00e9galit\u00e9 avec Pedro Acosta. Ce dimanche, les concurrents s\u2019affrontent sur la piste de Lusail, qui s\u2019\u00e9tend sur une longueur de 5, 38 kilom\u00e8tres. Le trac\u00e9 comporte seize virages et une ligne droite de 1 068 m\u00e8tres. Du c\u00f4t\u00e9 des statistiques, Jorge Martin est le titulaire du record du circuit, Pedro Acosta affiche le meilleur temps en course et Johann Zarco d\u00e9tient le record de vitesse de pointe. Ce week-end, c\u2019est une course nocturne \u00e0 forts enjeux qui attend l\u2019ensemble des participants. Dans ces lignes, <a href=\"https:\/\/bit.ly\/3PyYcNS\" target=\"_blank\" rel=\"sponsored nofollow noopener\">on vous dit \u00e0 quelle heure et sur quelle cha\u00eene regarder le Grand Prix\u2122 de la MotoGP\u2122 du Qatar, en direct ce dimanche soir.<\/a><\/p>\n<p>Diffusion Grand Prix\u2122 de la MotoGP\u2122 du Qatar en direct : sur quelle cha\u00eene regarder la course ?<\/p>\n<p class=\"paragraph text_align_left\"><b>Le Grand Prix\u2122 de la MotoGP\u2122 du Qatar est diffus\u00e9 ce dimanche 13 avril, <\/b><a href=\"https:\/\/bit.ly\/3PyYcNS\" target=\"_blank\" rel=\"sponsored nofollow noopener\"><b>en direct sur la cha\u00eene CANAL+.<\/b><\/a><b> Le d\u00e9part de la course est pr\u00e9vu \u00e0 19 heures, sur le circuit international de Lusail.<\/b> Les commentateurs prennent l\u2019antenne quelques minutes avant le d\u00e9but de la course, pour faire le point sur les derni\u00e8res actualit\u00e9s du championnat et pr\u00e9senter le trac\u00e9. Ils vous plongent ensuite au c\u0153ur des paddocks, d\u00e9cryptent les performances des pilotes et analysent les temps forts de la course.<\/p>\n<p class=\"paragraph text_align_left\"><b>Suivez ici la MotoGP \u2122 <\/b><a href=\"https:\/\/bit.ly\/3PyYcNS\" rel=\"sponsored nofollow noopener\" target=\"_blank\"><b>toute l\u2019ann\u00e9e avec CANAL+<\/b><\/a><\/p>\n","protected":false},"excerpt":{"rendered":"\u00c0 l\u2019heure actuelle, Alex Marquez est en t\u00eate du classement (87 points), avant un point d\u2019avance sur Marc&hellip;\n","protected":false},"author":2,"featured_media":177627,"comment_status":"","ping_status":"","sticky":false,"template":"","format":"standard","meta":{"footnotes":""},"categories":[1413],"tags":[1011,27,749,1457,1456,60,6718],"class_list":{"0":"post-177626","1":"post","2":"type-post","3":"status-publish","4":"format-standard","5":"has-post-thumbnail","7":"category-moto","8":"tag-fr","9":"tag-france","10":"tag-guide-shopping","11":"tag-moto","12":"tag-motocycle","13":"tag-sports","14":"tag-tv-streaming"},"share_on_mastodon":{"url":"https:\/\/pubeurope.com\/@fr\/114685705301313559","error":""},"_links":{"self":[{"href":"https:\/\/www.europesays.com\/fr\/wp-json\/wp\/v2\/posts\/177626","targetHints":{"allow":["GET"]}}],"collection":[{"href":"https:\/\/www.europesays.com\/fr\/wp-json\/wp\/v2\/posts"}],"about":[{"href":"https:\/\/www.europesays.com\/fr\/wp-json\/wp\/v2\/types\/post"}],"author":[{"embeddable":true,"href":"https:\/\/www.europesays.com\/fr\/wp-json\/wp\/v2\/users\/2"}],"replies":[{"embeddable":true,"href":"https:\/\/www.europesays.com\/fr\/wp-json\/wp\/v2\/comments?post=177626"}],"version-history":[{"count":0,"href":"https:\/\/www.europesays.com\/fr\/wp-json\/wp\/v2\/posts\/177626\/revisions"}],"wp:featuredmedia":[{"embeddable":true,"href":"https:\/\/www.europesays.com\/fr\/wp-json\/wp\/v2\/media\/177627"}],"wp:attachment":[{"href":"https:\/\/www.europesays.com\/fr\/wp-json\/wp\/v2\/media?parent=177626"}],"wp:term":[{"taxonomy":"category","embeddable":true,"href":"https:\/\/www.europesays.com\/fr\/wp-json\/wp\/v2\/categories?post=177626"},{"taxonomy":"post_tag","embeddable":true,"href":"https:\/\/www.europesays.com\/fr\/wp-json\/wp\/v2\/tags?post=177626"}],"curies":[{"name":"wp","href":"https:\/\/api.w.org\/{rel}","templated":true}]}}