{"id":177630,"date":"2025-06-15T05:23:09","date_gmt":"2025-06-15T05:23:09","guid":{"rendered":"https:\/\/www.europesays.com\/fr\/177630\/"},"modified":"2025-06-15T05:23:09","modified_gmt":"2025-06-15T05:23:09","slug":"a-85-ans-alain-lazare-est-une-legende-de-son-sport-en-gironde","status":"publish","type":"post","link":"https:\/\/www.europesays.com\/fr\/177630\/","title":{"rendered":"\u00e0 85 ans, Alain Lazare est une l\u00e9gende de son sport en Gironde"},"content":{"rendered":"<p>            Par<br \/>\n        <strong><br \/>\n            <a href=\"https:\/\/actu.fr\/auteur\/redaction-republicainlangon\" title=\"Consulter tous les articles de R\u00e9daction Le R\u00e9publicain Langon\" target=\"_blank\" rel=\"noopener\">R\u00e9daction Le R\u00e9publicain Langon<\/a><br \/>\n        <\/strong><\/p>\n<p>        Publi\u00e9 le<\/p>\n<p>            14 juin 2025 \u00e0 20h02        <\/p>\n<p>\u00ab\u00a0La t\u00eate commande toujours mais les jambes ne suivent plus malgr\u00e9 toute ma bonne volont\u00e9.\u00a0\u00bb \u00c0 85 ans, Alain Lazare <b>a toujours la socquette l\u00e9g\u00e8re<\/b>. Mais il s\u2019est fait une raison. Apr\u00e8s des d\u00e9cennies \u00e0 p\u00e9daler sur bitume, l\u2019ancien sapeur-pompier a particip\u00e9, pour la derni\u00e8re fois, au <b>championnat de France de cyclisme sur route des sapeurs-pompiers<\/b>, \u00e0 <a href=\"https:\/\/actu.fr\/nouvelle-aquitaine\/sauternes_33504\" target=\"_blank\" rel=\"noopener\">Sauternes<\/a>. La fin d\u2019une belle aventure\u2026 Et \u00e0 domicile, de surcro\u00eet, car Alain Lazare vit dans un village \u00e0 proximit\u00e9, <a href=\"https:\/\/actu.fr\/nouvelle-aquitaine\/gironde-sur-dropt_33187\" target=\"_blank\" rel=\"noopener\">Gironde-sur-Dropt<\/a>. <b>\u00c9motions garanties <\/b>pour ce grand sportif ayant vu le jour le 21 mars 1940.<\/p>\n<p class=\" wall-content\">L\u2019ancien menuisier, \u00e9galement ancien combattant de la Guerre en Alg\u00e9rie pendant 28 mois, est rentr\u00e9 par le sport aux pompiers de Bordeaux. Avec un seul regret :<\/p>\n<blockquote class=\"ac-article-quote wall-content\">\n<p>J\u2019\u00e9tais trop petit pour rentrer aux pompiers de Paris parce qu\u2019il fallait mesurer 1,60 cm et que je mesurais 1m59 !<\/p>\n<p>Alain Lazare<\/p><\/blockquote>\n<p class=\" wall-content\">Pompier professionnel retrait\u00e9 <b>apr\u00e8s 38 ans de carri\u00e8re<\/b>, Alain Lazare a toujours eu une activit\u00e9 physique r\u00e9guli\u00e8re. Coureur \u00e0 pied, s\u00e9lectionn\u00e9 \u00e0 11 reprises aux championnats nationaux de cross-country, trois fois champion d\u2019Aquitaine de cross-country FF1. \u00ab\u00a0Chez les pompiers on vous apprend \u00e0 courir !\u00a0\u00bb<\/p>\n<p>De nombreux sacres pour celui qui \u00ab\u00a0en chiait comme un Polonais\u00a0\u00bb (sic)<\/p>\n<p class=\" wall-content\">En 1991, celui qui avoue qu\u2019il \u00ab\u00a0ne connaissait rien du cyclisme\u00a0\u00bb d\u00e9couvre <b>le cyclocross puis de la course sur route<\/b> apr\u00e8s une hernie discale. Oblig\u00e9 de pratiquer la natation et le dos crawl\u00e9 pour \u00e9viter l\u2019op\u00e9ration, il prend go\u00fbt au cyclisme.<\/p>\n<p class=\" wall-content\">\u00ab\u00a0Je ne connaissais rien du cyclisme, <a href=\"https:\/\/actu.fr\/nouvelle-aquitaine\/langon_33227\/lazare-attend-son-heure_13714959.html\" target=\"_blank\" rel=\"noopener\">confiait-il au R\u00e9publicain Sud-Gironde, en f\u00e9vrier 2015<\/a>. J\u2019allais sur le bord des routes avec mon v\u00e9lo loisir, voir les courses. Je demandais aux organisateurs si je pouvais suivre le peloton. Souvent, ils me laissaient tant que je restais derri\u00e8re et que je ne g\u00eanais pas le d\u00e9roulement de l\u2019\u00e9preuve. Mais j\u2019en chiais comme un Polonais ! (sic)\u00ab\u00a0<\/p>\n<p>Vid\u00e9os : en ce moment sur Actu<\/p>\n<p class=\" wall-content\">Licenci\u00e9 au cyclocross avec le club de Mons\u00e9gur, il prend ensuite une licence \u00e0 l\u2019Union Cycliste du R\u00e9olais et enchaine les bons r\u00e9sultats : <b>deux titres de champion du monde VTT <\/b>et contre-la-montre (2002 en Espagne et 2003 en Italie) et de nombreux titres de champion de France chez les pompiers r\u00e9gionaux et d\u00e9partementaux.<\/p>\n<p>Un nouveau challenge en ligne de mire<\/p>\n<p class=\" wall-content\">Mais notre champion ne compte pas s\u2019arr\u00eater. Celui qui a \u00e9t\u00e9 \u00e9lu \u00e0 la mairie de Gironde-sur-Dropt jusqu\u2019en 2020 s\u2019est trouv\u00e9 <b>un nouveau d\u00e9fi<\/b> : \u00ab\u00a0J\u2019ai d\u00e9cid\u00e9 de me consacrer aux comp\u00e9titions r\u00e9serv\u00e9es aux anciens \u00e9lus !\u00a0\u00bb<\/p>\n<p class=\" wall-content\">Suivez toute l\u2019actualit\u00e9 de vos villes et m\u00e9dias favoris en vous inscrivant \u00e0 <a href=\"https:\/\/moncompte.actu.fr\" title=\"D\u00e9couvez Mon Actu\" rel=\"nofollow noopener\" data-trk=\"{&quot;cta&quot;:{&quot;action&quot;:&quot;https:\\\/\\\/moncompte.actu.fr&quot;,&quot;category&quot;:&quot;mon compte&quot;,&quot;from&quot;:&quot;article footer&quot;,&quot;name&quot;:&quot;Mon actu&quot;,&quot;type&quot;:&quot;cta&quot;}}\" target=\"_blank\">Mon Actu<\/a>.<\/p>\n","protected":false},"excerpt":{"rendered":"Par R\u00e9daction Le R\u00e9publicain Langon Publi\u00e9 le 14 juin 2025 \u00e0 20h02 \u00ab\u00a0La t\u00eate commande toujours mais les&hellip;\n","protected":false},"author":2,"featured_media":177631,"comment_status":"","ping_status":"","sticky":false,"template":"","format":"standard","meta":{"footnotes":""},"categories":[1411],"tags":[1154,207,1011,27,9026,3552,60],"class_list":{"0":"post-177630","1":"post","2":"type-post","3":"status-publish","4":"format-standard","5":"has-post-thumbnail","7":"category-cyclisme","8":"tag-cycling","9":"tag-cyclisme","10":"tag-fr","11":"tag-france","12":"tag-portrait","13":"tag-seniors","14":"tag-sports"},"share_on_mastodon":{"url":"https:\/\/pubeurope.com\/@fr\/114685713003496217","error":""},"_links":{"self":[{"href":"https:\/\/www.europesays.com\/fr\/wp-json\/wp\/v2\/posts\/177630","targetHints":{"allow":["GET"]}}],"collection":[{"href":"https:\/\/www.europesays.com\/fr\/wp-json\/wp\/v2\/posts"}],"about":[{"href":"https:\/\/www.europesays.com\/fr\/wp-json\/wp\/v2\/types\/post"}],"author":[{"embeddable":true,"href":"https:\/\/www.europesays.com\/fr\/wp-json\/wp\/v2\/users\/2"}],"replies":[{"embeddable":true,"href":"https:\/\/www.europesays.com\/fr\/wp-json\/wp\/v2\/comments?post=177630"}],"version-history":[{"count":0,"href":"https:\/\/www.europesays.com\/fr\/wp-json\/wp\/v2\/posts\/177630\/revisions"}],"wp:featuredmedia":[{"embeddable":true,"href":"https:\/\/www.europesays.com\/fr\/wp-json\/wp\/v2\/media\/177631"}],"wp:attachment":[{"href":"https:\/\/www.europesays.com\/fr\/wp-json\/wp\/v2\/media?parent=177630"}],"wp:term":[{"taxonomy":"category","embeddable":true,"href":"https:\/\/www.europesays.com\/fr\/wp-json\/wp\/v2\/categories?post=177630"},{"taxonomy":"post_tag","embeddable":true,"href":"https:\/\/www.europesays.com\/fr\/wp-json\/wp\/v2\/tags?post=177630"}],"curies":[{"name":"wp","href":"https:\/\/api.w.org\/{rel}","templated":true}]}}