{"id":177634,"date":"2025-06-15T05:25:10","date_gmt":"2025-06-15T05:25:10","guid":{"rendered":"https:\/\/www.europesays.com\/fr\/177634\/"},"modified":"2025-06-15T05:25:10","modified_gmt":"2025-06-15T05:25:10","slug":"corinne-touzet-seffondre-en-annoncant-la-mort-de-son-chien-il-ma-attendue","status":"publish","type":"post","link":"https:\/\/www.europesays.com\/fr\/177634\/","title":{"rendered":"Corinne Touzet s\u2019effondre en annon\u00e7ant la mort de son chien : \u00ab\u00a0Il m\u2019a attendue\u00a0\u00bb"},"content":{"rendered":"<p>Ce samedi 14 juin, dans C l&rsquo;hebdo, <strong>Aur\u00e9lie Casse proposait une sp\u00e9ciale animaux de compagnie<\/strong>. En plateau, la journaliste, pressentie pour pr\u00e9senter le 20h de France 2 <a href=\"https:\/\/vsd.fr\/81211-anne-sophie-lapix-cest-fini-et-cest-officiel\/\" target=\"_blank\" rel=\"noopener\">en remplacement d&rsquo;Anne-Sophie Lapix \u00e0 la rentr\u00e9e<\/a>, recevait l&rsquo;humoriste Rapha\u00ebl Mezrahi, la com\u00e9dienne Corinne Touzet ou encore des sp\u00e9cialistes comme la docteure en \u00e9thologie Sarah Jeannin, la biologiste Emmanuelle Pouydebat et le v\u00e9t\u00e9rinaire Jean-No\u00ebl Rieffel.<\/p>\n<p>En plateau, <strong>Corinne Touzet a livr\u00e9 un t\u00e9moignage bouleversant<\/strong> sur l&rsquo;amour inconditionnel qu&rsquo;elle porte \u00e0 ses animaux de compagnie. Propri\u00e9taire pendant longtemps de trois labradors, l&rsquo;ex-h\u00e9ro\u00efne d&rsquo;Une femme d&rsquo;honneur, qui <a href=\"https:\/\/www.public.fr\/corinne-touzet-son-retour-surprise-sur-tf1-quinze-ans-apres-une-femme-dhonneur\" target=\"_blank\" rel=\"noopener\">sera bient\u00f4t \u00e0 retrouver dans Demain nous appartient<\/a>, a d\u00fb faire face \u00e0 la mort de l&rsquo;un d&rsquo;entre eux. <strong>Un deuil terrible, qu&rsquo;elle peine \u00e0 surmonter<\/strong>, comme le t\u00e9moigne l&rsquo;\u00e9motion tr\u00e8s forte qui l&rsquo;a submerg\u00e9e en plateau&#8230;<\/p>\n<p>La rage de vivre malgr\u00e9 le cancer<\/p>\n<p><strong>\u00ab\u00a0Mon labrador que j&rsquo;ai gard\u00e9 14 ans est parti d&rsquo;un cancer g\u00e9n\u00e9ralis\u00e9\u00a0\u00bb <\/strong>a d\u00e9but\u00e9, d\u00e9j\u00e0 \u00e9mue, Corinne Touzet. La com\u00e9dienne a poursuivi en indiquant que son labrador \u00e9tait \u00ab\u00a0malade depuis longtemps\u00a0\u00bb et que les tumeurs avaient fini par envahir progressivement tout le corps\u2026 Malgr\u00e9 la maladie qui avan\u00e7ait, et la mort qui approchait, son labrador a gard\u00e9 <strong>une rage de vivre jusqu&rsquo;au bout<\/strong> : \u00ab\u00a0Il vivait dans la campagne, donc comme tous les labradors, il a tout le temps, jusqu&rsquo;au bout, jou\u00e9, fait la f\u00eate\u2026\u00a0\u00bb<\/p>\n<p>Terrifi\u00e9e par l&rsquo;id\u00e9e que son chien s&rsquo;en aille sans qu&rsquo;elle ne soit \u00e0 ses c\u00f4t\u00e9s, Corinne Touzet a pu compter sur <a href=\"https:\/\/www.public.fr\/corinne-touzet-elle-pleure-son-regrette-papa\" target=\"_blank\" rel=\"noopener\">le p\u00e8re de ses enfants<\/a>. Ce dernier a remarqu\u00e9 une attitude diff\u00e9rente du labrador, qui laissait supposer qu&rsquo;il \u00e9tait en train de partir. <strong>Mais le labrador n&rsquo;avait pas choisi un endroit au hasard<\/strong>&#8230; Son chien s&rsquo;est couch\u00e9 \u00e0 l&rsquo;endroit o\u00f9 Corinne Touzet garait sa voiture, comme un endroit id\u00e9al pour mourir, proche de sa ma\u00eetresse.<\/p>\n<p>Corinne Touzet le pressentait&#8230;<\/p>\n<p>\u00ab\u00a0Je tournais \u00e0 30 kilom\u00e8tres de la maison, et je me d\u00e9p\u00eachais de rentrer. <strong>Le matin de ce jour-l\u00e0, je me suis dit : Il va partir aujourd&rsquo;hui<\/strong>. Mais c&rsquo;est parce qu&rsquo;on avait pass\u00e9 tant d&rsquo;ann\u00e9es ensemble, qu&rsquo;on se parlait sans avoir besoin de mettre des mots dessus. Et ce jour-l\u00e0, je pars avec cette id\u00e9e-l\u00e0. Le papa de ma fille qui gardait la petite et les chiens, parce que nous en avions trois, m&rsquo;appelle : Il faudrait que tu reviennes parce que je pense que t&rsquo;attends. <strong>Effectivement, il m&rsquo;attendait, \u00e0 l&rsquo;endroit o\u00f9 je garais ma voiture, tous les jours dans la cour, devant la maison. Il est mort une heure apr\u00e8s<\/strong>\u00a0\u00bb a d\u00e9clar\u00e9, tr\u00e8s \u00e9mue et bouleversante, Corinne Touzet.<\/p>\n<p>\u00ab\u00a0Ce jour-l\u00e0, il attendait sa maman\u00a0\u00bb pour mourir<\/p>\n<p>Pour la com\u00e9dienne, les animaux ont forc\u00e9ment des \u00e9motions, et savent tr\u00e8s bien attendre leurs ma\u00eetres en allant au-del\u00e0 de leurs douleurs pour partir \u00e0 leurs c\u00f4t\u00e9s&#8230; \u00ab\u00a0Je pense sinc\u00e8rement que d&rsquo;abord, bien s\u00fbr qu&rsquo;ils savent qu&rsquo;ils vont partir, et que surtout, <strong>ils peuvent tenir longtemps en se concentrant tr\u00e8s fort, en voulant quelque chose tr\u00e8s fort<\/strong>, ils peuvent tenir longtemps par amour. En l&rsquo;occurrence, ils nous aiment tellement, qu&rsquo;on fait partie de la vie. <strong>Ce jour-l\u00e0, il attendait sa maman<\/strong> entre guillemets, pour s&rsquo;en aller. Et c&rsquo;est merveilleux\u00a0\u00bb a ainsi conclu la com\u00e9dienne. Public vous propose de revoir cette jolie s\u00e9quence.<\/p>\n<blockquote class=\"twitter-tweet\">\n<p>\u00ab Mon angoisse, c\u2019\u00e9tait de ne pas \u00eatre l\u00e0 quand il allait partir. Il m\u2019a attendue. Ils savent quand ils vont partir et ils peuvent tenir longtemps par amour. \u00bb<\/p>\n<p>Corinne Touzet \u00e9voque avec \u00e9motion la mort de son labrador, compagnon de route pendant 14 ans, ce soir dans <a href=\"https:\/\/twitter.com\/hashtag\/CLHebdo?src=hash&amp;ref_src=twsrc%5Etfw\" target=\"_blank\" rel=\"noopener\">#CLHebdo<\/a>. <a href=\"https:\/\/t.co\/zCKi5UgmZ2\">pic.twitter.com\/zCKi5UgmZ2<\/a><\/p>\n<p>\u2014 C l\u2019hebdo (@clhebdo5) <a href=\"https:\/\/twitter.com\/clhebdo5\/status\/1933830894244040817?ref_src=twsrc%5Etfw\" target=\"_blank\" rel=\"noopener\">June 14, 2025<\/a><\/p><\/blockquote>\n<p>      Mentionn\u00e9s dans cet article<\/p>\n<p>\u00c0 lire aussi<\/p>\n<p><script async src=\"https:\/\/platform.twitter.com\/widgets.js\" charset=\"utf-8\"><\/script><\/p>\n","protected":false},"excerpt":{"rendered":"Ce samedi 14 juin, dans C l&rsquo;hebdo, Aur\u00e9lie Casse proposait une sp\u00e9ciale animaux de compagnie. En plateau, la&hellip;\n","protected":false},"author":2,"featured_media":177635,"comment_status":"","ping_status":"","sticky":false,"template":"","format":"standard","meta":{"footnotes":""},"categories":[1359],"tags":[17709,20291,4850,31384,58,19816,59,1011,27,4467,18,973],"class_list":{"0":"post-177634","1":"post","2":"type-post","3":"status-publish","4":"format-standard","5":"has-post-thumbnail","7":"category-people","8":"tag-animal-de-compagnie","9":"tag-c-lhebdo","10":"tag-chien","11":"tag-corinne-touzet","12":"tag-divertissement","13":"tag-emotion","14":"tag-entertainment","15":"tag-fr","16":"tag-france","17":"tag-france-5","18":"tag-mort","19":"tag-people"},"share_on_mastodon":{"url":"https:\/\/pubeurope.com\/@fr\/114685720868738343","error":""},"_links":{"self":[{"href":"https:\/\/www.europesays.com\/fr\/wp-json\/wp\/v2\/posts\/177634","targetHints":{"allow":["GET"]}}],"collection":[{"href":"https:\/\/www.europesays.com\/fr\/wp-json\/wp\/v2\/posts"}],"about":[{"href":"https:\/\/www.europesays.com\/fr\/wp-json\/wp\/v2\/types\/post"}],"author":[{"embeddable":true,"href":"https:\/\/www.europesays.com\/fr\/wp-json\/wp\/v2\/users\/2"}],"replies":[{"embeddable":true,"href":"https:\/\/www.europesays.com\/fr\/wp-json\/wp\/v2\/comments?post=177634"}],"version-history":[{"count":0,"href":"https:\/\/www.europesays.com\/fr\/wp-json\/wp\/v2\/posts\/177634\/revisions"}],"wp:featuredmedia":[{"embeddable":true,"href":"https:\/\/www.europesays.com\/fr\/wp-json\/wp\/v2\/media\/177635"}],"wp:attachment":[{"href":"https:\/\/www.europesays.com\/fr\/wp-json\/wp\/v2\/media?parent=177634"}],"wp:term":[{"taxonomy":"category","embeddable":true,"href":"https:\/\/www.europesays.com\/fr\/wp-json\/wp\/v2\/categories?post=177634"},{"taxonomy":"post_tag","embeddable":true,"href":"https:\/\/www.europesays.com\/fr\/wp-json\/wp\/v2\/tags?post=177634"}],"curies":[{"name":"wp","href":"https:\/\/api.w.org\/{rel}","templated":true}]}}