{"id":177640,"date":"2025-06-15T05:28:25","date_gmt":"2025-06-15T05:28:25","guid":{"rendered":"https:\/\/www.europesays.com\/fr\/177640\/"},"modified":"2025-06-15T05:28:25","modified_gmt":"2025-06-15T05:28:25","slug":"si-vous-ne-vous-remettez-pas-de-cette-mort-cruelle-on-a-une-bonne-nouvelle","status":"publish","type":"post","link":"https:\/\/www.europesays.com\/fr\/177640\/","title":{"rendered":"Si vous ne vous remettez pas de cette mort cruelle, on a une bonne nouvelle"},"content":{"rendered":"<p>Alors que la s\u00e9rie 9-1-1 : Lone Star a tir\u00e9 sa r\u00e9v\u00e9rence sur une fin poignante mais pleine d\u2019espoir, une surprise pourrait bien ravir les fans d\u2019Owen Strand. <\/p>\n<p>Depuis 2018, <a href=\"https:\/\/www.programme-tv.net\/news\/series-tv\/378539-9-1-1-mort-d-un-heros-emblematique-depart-d-un-pompier-ce-qui-vous-attend-dans-la-saison-8-inedite-qui-debute-ce-mardi-13-mai-2025-sur-m6\/\" data-api-deeplink=\"teleloisirs:\/\/news\/378539\" rel=\"nofollow noopener\" target=\"_blank\">9-1-1<\/a> fait les beaux jours de Fox, puis d\u2019ABC qui a repris la diffusion aux \u00c9tats-Unis. \u00c0 la suite de tr\u00e8s bonnes audiences qui ne faiblissent pas, la cha\u00eene a renouvel\u00e9 la s\u00e9rie pour une saison 9. Dans le m\u00eame temps, un spin-off avait \u00e9t\u00e9 lanc\u00e9 en 2019 par les co-cr\u00e9ateurs du show original, <a href=\"https:\/\/www.programme-tv.net\/biographie\/6014-murphy-ryan\/\" data-link-people=\"e867c4c3-9150-4b5a-bdfb-bfc2dd1ba1d7\" rel=\"nofollow noopener\" target=\"_blank\">Ryan Murphy<\/a>, <a href=\"https:\/\/www.programme-tv.net\/biographie\/78806-falchuk-brad\/\" data-link-people=\"36516dd1-c364-4a6d-8e0f-6d3dd6889821\" rel=\"nofollow noopener\" target=\"_blank\">Brad Falchuk<\/a> et Tim Minear. Dans cette s\u00e9rie d\u00e9riv\u00e9e, intitul\u00e9e <a href=\"https:\/\/www.programme-tv.net\/news\/series-tv\/342842-9-1-1-lone-star-y-aura-t-il-une-saison-5\/\" data-api-deeplink=\"teleloisirs:\/\/news\/342842\" rel=\"nofollow noopener\" target=\"_blank\">9-1-1 : Lone Star<\/a>, le public a pu suivre les aventures d\u2019Owen Strand, un pompier new-yorkais chevronn\u00e9 qui, avec son fils, quitte Manhattan pour s\u2019installer \u00e0 Austin, au Texas. Le capitaine de la caserne 126\u00a0doit alors jongler entre ses missions de sauvetage aupr\u00e8s de personnes en d\u00e9tresse et les d\u00e9fis de sa propre vie.<\/p>\n<p><b>9-1-1 : Lone Star<\/b><b> termin\u00e9e, quel futur pour Owen Strand ?<\/b><\/p>\n<p>Les spectateurs se sont plong\u00e9s avec passion dans le quotidien du protagoniste, interpr\u00e9t\u00e9 par Rob Lowe, pendant cinq saisons. La derni\u00e8re en date, disponible depuis le 27 novembre 2024 sur <a href=\"https:\/\/www.disneyplus.com\/fr-fr\" rel=\"nofollow noopener\" target=\"_blank\">Disney+<\/a>, a fait ses adieux en f\u00e9vrier dernier au grand dam des fans. Le final s\u2019achevait n\u00e9anmoins sur une note positive avec la survie in extremis du personnage principal, gravement bless\u00e9 apr\u00e8s avoir sauv\u00e9 la ville d\u2019Austin d\u2019une disparition certaine. En effet, le showrunner Rashad Raisani avait tout d\u2019abord eu l\u2019intention de faire mourir son h\u00e9ros. Avant de finalement juger que \u00ab\u00a0le simple fait que la s\u00e9rie se termine \u00e9tait d\u00e9j\u00e0 un coup dur suffisant\u00a0\u00bb, a-t-il confi\u00e9 \u00e0 <a href=\"https:\/\/tvline.com\/lists\/911-lone-star-series-finale-ending-explained\/tommy-cancer\/\" rel=\"nofollow noopener\" target=\"_blank\">TV Line<\/a>\u00a0: \u00ab\u00a0Alors je voulais juste laisser aux gens un sentiment de joie et l\u2019id\u00e9e que la vie continue\u00a0\u00bb, poursuivait-il.<\/p>\n<p>                        <b>Le destin de Rob Lowe est d\u00e9sormais entre les mains de son fr\u00e8re Chad<\/b><\/p>\n<p>Cependant, Owen Strand pourrait bien rena\u00eetre de ses cendres. En tout cas, c\u2019est le souhait de celui qui l\u2019incarne. Rob Lowe a r\u00e9cemment \u00e9voqu\u00e9 un possible retour du personnage dans un nouveau spin-off de la s\u00e9rie qui est en pr\u00e9paration. Nomm\u00e9e 9-1-1: Nashville, elle devrait d\u00e9barquer en 2026 sur ABC et sera dirig\u00e9e et co-produite par Chad Lowe, le fr\u00e8re du com\u00e9dien. \u00ab\u00a0Je vais devoir demander \u00e0 mon fr\u00e8re\u00a0\u00bb, a-t-il dit au m\u00e9dia <a href=\"https:\/\/decider.com\/2025\/06\/11\/rob-lowe-911-nashville-return-owen-strand-brot%20her-chad-lowe-ep\/\" rel=\"nofollow noopener\" target=\"_blank\">Decider<\/a>. Et de plaisanter : \u00ab\u00a0Vous voyez, maintenant toute ma famille est gardienne de mon avenir professionnel.\u00a0\u00bb Avant de conclure : \u00ab\u00a0J\u2019attends simplement que mon t\u00e9l\u00e9phone sonne\u00a0\u00bb. Son appel sera-t-il entendu ? Affaire \u00e0 suivre.<\/p>\n<p>Article \u00e9crit en collaboration avec 6M\u00e9dias<\/p>\n","protected":false},"excerpt":{"rendered":"Alors que la s\u00e9rie 9-1-1 : Lone Star a tir\u00e9 sa r\u00e9v\u00e9rence sur une fin poignante mais pleine&hellip;\n","protected":false},"author":2,"featured_media":177641,"comment_status":"","ping_status":"","sticky":false,"template":"","format":"standard","meta":{"footnotes":""},"categories":[1356],"tags":[31385,31387,244,58,59,1011,27,494,31386,5389,252,1364],"class_list":{"0":"post-177640","1":"post","2":"type-post","3":"status-publish","4":"format-standard","5":"has-post-thumbnail","7":"category-television","8":"tag-9-1-1","9":"tag-9-1-1-lone-star","10":"tag-commentaire","11":"tag-divertissement","12":"tag-entertainment","13":"tag-fr","14":"tag-france","15":"tag-m6","16":"tag-rob-lowe","17":"tag-su00e9rie","18":"tag-television","19":"tag-tv"},"share_on_mastodon":{"url":"https:\/\/pubeurope.com\/@fr\/114685732744895665","error":""},"_links":{"self":[{"href":"https:\/\/www.europesays.com\/fr\/wp-json\/wp\/v2\/posts\/177640","targetHints":{"allow":["GET"]}}],"collection":[{"href":"https:\/\/www.europesays.com\/fr\/wp-json\/wp\/v2\/posts"}],"about":[{"href":"https:\/\/www.europesays.com\/fr\/wp-json\/wp\/v2\/types\/post"}],"author":[{"embeddable":true,"href":"https:\/\/www.europesays.com\/fr\/wp-json\/wp\/v2\/users\/2"}],"replies":[{"embeddable":true,"href":"https:\/\/www.europesays.com\/fr\/wp-json\/wp\/v2\/comments?post=177640"}],"version-history":[{"count":0,"href":"https:\/\/www.europesays.com\/fr\/wp-json\/wp\/v2\/posts\/177640\/revisions"}],"wp:featuredmedia":[{"embeddable":true,"href":"https:\/\/www.europesays.com\/fr\/wp-json\/wp\/v2\/media\/177641"}],"wp:attachment":[{"href":"https:\/\/www.europesays.com\/fr\/wp-json\/wp\/v2\/media?parent=177640"}],"wp:term":[{"taxonomy":"category","embeddable":true,"href":"https:\/\/www.europesays.com\/fr\/wp-json\/wp\/v2\/categories?post=177640"},{"taxonomy":"post_tag","embeddable":true,"href":"https:\/\/www.europesays.com\/fr\/wp-json\/wp\/v2\/tags?post=177640"}],"curies":[{"name":"wp","href":"https:\/\/api.w.org\/{rel}","templated":true}]}}