{"id":177655,"date":"2025-06-15T05:38:10","date_gmt":"2025-06-15T05:38:10","guid":{"rendered":"https:\/\/www.europesays.com\/fr\/177655\/"},"modified":"2025-06-15T05:38:10","modified_gmt":"2025-06-15T05:38:10","slug":"des-tirs-font-un-blesse-grave-lors-dune-manifestation-contre-donald-trump","status":"publish","type":"post","link":"https:\/\/www.europesays.com\/fr\/177655\/","title":{"rendered":"Des tirs font un bless\u00e9 grave lors d\u2019une manifestation contre Donald Trump"},"content":{"rendered":"<p>La violence par les armes a encore frapp\u00e9 aux <a href=\"https:\/\/www.20minutes.fr\/monde\/etats-unis\/\" target=\"_blank\" class=\"color-ultramarine c-link\" rel=\"noopener\">Etats-Unis<\/a>. Lors d\u2019une manifestation samedi \u00e0 Salt Lake City, des tirs ont fait un bless\u00e9 grave, a indiqu\u00e9 la police. Les m\u00e9dias locaux lient ces \u00e9v\u00e9nements aux protestations organis\u00e9es dans tout le pays contre la politique de <a href=\"https:\/\/www.20minutes.fr\/dossier\/donald_trump\" target=\"_blank\" class=\"color-ultramarine c-link\" rel=\"noopener\">Donald Trump<\/a>.<\/p>\n<\/p>\n<p>\u00ab\u00a0Nous pouvons confirmer que les tirs ont fait un bless\u00e9 grave. Le patient a \u00e9t\u00e9 transport\u00e9 \u00e0 l\u2019h\u00f4pital avec des blessures potentiellement mortelles\u00a0\u00bb, a d\u00e9clar\u00e9 la police de Salt Lake City sur les r\u00e9seaux sociaux, pr\u00e9cisant qu\u2019une personne avait \u00e9t\u00e9 interpell\u00e9e.<\/p>\n<p>Plus d\u2019informations \u00e0 venir sur 20 Minutes\u2026\/\u2026<\/p>\n","protected":false},"excerpt":{"rendered":"La violence par les armes a encore frapp\u00e9 aux Etats-Unis. Lors d\u2019une manifestation samedi \u00e0 Salt Lake City,&hellip;\n","protected":false},"author":2,"featured_media":177656,"comment_status":"","ping_status":"","sticky":false,"template":"","format":"standard","meta":{"footnotes":""},"categories":[2],"tags":[47,11,75,73,1011,27,3832,74,12,133],"class_list":{"0":"post-177655","1":"post","2":"type-post","3":"status-publish","4":"format-standard","5":"has-post-thumbnail","7":"category-actualites","8":"tag-actualite","9":"tag-actualites","10":"tag-donald-trump","11":"tag-etats-unis","12":"tag-fr","13":"tag-france","14":"tag-fusillade","15":"tag-monde","16":"tag-news","17":"tag-video"},"share_on_mastodon":{"url":"https:\/\/pubeurope.com\/@fr\/114685772055069466","error":""},"_links":{"self":[{"href":"https:\/\/www.europesays.com\/fr\/wp-json\/wp\/v2\/posts\/177655","targetHints":{"allow":["GET"]}}],"collection":[{"href":"https:\/\/www.europesays.com\/fr\/wp-json\/wp\/v2\/posts"}],"about":[{"href":"https:\/\/www.europesays.com\/fr\/wp-json\/wp\/v2\/types\/post"}],"author":[{"embeddable":true,"href":"https:\/\/www.europesays.com\/fr\/wp-json\/wp\/v2\/users\/2"}],"replies":[{"embeddable":true,"href":"https:\/\/www.europesays.com\/fr\/wp-json\/wp\/v2\/comments?post=177655"}],"version-history":[{"count":0,"href":"https:\/\/www.europesays.com\/fr\/wp-json\/wp\/v2\/posts\/177655\/revisions"}],"wp:featuredmedia":[{"embeddable":true,"href":"https:\/\/www.europesays.com\/fr\/wp-json\/wp\/v2\/media\/177656"}],"wp:attachment":[{"href":"https:\/\/www.europesays.com\/fr\/wp-json\/wp\/v2\/media?parent=177655"}],"wp:term":[{"taxonomy":"category","embeddable":true,"href":"https:\/\/www.europesays.com\/fr\/wp-json\/wp\/v2\/categories?post=177655"},{"taxonomy":"post_tag","embeddable":true,"href":"https:\/\/www.europesays.com\/fr\/wp-json\/wp\/v2\/tags?post=177655"}],"curies":[{"name":"wp","href":"https:\/\/api.w.org\/{rel}","templated":true}]}}