{"id":177659,"date":"2025-06-15T05:40:18","date_gmt":"2025-06-15T05:40:18","guid":{"rendered":"https:\/\/www.europesays.com\/fr\/177659\/"},"modified":"2025-06-15T05:40:18","modified_gmt":"2025-06-15T05:40:18","slug":"deux-adolescents-de-14-et-15-ans-se-noient-dans-la-loire-2","status":"publish","type":"post","link":"https:\/\/www.europesays.com\/fr\/177659\/","title":{"rendered":"Deux adolescents de 14 et 15 ans se noient dans la Loire"},"content":{"rendered":"<p class=\"fig-paragraph\">Deux adolescents de 14 et 15 ans sont morts\u00a0<a href=\"http:\/\/www.lefigaro.fr\/actualite-france\/plus-de-1200-noyades-sont-survenues-en-france-durant-l-ete-2024-forte-hausse-aux-periodes-les-plus-chaudes-20250522\" data-fig-type=\"NewsFlash\" data-gtm-custom-categorie=\"navigation\" data-gtm-custom-action=\"crossclick\" data-gtm-custom-label=\"Contextuel\" data-gtm-event=\"customEventSPE\" data-fig-domain=\"LEFIGARO\" target=\"_blank\" rel=\"noopener\">noy\u00e9s<\/a>\u00a0samedi dans une zone sauvage des bords de Loire interdite \u00e0 la baignade, pr\u00e8s de Saint-Etienne (Loire), a appris l\u2019AFP aupr\u00e8s de la pr\u00e9fecture et du maire de la ville.<\/p>\n<p class=\"fig-paragraph\">Les deux adolescents faisaient partie d&rsquo;un groupe d&rsquo;une quinzaine de gar\u00e7ons, selon la pr\u00e9fecture de la Loire, venus se baigner pr\u00e8s de la commune d&rsquo;Unieux, dans une zone isol\u00e9e, \u00e9loign\u00e9e d&rsquo;une base nautique, et alors que la r\u00e9gion connaissait de fortes chaleurs.<\/p>\n<p class=\"fig-paragraph\">L&rsquo;une des deux victimes a p\u00e9ri en tentant de \u00abvenir au secours\u00bb de la premi\u00e8re, qui peinait \u00e0 \u00abregagner la rive\u00bb apr\u00e8s avoir \u00abplong\u00e9 depuis un rocher\u00bb, a indiqu\u00e9 \u00e0 l&rsquo;AFP le maire de Saint-Etienne Ga\u00ebl Perdriau, confirmant une information du quotidien Le Progr\u00e8s.<\/p>\n<p class=\"fig-paragraph\">Les corps deux adolescents ont \u00e9t\u00e9 rep\u00each\u00e9s \u00e0 sept et dix m\u00e8tres de profondeur par les sapeurs-pompiers appel\u00e9s par les jeunes. L&rsquo;un n&rsquo;a pas pu \u00eatre ranim\u00e9 sur place, le second est d\u00e9c\u00e9d\u00e9 lors de son transfert vers l&rsquo;h\u00e9licopt\u00e8re du Samu, selon l&rsquo;\u00e9lu, qui s&rsquo;est rendu sur place.<\/p>\n<p class=\"fig-paragraph\">\u00abCe drame suscite une tr\u00e8s forte \u00e9motion et rappelle, en cette p\u00e9riode de fortes chaleurs propices \u00e0 la baignade, que celle-ci comporte des risques et n\u00e9cessite d&rsquo;adopter les bons r\u00e9flexes pour les pr\u00e9venir\u00bb, a rappel\u00e9 sur X le pr\u00e9fet de la Loire. Une cellule psychologique a \u00e9t\u00e9 mise en place par le CHU de Saint-Etienne<\/p>\n","protected":false},"excerpt":{"rendered":"Deux adolescents de 14 et 15 ans sont morts\u00a0noy\u00e9s\u00a0samedi dans une zone sauvage des bords de Loire interdite&hellip;\n","protected":false},"author":2,"featured_media":177660,"comment_status":"","ping_status":"","sticky":false,"template":"","format":"standard","meta":{"footnotes":""},"categories":[9653],"tags":[1111,47,11,2430,1109,1112,1777,674,118,1108,107,1106,1107,1011,27,1110,1114,14,3367,12,1113,7781,316,25,4001],"class_list":{"0":"post-177659","1":"post","2":"type-post","3":"status-publish","4":"format-standard","5":"has-post-thumbnail","7":"category-saint-etienne","8":"tag-actu","9":"tag-actualite","10":"tag-actualites","11":"tag-auvergne-rhone-alpes","12":"tag-breves","13":"tag-depeches","14":"tag-eu","15":"tag-europe","16":"tag-faits-divers","17":"tag-fil","18":"tag-fil-info","19":"tag-flash","20":"tag-flash-actu","21":"tag-fr","22":"tag-france","23":"tag-informations","24":"tag-infos","25":"tag-international","26":"tag-loire","27":"tag-news","28":"tag-nouvelles","29":"tag-noyade","30":"tag-politique","31":"tag-republique-francaise","32":"tag-saint-etienne"},"share_on_mastodon":{"url":"https:\/\/pubeurope.com\/@fr\/114685779827898803","error":""},"_links":{"self":[{"href":"https:\/\/www.europesays.com\/fr\/wp-json\/wp\/v2\/posts\/177659","targetHints":{"allow":["GET"]}}],"collection":[{"href":"https:\/\/www.europesays.com\/fr\/wp-json\/wp\/v2\/posts"}],"about":[{"href":"https:\/\/www.europesays.com\/fr\/wp-json\/wp\/v2\/types\/post"}],"author":[{"embeddable":true,"href":"https:\/\/www.europesays.com\/fr\/wp-json\/wp\/v2\/users\/2"}],"replies":[{"embeddable":true,"href":"https:\/\/www.europesays.com\/fr\/wp-json\/wp\/v2\/comments?post=177659"}],"version-history":[{"count":0,"href":"https:\/\/www.europesays.com\/fr\/wp-json\/wp\/v2\/posts\/177659\/revisions"}],"wp:featuredmedia":[{"embeddable":true,"href":"https:\/\/www.europesays.com\/fr\/wp-json\/wp\/v2\/media\/177660"}],"wp:attachment":[{"href":"https:\/\/www.europesays.com\/fr\/wp-json\/wp\/v2\/media?parent=177659"}],"wp:term":[{"taxonomy":"category","embeddable":true,"href":"https:\/\/www.europesays.com\/fr\/wp-json\/wp\/v2\/categories?post=177659"},{"taxonomy":"post_tag","embeddable":true,"href":"https:\/\/www.europesays.com\/fr\/wp-json\/wp\/v2\/tags?post=177659"}],"curies":[{"name":"wp","href":"https:\/\/api.w.org\/{rel}","templated":true}]}}