{"id":177662,"date":"2025-06-15T05:42:13","date_gmt":"2025-06-15T05:42:13","guid":{"rendered":"https:\/\/www.europesays.com\/fr\/177662\/"},"modified":"2025-06-15T05:42:13","modified_gmt":"2025-06-15T05:42:13","slug":"decouvrez-les-artistes-programmes-pour-cette-edition-2025","status":"publish","type":"post","link":"https:\/\/www.europesays.com\/fr\/177662\/","title":{"rendered":"d\u00e9couvrez les artistes programm\u00e9s pour cette \u00e9dition 2025"},"content":{"rendered":"<p>            Par<br \/>\n        <strong><br \/>\n            <a href=\"https:\/\/actu.fr\/auteur\/pierre-emile-bouchy-actu-fr\" title=\"Consulter tous les articles de Paul-Emile Bouchy\" rel=\"nofollow noopener\" target=\"_blank\">Paul-Emile Bouchy<\/a><br \/>\n        <\/strong><\/p>\n<p>        Publi\u00e9 le<\/p>\n<p>            15 juin 2025 \u00e0 7h02        <\/p>\n<p>Cet automne, le festival <strong>Nancy Jazz Pulsations<\/strong> sera de retour dans la cit\u00e9 ducale pour tous les amateurs de <a href=\"https:\/\/actu.fr\/tag\/musique\" rel=\"nofollow noopener\" target=\"_blank\">musique<\/a>. Cette 52\u1d49 \u00e9dition aura lieu du 4 au 18 octobre 2025.<\/p>\n<p class=\" wall-content\">On vous pr\u00e9sente la programmation compl\u00e8te de cette 52\u1d49 \u00e9dition.<\/p>\n<p>La programmation 2025 du Nancy Jazz Pulsations<\/p>\n<p class=\" wall-content\">Une nouvelle fois, le festival se tiendra dans plusieurs lieux de <a href=\"https:\/\/actu.fr\/grand-est\/nancy_54395\" rel=\"nofollow noopener\" target=\"_blank\">Nancy<\/a> : la salle Poirel, la Manufacture, l\u2019Autre Canal et bien entendu sous le chapiteau du <a href=\"https:\/\/actu.fr\/tag\/parc-de-la-pepiniere\" rel=\"nofollow noopener\" target=\"_blank\">parc de la P\u00e9pini\u00e8re<\/a>.<\/p>\n<p class=\" wall-content\">Voici la programmation :<\/p>\n<ul class=\" wall-content\">\n<li>mercredi 8 octobre : <strong>Sophye Soliveau, Rhodo Scott Lady Quartet<\/strong>\u00a0\u00e0 partir de 20h \u00e0 la salle Poirel<\/li>\n<li>jeudi 9 octobre : <strong>Chilly Gonzales<\/strong> \u00e0 19h et cin\u00e9-concert <strong>Whiplash<\/strong> \u00e0 22h30 au chapiteau ;\u00a0 <strong>Salif Keita, Ganavya<\/strong> \u00e0 partir de 20h \u00e0 la salle Poirel<\/li>\n<li>vendredi 10 octobre : <strong>Delvon Lamarr Organ Trio, The Brooks, Dabeull Live Band<\/strong> \u00e0 partir de 20h au chapiteau ; <strong>Stella Cole, Kareen Guiock Thuram<\/strong> \u00e0 partir de 20h \u00e0 la salle Poirel<\/li>\n<li>\u00a0samedi 11 octobre : <strong>Billie, Dali, Oxmo Puccino<\/strong> \u00e0 partir de 20h au chapiteau ; <strong>Mathieu Boogaerts, Voyou<\/strong> \u00e0 partir de 20h \u00e0 la salle Poirel ; <strong>Camille Doe, Roni B2B Olympe4000, Cassius B2B Tatyana Jane, Labat<\/strong> \u00e0 partir de 22h \u00e0 l\u2019Autre Canal<\/li>\n<li>lundi 13 octobre : <strong>Gildaa, Solann, Ad\u00e8le Castillon<\/strong> \u00e0 partir de 20h au chapiteau ; <strong>Jeanne Michard Latin Quintet, Antonio Lizana<\/strong> \u00e0 partir de 20h \u00e0 la Manufacture<\/li>\n<li>mardi 14 octobre : <strong>Kas Product, The Liminanas, Morcheeba<\/strong> \u00e0 partir de 20h au chapiteau ;<strong> Lash &amp; Grey, Guillaume Poncelet<\/strong> \u00e0 partir de 20h \u00e0 la Manufacture ; <strong>Avishai Cohen Trio<\/strong> \u00e0 20h30 \u00e0 l\u2019op\u00e9ra<\/li>\n<li>mercredi 15 octobre : <strong>Dee Dee Bridgwater<\/strong> \u00e0 20h30 \u00e0 l\u2019op\u00e9ra ; <strong>Imperial Triumphant, Master Boot Record, Igorrr<\/strong> \u00e0 partir de 20h \u00e0 l\u2019Autre Canal ; <strong>Asinine, Jungle Jack, Mairo, Jolagreen23<\/strong> \u00e0 partir de 20h au chapiteau ; <strong>Third Stream, Emile Parisien Quartet<\/strong> \u00e0 partir de 20h \u00e0 la Manufacture<\/li>\n<li>jeudi 16 octobre : <strong>Uto, Myd, Mezerg<\/strong> \u00e0 partir de 20h au chapiteau ; <strong>Pansch Weiss &amp; Jimmy Hoffmann Quartet, Les Doigts de l\u2019Homme<\/strong> \u00e0 partir de 20h \u00e0 la Manufacture<\/li>\n<li>vendredi 17 octobre : <strong>Clinton Fearon, Queen Omega, Groundation<\/strong> \u00e0 partir de 20h au chapiteau ; <strong>Enji, Tyreek McDole<\/strong> \u00e0 partir de 20h \u00e0 la Manufacture<\/li>\n<li>samedi 18 octobre : <strong>Gallowstreet, Fanfare Ciocarlia, Deluxe<\/strong> \u00e0 partir de 20h au chapiteau ;<strong> Persuasive, Theo Croker<\/strong> \u00e0 partir de 20h \u00e0 la Manufacture.<\/li>\n<\/ul>\n<p>Vid\u00e9os : en ce moment sur Actu<\/p>\n<p class=\" wall-content\">\u00c0 noter que les soir\u00e9es au chapiteau (hormis le 13 octobre) seront suivies du Magic \u00e0 partir de minuit pour continuer \u00e0 danser et faire la f\u00eate avec de nombreux artistes.<\/p>\n<p class=\" wall-content\">Suivez toute l\u2019actualit\u00e9 de vos villes et m\u00e9dias favoris en vous inscrivant \u00e0 <a href=\"https:\/\/moncompte.actu.fr\" title=\"D\u00e9couvez Mon Actu\" rel=\"nofollow noopener\" data-trk=\"{&quot;cta&quot;:{&quot;action&quot;:&quot;https:\\\/\\\/moncompte.actu.fr&quot;,&quot;category&quot;:&quot;mon compte&quot;,&quot;from&quot;:&quot;article footer&quot;,&quot;name&quot;:&quot;Mon actu&quot;,&quot;type&quot;:&quot;cta&quot;}}\" target=\"_blank\">Mon Actu<\/a>.<\/p>\n","protected":false},"excerpt":{"rendered":"Par Paul-Emile Bouchy Publi\u00e9 le 15 juin 2025 \u00e0 7h02 Cet automne, le festival Nancy Jazz Pulsations sera&hellip;\n","protected":false},"author":2,"featured_media":177663,"comment_status":"","ping_status":"","sticky":false,"template":"","format":"standard","meta":{"footnotes":""},"categories":[9635],"tags":[1111,11,1697,1777,674,1011,27,775,1652,873,1702,12,25,853],"class_list":{"0":"post-177662","1":"post","2":"type-post","3":"status-publish","4":"format-standard","5":"has-post-thumbnail","7":"category-nancy","8":"tag-actu","9":"tag-actualites","10":"tag-concert","11":"tag-eu","12":"tag-europe","13":"tag-fr","14":"tag-france","15":"tag-grand-est","16":"tag-loisirs-culture","17":"tag-musique","18":"tag-nancy","19":"tag-news","20":"tag-republique-francaise","21":"tag-spectacles"},"share_on_mastodon":{"url":"https:\/\/pubeurope.com\/@fr\/114685787721095852","error":""},"_links":{"self":[{"href":"https:\/\/www.europesays.com\/fr\/wp-json\/wp\/v2\/posts\/177662","targetHints":{"allow":["GET"]}}],"collection":[{"href":"https:\/\/www.europesays.com\/fr\/wp-json\/wp\/v2\/posts"}],"about":[{"href":"https:\/\/www.europesays.com\/fr\/wp-json\/wp\/v2\/types\/post"}],"author":[{"embeddable":true,"href":"https:\/\/www.europesays.com\/fr\/wp-json\/wp\/v2\/users\/2"}],"replies":[{"embeddable":true,"href":"https:\/\/www.europesays.com\/fr\/wp-json\/wp\/v2\/comments?post=177662"}],"version-history":[{"count":0,"href":"https:\/\/www.europesays.com\/fr\/wp-json\/wp\/v2\/posts\/177662\/revisions"}],"wp:featuredmedia":[{"embeddable":true,"href":"https:\/\/www.europesays.com\/fr\/wp-json\/wp\/v2\/media\/177663"}],"wp:attachment":[{"href":"https:\/\/www.europesays.com\/fr\/wp-json\/wp\/v2\/media?parent=177662"}],"wp:term":[{"taxonomy":"category","embeddable":true,"href":"https:\/\/www.europesays.com\/fr\/wp-json\/wp\/v2\/categories?post=177662"},{"taxonomy":"post_tag","embeddable":true,"href":"https:\/\/www.europesays.com\/fr\/wp-json\/wp\/v2\/tags?post=177662"}],"curies":[{"name":"wp","href":"https:\/\/api.w.org\/{rel}","templated":true}]}}