{"id":177664,"date":"2025-06-15T05:43:12","date_gmt":"2025-06-15T05:43:12","guid":{"rendered":"https:\/\/www.europesays.com\/fr\/177664\/"},"modified":"2025-06-15T05:43:12","modified_gmt":"2025-06-15T05:43:12","slug":"les-rockeurs-du-coeur-de-la-seyne-se-lancent-dans-un-defi-velo-de-1-000-km-direction-nantes","status":"publish","type":"post","link":"https:\/\/www.europesays.com\/fr\/177664\/","title":{"rendered":"Les \u00ab\u00a0Rockeurs du c\u0153ur\u00a0\u00bb de La Seyne se lancent dans un d\u00e9fi v\u00e9lo de 1.000 km direction Nantes"},"content":{"rendered":"<p>Ce dimanche matin est jour de grand d\u00e9part et de grand d\u00e9fi pour Martial Fenoui, Olivier Comte et David Gervais, fondateurs des Rockeurs ont du c\u0153ur Var. Un challenge pour ces trois rockeurs au grand c\u0153ur qui, \u00e0 v\u00e9lo, partent de La Seyne pour rallier, en diagonale, Nantes, ville fondatrice du mouvement caritatif d\u00e9di\u00e9 aux enfants en difficult\u00e9.<\/p>\n<p>\u00ab\u00a0Nous avons mis en place ce p\u00e9riple sportif dans le cadre de nos 10 ans d\u2019existence, ici dans le Var. C\u2019est parti de l\u2019id\u00e9e d\u2019inviter \u00e0 notre 10 \u00e9dition, cet automne, les membres fondateurs des Rockeurs, n\u00e9s en 1988 \u00e0 Nantes. Puis, pourquoi pas, leur apporter nous-m\u00eames l\u2019invitation en mains propres, et en profiter pour nous faire conna\u00eetre \u00e0 travers les contr\u00e9es fran\u00e7aises, tout en collectant quelques dons sous forme de cagnotte, toujours au profit de notre festival pour les enfants dans le besoin\u00a0\u00bb, expliquent les courageux sportifs.<\/p>\n<p><strong>1.050 kilom\u00e8tres en 7 jours<\/strong><\/p>\n<p>Au programme, 1.050 kilom\u00e8tres pour 12.000m de d\u00e9nivel\u00e9, \u00e0 parcourir en sept jours. Top d\u00e9part ce dimanche 15 juin \u00e0 9h, devant le casino Joa, et arriv\u00e9e estim\u00e9e le 21 juin, \u00e0 la mairie de Pont-Saint-Martin (44).<\/p>\n<p>\u00ab\u00a0Nous sommes cyclistes amateurs, mais r\u00e9guliers, nous avons effectu\u00e9 une pr\u00e9paration plus soutenue ces deux derniers mois. Entre 200 et 500 kilom\u00e8tres par semaine. Ce que nous redoutons le plus, c\u2019est la pluie et le vent&#8230; Normalement, \u00e7a devrait \u00eatre bon pour cette semaine. Ce qui reste inconnu pour nous, est l\u2019encha\u00eenement des \u00e9tapes, c\u2019est un rythme que l\u2019on ne conna\u00eet pas encore. Le mental va jouer un r\u00f4le d\u00e9terminant\u00a0\u00bb.<\/p>\n<p>Dix \u00e0 douze heures par jour riv\u00e9s sur leurs v\u00e9los de route en carbone, sous la chaleur estivale, attendent les sportifs. Mais ils seront rejoints \u00e0 Limoges par les Rockeurs ont du c\u0153ur de la r\u00e9gion, et ceux de Nantes, \u00e0 l\u2019arriv\u00e9e. De quoi trouver un second souffle!<\/p>\n<p>Pour rappel, chaque ann\u00e9e, gr\u00e2ce \u00e0 la g\u00e9n\u00e9rosit\u00e9 du public, 1500 \u00e0 2000 jouets et cadeaux sont remis \u00e0 des enfants malades ou d\u00e9favoris\u00e9s, par une vingtaine d\u2019associations partenaires des Rockeurs. Pour son dixi\u00e8me anniversaire, l\u2019\u00e9dition de cette ann\u00e9e promet d\u2019\u00eatre encore plus g\u00e9n\u00e9reuse, tant sur la sc\u00e8ne que dans le public.<\/p>\n<p><strong>Cagnotte en ligne<\/strong><\/p>\n<p>Film\u00e9 quotidiennement durant toute cette semaine de d\u00e9fi par leur cameraman Fred Sautron, leur p\u00e9riple sera visible sur les r\u00e9seaux sociaux \u00e0: Les Rockeurs Ont du C\u0153ur &#8211; Var.<\/p>\n<p>Et pour d\u00e9poser votre \u00ab\u00a0goutte d\u2019huile\u00a0\u00bb sur la cha\u00eene de la solidarit\u00e9, vous pouvez faire un don (1 euro = 1km) sur:<\/p>\n<p><a href=\"https:\/\/www.helloasso.com\/associations\/les-rockeurs-ont-du-c-ur-var\/.\" target=\"_blank\" rel=\"noopener nofollow\">https:\/\/www.helloasso.com\/associations\/les-rockeurs-ont-du-c-ur-var\/.<\/a><\/p>\n<p>\u00a0<\/p>\n","protected":false},"excerpt":{"rendered":"Ce dimanche matin est jour de grand d\u00e9part et de grand d\u00e9fi pour Martial Fenoui, Olivier Comte et&hellip;\n","protected":false},"author":2,"featured_media":177665,"comment_status":"","ping_status":"","sticky":false,"template":"","format":"standard","meta":{"footnotes":""},"categories":[9619],"tags":[1111,11,1777,674,1011,27,12,882,25,2310,3366],"class_list":{"0":"post-177664","1":"post","2":"type-post","3":"status-publish","4":"format-standard","5":"has-post-thumbnail","7":"category-toulon","8":"tag-actu","9":"tag-actualites","10":"tag-eu","11":"tag-europe","12":"tag-fr","13":"tag-france","14":"tag-news","15":"tag-provence-alpes-cote-dazur","16":"tag-republique-francaise","17":"tag-toulon","18":"tag-vie-locale"},"share_on_mastodon":{"url":"https:\/\/pubeurope.com\/@fr\/114685791672486541","error":""},"_links":{"self":[{"href":"https:\/\/www.europesays.com\/fr\/wp-json\/wp\/v2\/posts\/177664","targetHints":{"allow":["GET"]}}],"collection":[{"href":"https:\/\/www.europesays.com\/fr\/wp-json\/wp\/v2\/posts"}],"about":[{"href":"https:\/\/www.europesays.com\/fr\/wp-json\/wp\/v2\/types\/post"}],"author":[{"embeddable":true,"href":"https:\/\/www.europesays.com\/fr\/wp-json\/wp\/v2\/users\/2"}],"replies":[{"embeddable":true,"href":"https:\/\/www.europesays.com\/fr\/wp-json\/wp\/v2\/comments?post=177664"}],"version-history":[{"count":0,"href":"https:\/\/www.europesays.com\/fr\/wp-json\/wp\/v2\/posts\/177664\/revisions"}],"wp:featuredmedia":[{"embeddable":true,"href":"https:\/\/www.europesays.com\/fr\/wp-json\/wp\/v2\/media\/177665"}],"wp:attachment":[{"href":"https:\/\/www.europesays.com\/fr\/wp-json\/wp\/v2\/media?parent=177664"}],"wp:term":[{"taxonomy":"category","embeddable":true,"href":"https:\/\/www.europesays.com\/fr\/wp-json\/wp\/v2\/categories?post=177664"},{"taxonomy":"post_tag","embeddable":true,"href":"https:\/\/www.europesays.com\/fr\/wp-json\/wp\/v2\/tags?post=177664"}],"curies":[{"name":"wp","href":"https:\/\/api.w.org\/{rel}","templated":true}]}}