{"id":177674,"date":"2025-06-15T05:50:08","date_gmt":"2025-06-15T05:50:08","guid":{"rendered":"https:\/\/www.europesays.com\/fr\/177674\/"},"modified":"2025-06-15T05:50:08","modified_gmt":"2025-06-15T05:50:08","slug":"grenoble-de-nouveaux-tarifs-reduits-proposes-dans-ces-parkings-trop-vides-voici-ou","status":"publish","type":"post","link":"https:\/\/www.europesays.com\/fr\/177674\/","title":{"rendered":"Grenoble. De nouveaux tarifs r\u00e9duits propos\u00e9s dans ces parkings \u00ab\u00a0trop vides\u00a0\u00bb : voici o\u00f9"},"content":{"rendered":"<p>            Par<br \/>\n        <strong><br \/>\n            <a href=\"https:\/\/actu.fr\/auteur\/julien-sournies\" title=\"Consulter tous les articles de Julien Sournies\" target=\"_blank\" rel=\"noopener\">Julien Sournies<\/a><br \/>\n        <\/strong><\/p>\n<p>        Publi\u00e9 le<\/p>\n<p>            15 juin 2025 \u00e0 7h02        <\/p>\n<p>C\u2019est un sujet sensible depuis plusieurs ann\u00e9es \u00e0 <a href=\"https:\/\/actu.fr\/grenoble\/\" target=\"_blank\" rel=\"noopener\">Grenoble<\/a> (<a href=\"https:\/\/actu.fr\/auvergne-rhone-alpes\/isere_38\" target=\"_blank\" rel=\"noopener\">Is\u00e8re<\/a>). Alors que de nombreux commer\u00e7ants et habitants se plaignent r\u00e9guli\u00e8rement d\u2019un criant manque de places de stationnement dans la capitale des Alpes, Grenoble-Alpes M\u00e9tropole a r\u00e9cemment dress\u00e9 le constat inverse. Selon les informations d\u2019actu.fr, les all\u00e9es de <a href=\"https:\/\/actu.fr\/auvergne-rhone-alpes\/grenoble_38185\/grenoble-des-parkings-vides-malgre-les-besoins-de-stationnement-il-y-a-du-potentiel_62716649.html\" target=\"_blank\" rel=\"noopener\">plusieurs parkings publics de la ville<\/a> resteraient en effet d\u00e9sesp\u00e9r\u00e9ment vides.<br \/>Pour pallier cette probl\u00e9matique, la M\u00e9tropole propose prochainement un <strong>tarif largement r\u00e9duit<\/strong> aux usagers de deux parkings de la ville.<\/p>\n<p>Un demi-tarif deux fois par semaine le soir<\/p>\n<p class=\" wall-content\">D\u00e8s ce lundi 16\u00a0juin 2025, il sera en effet possible de profiter d\u2019un<strong> demi-tarif<\/strong> (-50\u2009%) au sein des parkings<strong> Hoche-centre<\/strong> et <strong>Sainte-Claire les Halles<\/strong>, tous les deux situ\u00e9s \u00e0 cinq petites minutes du centre. \u00c0 certaines conditions toutefois.<\/p>\n<p class=\" wall-content\">En effet, ce tarif sp\u00e9cial sera disponible uniquement les <strong>mercredis<\/strong> et <strong>vendredis<\/strong>, d\u00e8s <strong>16\u00a0heures<\/strong>. Une exp\u00e9rimentation qui va se d\u00e9rouler pendant<strong> 6\u00a0mois<\/strong>, soit jusqu\u2019au 1\u1d49\u02b3 d\u00e9cembre\u00a02025, souligne Grenoble-Alpes M\u00e9tropole.<\/p>\n<blockquote class=\"ac-article-quote wall-content\">\n<p>En plus de mettre votre v\u00e9hicule \u00e0 l&rsquo;abri, vous pouvez b\u00e9n\u00e9ficier de bornes de recharges \u00e9lectriques et de garages \u00e0 v\u00e9lo.<\/p>\n<p>    <strong>Grenoble-Alpes M\u00e9tropole<\/strong>\n            <\/p><\/blockquote>\n<p>Le demi-tarif \u00ab\u2009soir\u00e9e\u2009\u00bb s\u2019applique toujours aux autres parkings<\/p>\n<p class=\" wall-content\">Sur le reste des parkings publics (sauf Vaucanson), qui sont au nombre de 21 \u00e0 ce jour, la M\u00e9tropole grenobloise rappelle par ailleurs que le demi-tarif \u00ab\u2009soir\u00e9e\u2009\u00bb continue de s\u2019appliquer de 19h \u00e0 7h du matin \u00ab\u2009pour faciliter chacun de vos d\u00e9placements en soir\u00e9e\u2009\u00bb.<\/p>\n<p class=\" wall-content\">\u00c0 noter que sur son site internet <a href=\"https:\/\/www.effia.com\/parking\/parking-grenoble-hoche-centre-park-grenoble-alpes-metropole\" target=\"_blank\" rel=\"noopener\">Effia<\/a>, l\u2019exploitant des parkings grenoblois, tarife l\u2019heure de stationnement \u00e0 <strong>2,20\u00a0\u20ac<\/strong> au sein du parking Hoche-centre, contre <strong>2,40\u00a0\u20ac<\/strong> \u00e0 celui de Sainte-Claire les Halles.<\/p>\n<p class=\" wall-content\">Suivez toute l\u2019actualit\u00e9 de vos villes et m\u00e9dias favoris en vous inscrivant \u00e0 <a href=\"https:\/\/moncompte.actu.fr\" title=\"D\u00e9couvez Mon Actu\" rel=\"nofollow noopener\" data-trk=\"{&quot;cta&quot;:{&quot;action&quot;:&quot;https:\\\/\\\/moncompte.actu.fr&quot;,&quot;category&quot;:&quot;mon compte&quot;,&quot;from&quot;:&quot;article footer&quot;,&quot;name&quot;:&quot;Mon actu&quot;,&quot;type&quot;:&quot;cta&quot;}}\" target=\"_blank\">Mon Actu<\/a>.<\/p>\n","protected":false},"excerpt":{"rendered":"Par Julien Sournies Publi\u00e9 le 15 juin 2025 \u00e0 7h02 C\u2019est un sujet sensible depuis plusieurs ann\u00e9es \u00e0&hellip;\n","protected":false},"author":2,"featured_media":177675,"comment_status":"","ping_status":"","sticky":false,"template":"","format":"standard","meta":{"footnotes":""},"categories":[9566],"tags":[1111,11,2430,3542,1777,674,1011,27,2731,19692,12,25,104,6173],"class_list":{"0":"post-177674","1":"post","2":"type-post","3":"status-publish","4":"format-standard","5":"has-post-thumbnail","7":"category-grenoble","8":"tag-actu","9":"tag-actualites","10":"tag-auvergne-rhone-alpes","11":"tag-circulation","12":"tag-eu","13":"tag-europe","14":"tag-fr","15":"tag-france","16":"tag-grenoble","17":"tag-grenoble-alpes-metropole","18":"tag-news","19":"tag-republique-francaise","20":"tag-societe","21":"tag-stationnement"},"share_on_mastodon":{"url":"https:\/\/pubeurope.com\/@fr\/114685819324509191","error":""},"_links":{"self":[{"href":"https:\/\/www.europesays.com\/fr\/wp-json\/wp\/v2\/posts\/177674","targetHints":{"allow":["GET"]}}],"collection":[{"href":"https:\/\/www.europesays.com\/fr\/wp-json\/wp\/v2\/posts"}],"about":[{"href":"https:\/\/www.europesays.com\/fr\/wp-json\/wp\/v2\/types\/post"}],"author":[{"embeddable":true,"href":"https:\/\/www.europesays.com\/fr\/wp-json\/wp\/v2\/users\/2"}],"replies":[{"embeddable":true,"href":"https:\/\/www.europesays.com\/fr\/wp-json\/wp\/v2\/comments?post=177674"}],"version-history":[{"count":0,"href":"https:\/\/www.europesays.com\/fr\/wp-json\/wp\/v2\/posts\/177674\/revisions"}],"wp:featuredmedia":[{"embeddable":true,"href":"https:\/\/www.europesays.com\/fr\/wp-json\/wp\/v2\/media\/177675"}],"wp:attachment":[{"href":"https:\/\/www.europesays.com\/fr\/wp-json\/wp\/v2\/media?parent=177674"}],"wp:term":[{"taxonomy":"category","embeddable":true,"href":"https:\/\/www.europesays.com\/fr\/wp-json\/wp\/v2\/categories?post=177674"},{"taxonomy":"post_tag","embeddable":true,"href":"https:\/\/www.europesays.com\/fr\/wp-json\/wp\/v2\/tags?post=177674"}],"curies":[{"name":"wp","href":"https:\/\/api.w.org\/{rel}","templated":true}]}}