{"id":177676,"date":"2025-06-15T05:51:13","date_gmt":"2025-06-15T05:51:13","guid":{"rendered":"https:\/\/www.europesays.com\/fr\/177676\/"},"modified":"2025-06-15T05:51:13","modified_gmt":"2025-06-15T05:51:13","slug":"pas-de-biathlon-mais-du-rugby-quand-julia-simon-supporte-le-fcg-a-grenoble-sports-infos-ski","status":"publish","type":"post","link":"https:\/\/www.europesays.com\/fr\/177676\/","title":{"rendered":"Pas de biathlon mais du rugby, quand Julia Simon supporte le FCG \u00e0 Grenoble &#8211; Sports Infos &#8211; Ski"},"content":{"rendered":"<p>&#8230;<\/p>\n<p><strong>Julia Simon fan de rugby<\/strong><\/p>\n<p>Plusieurs fois par ann\u00e9e, quand son agenda le lui permet, le biathl\u00e8te Savoyarde aime faire le d\u00e9placement au Stade des Alpes de Grenoble, pour encourager le FCG, \u00e9quipe qui a remport\u00e9 la saison r\u00e9guli\u00e8re en Pro D2.<\/p>\n<p>Samedi, Julia Simon avait fait le d\u00e9placement pour assister au choc entre<strong><a href=\"https:\/\/www.ski-nordique.net\/rugby-perpignan-arrache-son-maintien-face-aux-valeureux-grenoblois.6721770-616492.html\" target=\"_blank\" rel=\"noopener\"> Grenoble et Perpignan<\/a><\/strong>. Un duel de la plus haute importance car une victoire de Grenoble aurait \u00e9t\u00e9 synonyme d&rsquo;accession dans le Top 14.<\/p>\n<p>Pouss\u00e9s par un stade en fusion, les joueurs de Grenoble ont tout tent\u00e9, mais ce sont les Catalans qui l&#8217;emporteront finalement 13\/11, au terme d&rsquo;un match \u00e9touffant.<\/p>\n<p><strong><a href=\"https:\/\/www.ski-nordique.net\/julia-simon.621686.fr.html\" target=\"_blank\" rel=\"noopener\">Retrouvez toute l&rsquo;ann\u00e9e l&rsquo;actualit\u00e9 de Julia Simon ICI<\/a><\/strong><\/p>\n<p><img decoding=\"async\" alt=\"Julia Simon au Stade des Alpes\" src=\"https:\/\/www.europesays.com\/fr\/wp-content\/uploads\/2025\/06\/SIMON+RUGBY.jpg\" style=\"width: 400px; height: 579px;\"\/><\/p>\n","protected":false},"excerpt":{"rendered":"&#8230; Julia Simon fan de rugby Plusieurs fois par ann\u00e9e, quand son agenda le lui permet, le biathl\u00e8te&hellip;\n","protected":false},"author":2,"featured_media":177677,"comment_status":"","ping_status":"","sticky":false,"template":"","format":"standard","meta":{"footnotes":""},"categories":[9566],"tags":[1111,11,7733,15324,2430,2045,1446,8485,1777,674,1011,27,2731,12699,955,74,31389,12,471,3285,25,3982,2858,933,31390],"class_list":{"0":"post-177676","1":"post","2":"type-post","3":"status-publish","4":"format-standard","5":"has-post-thumbnail","7":"category-grenoble","8":"tag-actu","9":"tag-actualites","10":"tag-alpes","11":"tag-assister","12":"tag-auvergne-rhone-alpes","13":"tag-championne","14":"tag-dans","15":"tag-etait","16":"tag-eu","17":"tag-europe","18":"tag-fr","19":"tag-france","20":"tag-grenoble","21":"tag-important","22":"tag-match","23":"tag-monde","24":"tag-multiple","25":"tag-news","26":"tag-pour","27":"tag-presente","28":"tag-republique-francaise","29":"tag-samedi","30":"tag-stade","31":"tag-tres","32":"tag-tribunes"},"share_on_mastodon":{"url":"https:\/\/pubeurope.com\/@fr\/114685823155974822","error":""},"_links":{"self":[{"href":"https:\/\/www.europesays.com\/fr\/wp-json\/wp\/v2\/posts\/177676","targetHints":{"allow":["GET"]}}],"collection":[{"href":"https:\/\/www.europesays.com\/fr\/wp-json\/wp\/v2\/posts"}],"about":[{"href":"https:\/\/www.europesays.com\/fr\/wp-json\/wp\/v2\/types\/post"}],"author":[{"embeddable":true,"href":"https:\/\/www.europesays.com\/fr\/wp-json\/wp\/v2\/users\/2"}],"replies":[{"embeddable":true,"href":"https:\/\/www.europesays.com\/fr\/wp-json\/wp\/v2\/comments?post=177676"}],"version-history":[{"count":0,"href":"https:\/\/www.europesays.com\/fr\/wp-json\/wp\/v2\/posts\/177676\/revisions"}],"wp:featuredmedia":[{"embeddable":true,"href":"https:\/\/www.europesays.com\/fr\/wp-json\/wp\/v2\/media\/177677"}],"wp:attachment":[{"href":"https:\/\/www.europesays.com\/fr\/wp-json\/wp\/v2\/media?parent=177676"}],"wp:term":[{"taxonomy":"category","embeddable":true,"href":"https:\/\/www.europesays.com\/fr\/wp-json\/wp\/v2\/categories?post=177676"},{"taxonomy":"post_tag","embeddable":true,"href":"https:\/\/www.europesays.com\/fr\/wp-json\/wp\/v2\/tags?post=177676"}],"curies":[{"name":"wp","href":"https:\/\/api.w.org\/{rel}","templated":true}]}}