{"id":177678,"date":"2025-06-15T05:52:11","date_gmt":"2025-06-15T05:52:11","guid":{"rendered":"https:\/\/www.europesays.com\/fr\/177678\/"},"modified":"2025-06-15T05:52:11","modified_gmt":"2025-06-15T05:52:11","slug":"y-a-rien-a-attendre-du-deal-contre-le-trafic-de-stup-chez-les-jeunes-rennes-lance-une-campagne-de-com","status":"publish","type":"post","link":"https:\/\/www.europesays.com\/fr\/177678\/","title":{"rendered":"\u00ab\u00a0Y a rien \u00e0 attendre du deal\u00a0\u00bb. Contre le trafic de stup&rsquo; chez les jeunes, Rennes lance une campagne de com&rsquo;"},"content":{"rendered":"<p>            Par<br \/>\n        <strong><br \/>\n            <a href=\"https:\/\/actu.fr\/auteur\/laurene-fertin\" title=\"Consulter tous les articles de Laur\u00e8ne Fertin\" rel=\"nofollow noopener\" target=\"_blank\">Laur\u00e8ne Fertin<\/a><br \/>\n        <\/strong><\/p>\n<p>        Publi\u00e9 le<\/p>\n<p>            15 juin 2025 \u00e0 6h32        <\/p>\n<p>\u00ab\u2009Y a rien \u00e0 attendre du deal, \u00e0 Rennes, il y aura toujours mieux \u00e0 faire.\u2009\u00bb C\u2019est le message que souhaite faire passer la Ville de Rennes qui lance <strong>une campagne de communication<\/strong> \u00e0 destination des jeunes, dans l\u2019objectif de <strong>pr\u00e9venir les conduites addictives<\/strong> et <strong>le trafic de stup\u00e9fiants.<\/strong><\/p>\n<p class=\" wall-content\">Cette campagne de communication, intitul\u00e9e <strong>No limits<\/strong> pour \u00ab\u2009limiter l\u2019implication des mineurs dans les trafics de stup\u00e9fiants\u2009\u00bb, a \u00e9t\u00e9 r\u00e9alis\u00e9e par l\u2019agence de communication <strong>La Contr\u00e9e<\/strong> et un groupe de <strong>jeunes Rennais<\/strong> approch\u00e9s notamment par We Ker, Job et la Mission locale.<\/p>\n<p>Laur\u00e9ate d\u2019un appel \u00e0 projet<\/p>\n<p class=\" wall-content\">\u00ab\u2009Cette campagne tient particuli\u00e8rement \u00e0 c\u0153ur \u00e0 la Ville de Rennes\u2009\u00bb, a soulign\u00e9 Nathalie App\u00e9r\u00e9, maire de la ville.<\/p>\n<blockquote class=\"ac-article-quote wall-content\">\n<p>Depuis le Covid, le trafic de stup\u00e9fiants \u00e0 Rennes comme malheureusement partout en France est plus pr\u00e9sent. Il a aussi chang\u00e9 de visages (&#8230;) Face \u00e0 cela, il n\u2019existe pas de solution miracle. Nous n\u2019avons ni les comp\u00e9tences juridiques ni les moyens r\u00e9galiens de la police et de la justice pour enqu\u00eater, arr\u00eater et juger les trafiquants. Mais nous pensons avoir aussi notre r\u00f4le \u00e0 jouer.\u00a0La pr\u00e9vention est un travail indispensable.<\/p>\n<p>    <strong>Nathalie App\u00e9r\u00e9<\/strong><br \/>\n        Maire de Rennes    <\/p><\/blockquote>\n<p class=\" wall-content\">Pour mettre en marche \u00ab\u2009ce combat des images et des mots\u2009\u00bb, la Ville a candidat\u00e9 \u00e0 <strong>un appel \u00e0 projets en 2024<\/strong> aupr\u00e8s de la <strong>MILDECA,<\/strong> la Mission interminist\u00e9rielle de lutte contre les drogues et les conduites addictives, aux c\u00f4t\u00e9s de 15 autres villes.<\/p>\n<p>Vid\u00e9os : en ce moment sur Actu<\/p>\n<p class=\" wall-content\">Laur\u00e9ate, Rennes a obtenu une subvention de 150\u2009000 euros aupr\u00e8s de la MILDECA pour mener \u00e0 bien ce projet aux multiples entr\u00e9es (lire l\u2019encadr\u00e9 ci-dessous)\u2009; auxquels se sont ajout\u00e9s 90\u2009000 euros apport\u00e9s par la Ville, pour <strong>un budget total de 240\u2009000\u00a0euros<\/strong>. \u00c0 elle seule, la campagne de communication a n\u00e9cessit\u00e9 une enveloppe de 22\u2009000\u00a0euros.<\/p>\n<p>Un plan d&rsquo;actions <\/p>\n<p>La Ville de Rennes pr\u00e9cise que cette campagne de communication fait partie d&rsquo;un plan d&rsquo;actions avec plusieurs objectifs :<br \/>&#8211; former les professionnels qui sont en lien avec des jeunes confront\u00e9s ou attir\u00e9s par le trafic de stup\u00e9fiants ;<br \/>&#8211; sensibiliser les enfants et leurs parents ;<br \/>&#8211; cibler les publics vuln\u00e9rables.<\/p>\n<p>Des affiches, une vid\u00e9o<\/p>\n<p class=\" wall-content\">Concr\u00e8tement, la campagne de communication consiste en<strong> la diffusion d\u2019affiches<\/strong> (panneaux d\u2019affichage, r\u00e9seaux sociaux, etc.) et <strong>d\u2019une vid\u00e9o,<\/strong> imagin\u00e9e et tourn\u00e9e par les jeunes Rennais\u2009:<\/p>\n<p class=\" wall-content\">\n<p class=\" wall-content\">\u00ab\u2009Nous avons eu des r\u00e9unions, des discussions, <strong>nous avons partag\u00e9 nos id\u00e9es\u2009\u00bb,<\/strong> situe Nadjila, 21 ans, qui a pris part au projet lanc\u00e9 depuis f\u00e9vrier 2025.<\/p>\n<blockquote class=\"ac-article-quote wall-content\">\n<p>Pour cette vid\u00e9o, on ne voulait pas reprendre les sch\u00e9mas classiques et mettre les personnes dans une case. <\/p>\n<p>    <strong>Nadjila<\/strong>\n            <\/p><\/blockquote>\n<p class=\" wall-content\">\u00ab\u2009Le message qu\u2019on veut faire passer est celui-ci\u2009: <strong>regardez autour de vous<\/strong>, il y a tellement de choses \u00e0 faire \u00e0 Rennes\u2009! Des sorties, des activit\u00e9s\u2009\u00bb, \u00e9num\u00e8re celle <strong>qui habite le quartier Italie<\/strong>. \u00ab\u2009Les jeunes sont attir\u00e9s par ce qui est facile\u2009\u00bb, abonde Nadjila, \u00ab\u2009mais il y a tellement mieux \u00e0 faire.\u2009\u00bb<\/p>\n<p class=\" wall-content\">Suivez toute l\u2019actualit\u00e9 de vos villes et m\u00e9dias favoris en vous inscrivant \u00e0 <a href=\"https:\/\/moncompte.actu.fr\" title=\"D\u00e9couvez Mon Actu\" rel=\"nofollow noopener\" data-trk=\"{&quot;cta&quot;:{&quot;action&quot;:&quot;https:\\\/\\\/moncompte.actu.fr&quot;,&quot;category&quot;:&quot;mon compte&quot;,&quot;from&quot;:&quot;article footer&quot;,&quot;name&quot;:&quot;Mon actu&quot;,&quot;type&quot;:&quot;cta&quot;}}\" target=\"_blank\">Mon Actu<\/a>.<\/p>\n","protected":false},"excerpt":{"rendered":"Par Laur\u00e8ne Fertin Publi\u00e9 le 15 juin 2025 \u00e0 6h32 \u00ab\u2009Y a rien \u00e0 attendre du deal, \u00e0&hellip;\n","protected":false},"author":2,"featured_media":177679,"comment_status":"","ping_status":"","sticky":false,"template":"","format":"standard","meta":{"footnotes":""},"categories":[2821],"tags":[1111,11,829,1052,1777,674,1011,27,12,584,25,104],"class_list":{"0":"post-177678","1":"post","2":"type-post","3":"status-publish","4":"format-standard","5":"has-post-thumbnail","7":"category-rennes","8":"tag-actu","9":"tag-actualites","10":"tag-bretagne","11":"tag-drogue","12":"tag-eu","13":"tag-europe","14":"tag-fr","15":"tag-france","16":"tag-news","17":"tag-rennes","18":"tag-republique-francaise","19":"tag-societe"},"share_on_mastodon":{"url":"https:\/\/pubeurope.com\/@fr\/114685827035958538","error":""},"_links":{"self":[{"href":"https:\/\/www.europesays.com\/fr\/wp-json\/wp\/v2\/posts\/177678","targetHints":{"allow":["GET"]}}],"collection":[{"href":"https:\/\/www.europesays.com\/fr\/wp-json\/wp\/v2\/posts"}],"about":[{"href":"https:\/\/www.europesays.com\/fr\/wp-json\/wp\/v2\/types\/post"}],"author":[{"embeddable":true,"href":"https:\/\/www.europesays.com\/fr\/wp-json\/wp\/v2\/users\/2"}],"replies":[{"embeddable":true,"href":"https:\/\/www.europesays.com\/fr\/wp-json\/wp\/v2\/comments?post=177678"}],"version-history":[{"count":0,"href":"https:\/\/www.europesays.com\/fr\/wp-json\/wp\/v2\/posts\/177678\/revisions"}],"wp:featuredmedia":[{"embeddable":true,"href":"https:\/\/www.europesays.com\/fr\/wp-json\/wp\/v2\/media\/177679"}],"wp:attachment":[{"href":"https:\/\/www.europesays.com\/fr\/wp-json\/wp\/v2\/media?parent=177678"}],"wp:term":[{"taxonomy":"category","embeddable":true,"href":"https:\/\/www.europesays.com\/fr\/wp-json\/wp\/v2\/categories?post=177678"},{"taxonomy":"post_tag","embeddable":true,"href":"https:\/\/www.europesays.com\/fr\/wp-json\/wp\/v2\/tags?post=177678"}],"curies":[{"name":"wp","href":"https:\/\/api.w.org\/{rel}","templated":true}]}}