{"id":177684,"date":"2025-06-15T05:55:11","date_gmt":"2025-06-15T05:55:11","guid":{"rendered":"https:\/\/www.europesays.com\/fr\/177684\/"},"modified":"2025-06-15T05:55:11","modified_gmt":"2025-06-15T05:55:11","slug":"les-charmantes-oeuvres-daugustine-editions","status":"publish","type":"post","link":"https:\/\/www.europesays.com\/fr\/177684\/","title":{"rendered":"les charmantes \u0153uvres d\u2019Augustine \u00e9ditions"},"content":{"rendered":"<p>Des kits de correspondance \u00e9pistolaire, du beau papier, des tubes remplis de posters, des colis agenc\u00e9s avec soin\u2026 Andrada Noa nous accueille dans son entrep\u00f4t de stockage, situ\u00e9 \u00e0 la Meinau dans les locaux du groupe social Alta\u00efr. Depuis un an et demi, la trentenaire g\u00e8re sa propre entreprise\u00a0: Augustine \u00e9ditions. Via sa boutique en ligne, elle propose diff\u00e9rents objets de papeterie inspir\u00e9s par son amour des lettres, de leur histoire et de leur esth\u00e9tisme.<\/p>\n<p>Rencontre avec l\u2019alphabet h\u00e9bra\u00efque, aram\u00e9en, arabe\u2026<\/p>\n<p>Elle tire d\u2019un carton son plus gros travail\u00a0:  Le Jardin des lettres. Textes et dessins se m\u00ealent dans ce livre pour&#8230;<\/p>\n","protected":false},"excerpt":{"rendered":"Des kits de correspondance \u00e9pistolaire, du beau papier, des tubes remplis de posters, des colis agenc\u00e9s avec soin\u2026&hellip;\n","protected":false},"author":2,"featured_media":177685,"comment_status":"","ping_status":"","sticky":false,"template":"","format":"standard","meta":{"footnotes":""},"categories":[2820],"tags":[1111,11,2389,2649,1687,2880,1777,674,107,1011,27,775,3035,2410,12,25,640,2879],"class_list":{"0":"post-177684","1":"post","2":"type-post","3":"status-publish","4":"format-standard","5":"has-post-thumbnail","7":"category-strasbourg","8":"tag-actu","9":"tag-actualites","10":"tag-alsace","11":"tag-bas-rhin","12":"tag-culture-loisirs","13":"tag-edition-strasbourg","14":"tag-eu","15":"tag-europe","16":"tag-fil-info","17":"tag-fr","18":"tag-france","19":"tag-grand-est","20":"tag-la-matinale-strasbourg","21":"tag-livres-bd","22":"tag-news","23":"tag-republique-francaise","24":"tag-strasbourg","25":"tag-strasbourg-ville"},"share_on_mastodon":{"url":"https:\/\/pubeurope.com\/@fr\/114685838861152728","error":""},"_links":{"self":[{"href":"https:\/\/www.europesays.com\/fr\/wp-json\/wp\/v2\/posts\/177684","targetHints":{"allow":["GET"]}}],"collection":[{"href":"https:\/\/www.europesays.com\/fr\/wp-json\/wp\/v2\/posts"}],"about":[{"href":"https:\/\/www.europesays.com\/fr\/wp-json\/wp\/v2\/types\/post"}],"author":[{"embeddable":true,"href":"https:\/\/www.europesays.com\/fr\/wp-json\/wp\/v2\/users\/2"}],"replies":[{"embeddable":true,"href":"https:\/\/www.europesays.com\/fr\/wp-json\/wp\/v2\/comments?post=177684"}],"version-history":[{"count":0,"href":"https:\/\/www.europesays.com\/fr\/wp-json\/wp\/v2\/posts\/177684\/revisions"}],"wp:featuredmedia":[{"embeddable":true,"href":"https:\/\/www.europesays.com\/fr\/wp-json\/wp\/v2\/media\/177685"}],"wp:attachment":[{"href":"https:\/\/www.europesays.com\/fr\/wp-json\/wp\/v2\/media?parent=177684"}],"wp:term":[{"taxonomy":"category","embeddable":true,"href":"https:\/\/www.europesays.com\/fr\/wp-json\/wp\/v2\/categories?post=177684"},{"taxonomy":"post_tag","embeddable":true,"href":"https:\/\/www.europesays.com\/fr\/wp-json\/wp\/v2\/tags?post=177684"}],"curies":[{"name":"wp","href":"https:\/\/api.w.org\/{rel}","templated":true}]}}