{"id":177686,"date":"2025-06-15T05:56:09","date_gmt":"2025-06-15T05:56:09","guid":{"rendered":"https:\/\/www.europesays.com\/fr\/177686\/"},"modified":"2025-06-15T05:56:09","modified_gmt":"2025-06-15T05:56:09","slug":"cette-ville-des-alpes-maritimes-est-parmi-les-destinations-les-moins-paisibles-deurope","status":"publish","type":"post","link":"https:\/\/www.europesays.com\/fr\/177686\/","title":{"rendered":"Cette ville des Alpes-Maritimes est parmi les destinations les moins paisibles d\u2019Europe"},"content":{"rendered":"<p>            Par<br \/>\n        <strong><br \/>\n            <a href=\"https:\/\/actu.fr\/auteur\/redaction-nice\" title=\"Consulter tous les articles de R\u00e9daction Nice\" rel=\"nofollow noopener\" target=\"_blank\">R\u00e9daction Nice<\/a><br \/>\n        <\/strong><\/p>\n<p>        Publi\u00e9 le<\/p>\n<p>            15 juin 2025 \u00e0 7h12        <\/p>\n<p>Vous r\u00eavez de s\u00e9r\u00e9nit\u00e9, loin du monde et de l\u2019agitation\u2009? La compagnie a\u00e9rienne Icelandair a publi\u00e9 d\u00e9but juin le classement des villes europ\u00e9ennes en fonction de leur tranquillit\u00e9. En haut du classement, parmi les<strong> villes les moins tranquilles<\/strong> d\u2019Europe\u2009: <a href=\"https:\/\/actu.fr\/nice\/\" rel=\"nofollow noopener\" target=\"_blank\">Nice<\/a>.<\/p>\n<p class=\" wall-content\">La commune se trouve en <strong>deuxi\u00e8me position<\/strong> derri\u00e8re Florence. La cause principale\u2009? Sa surpopulation touristique et sa pollution lumineuse.<\/p>\n<p>Nice, \u00e9l\u00e8ve turbulent<\/p>\n<p class=\" wall-content\">Selon Icelandair, la capitale azur\u00e9enne fait partie de ces destinations promettant calme et s\u00e9r\u00e9nit\u00e9 mais \u00ab\u2009qui s\u2019av\u00e8rent agit\u00e9es et surstimulantes\u2009\u00bb. L\u2019\u00e9tude s\u2019est pench\u00e9e sur divers \u00e9l\u00e9ments\u2009:<\/p>\n<ul class=\" wall-content\">\n<li>La pollution sonore<\/li>\n<li>La pollution lumineuse<\/li>\n<li>La densit\u00e9 touristique, calcul\u00e9e en fonction du nombre de visiteurs annuels selon la taille de la ville<\/li>\n<li>Le nombre d\u2019h\u00f4tels au km\u00b2\u00a0<\/li>\n<li>L\u2019indice de criminalit\u00e9<\/li>\n<\/ul>\n<p class=\" wall-content\">Tous ces points \u00e9tudi\u00e9s, un score sur 150 a \u00e9t\u00e9 obtenu pour chaque ville\u2009; 150 \u00e9tant attribu\u00e9s \u00e0 la ville la plus stressante du classement.<\/p>\n<p>Vid\u00e9os : en ce moment sur Actu<\/p>\n<p class=\" wall-content\">Selon les donn\u00e9es recueillies, chaque jour, Nice accueille en moyenne 190 touristes par km\u00b2, log\u00e9s dans 489 h\u00f4tels. C\u2019est aussi la ville dont la<strong> pollution lumineuse est la plus \u00e9lev\u00e9e<\/strong> du classement et la troisi\u00e8me ville ayant le taux de criminalit\u00e9 le plus \u00e9lev\u00e9.<\/p>\n<p class=\" wall-content\">Des donn\u00e9es qui contredisent une autre enqu\u00eate r\u00e9alis\u00e9e en mars\u00a02025, \u00e0 la demande de <a href=\"https:\/\/www.facebook.com\/ExploreNiceCotedAzur\/posts\/nice-%C3%A9lue-ville-la-plus-relaxante-deurope-selon-une-r%C3%A9cente-%C3%A9tude-men%C3%A9e-par-hayp\/1111223927716282\/\" rel=\"nofollow noopener\" target=\"_blank\">Haypp<\/a>, un sp\u00e9cialiste du vapotage. Il classait alors Nice comme destination la moins stressante d\u2019Europe devant 24 autres villes.<\/p>\n<p class=\" wall-content\"><img decoding=\"async\" src=\"https:\/\/www.europesays.com\/fr\/wp-content\/uploads\/2025\/06\/7215ed00008d36fc.jpg\" loading=\"lazy\"\/><\/p>\n<p>\u00c8ze, autre ville du classement<\/p>\n<p class=\" wall-content\">Pour le classement command\u00e9 par Icelandair, sur les 30 villes europ\u00e9ennes les plus populaires, une autre c\u00e9l\u00e8bre commune des <a href=\"https:\/\/actu.fr\/provence-alpes-cote-d-azur\/alpes-maritimes_06\" rel=\"nofollow noopener\" target=\"_blank\">Alpes-Maritimes<\/a> appara\u00eet dans le top\u00a010\u2009: \u00c8ze, <strong>en 8e position<\/strong>. L\u2019\u00e9tude conseille donc aux vacanciers de plut\u00f4t se tourner vers Saint-Paul-de-Vence pour y trouver plus de calme tout en appr\u00e9ciant l\u2019aspect artistique.<\/p>\n<p class=\" wall-content\">En alternative possible \u00e0 Nice, l\u2019enqu\u00eate propose <strong>Cassis<\/strong>, dans les Bouches-du-Rh\u00f4ne, \u00ab\u2009le m\u00eame littoral, une ambiance de village et moins de touristes\u2009\u00bb. Une proposition discutable\u2009: l\u2019ann\u00e9e derni\u00e8re, Cassis apparaissait en t\u00eate du classement des destinations les plus pris\u00e9es.<\/p>\n<p class=\" wall-content\"><strong>Par Florine Amenta<\/strong><\/p>\n<p class=\" wall-content\">Suivez toute l\u2019actualit\u00e9 de vos villes et m\u00e9dias favoris en vous inscrivant \u00e0 <a href=\"https:\/\/moncompte.actu.fr\" title=\"D\u00e9couvez Mon Actu\" rel=\"nofollow noopener\" data-trk=\"{&quot;cta&quot;:{&quot;action&quot;:&quot;https:\\\/\\\/moncompte.actu.fr&quot;,&quot;category&quot;:&quot;mon compte&quot;,&quot;from&quot;:&quot;article footer&quot;,&quot;name&quot;:&quot;Mon actu&quot;,&quot;type&quot;:&quot;cta&quot;}}\" target=\"_blank\">Mon Actu<\/a>.<\/p>\n","protected":false},"excerpt":{"rendered":"Par R\u00e9daction Nice Publi\u00e9 le 15 juin 2025 \u00e0 7h12 Vous r\u00eavez de s\u00e9r\u00e9nit\u00e9, loin du monde et&hellip;\n","protected":false},"author":2,"featured_media":177687,"comment_status":"","ping_status":"","sticky":false,"template":"","format":"standard","meta":{"footnotes":""},"categories":[2819],"tags":[1111,11,1777,674,1011,27,1305,12,2401,882,25],"class_list":{"0":"post-177686","1":"post","2":"type-post","3":"status-publish","4":"format-standard","5":"has-post-thumbnail","7":"category-nice","8":"tag-actu","9":"tag-actualites","10":"tag-eu","11":"tag-europe","12":"tag-fr","13":"tag-france","14":"tag-lifestyle","15":"tag-news","16":"tag-nice","17":"tag-provence-alpes-cote-dazur","18":"tag-republique-francaise"},"share_on_mastodon":{"url":"https:\/\/pubeurope.com\/@fr\/114685842770115161","error":""},"_links":{"self":[{"href":"https:\/\/www.europesays.com\/fr\/wp-json\/wp\/v2\/posts\/177686","targetHints":{"allow":["GET"]}}],"collection":[{"href":"https:\/\/www.europesays.com\/fr\/wp-json\/wp\/v2\/posts"}],"about":[{"href":"https:\/\/www.europesays.com\/fr\/wp-json\/wp\/v2\/types\/post"}],"author":[{"embeddable":true,"href":"https:\/\/www.europesays.com\/fr\/wp-json\/wp\/v2\/users\/2"}],"replies":[{"embeddable":true,"href":"https:\/\/www.europesays.com\/fr\/wp-json\/wp\/v2\/comments?post=177686"}],"version-history":[{"count":0,"href":"https:\/\/www.europesays.com\/fr\/wp-json\/wp\/v2\/posts\/177686\/revisions"}],"wp:featuredmedia":[{"embeddable":true,"href":"https:\/\/www.europesays.com\/fr\/wp-json\/wp\/v2\/media\/177687"}],"wp:attachment":[{"href":"https:\/\/www.europesays.com\/fr\/wp-json\/wp\/v2\/media?parent=177686"}],"wp:term":[{"taxonomy":"category","embeddable":true,"href":"https:\/\/www.europesays.com\/fr\/wp-json\/wp\/v2\/categories?post=177686"},{"taxonomy":"post_tag","embeddable":true,"href":"https:\/\/www.europesays.com\/fr\/wp-json\/wp\/v2\/tags?post=177686"}],"curies":[{"name":"wp","href":"https:\/\/api.w.org\/{rel}","templated":true}]}}