{"id":177688,"date":"2025-06-15T05:57:14","date_gmt":"2025-06-15T05:57:14","guid":{"rendered":"https:\/\/www.europesays.com\/fr\/177688\/"},"modified":"2025-06-15T05:57:14","modified_gmt":"2025-06-15T05:57:14","slug":"ce-quil-sest-passe-a-nice-est-assez-incroyable-coup-de-coeur-de-gueule-annonces-christian-estrosi-fait-le-bilan-de-lunoc","status":"publish","type":"post","link":"https:\/\/www.europesays.com\/fr\/177688\/","title":{"rendered":"\u00ab\u00a0Ce qu\u2019il s\u2019est pass\u00e9 \u00e0 Nice est assez incroyable\u00a0\u00bb: coup de c\u0153ur, de gueule, annonces&#8230; Christian Estrosi fait le bilan de l\u2019Unoc"},"content":{"rendered":"<p>Comme un marathon. M\u00eame s\u2019il est rompu aux courses d\u2019endurance, Christian Estrosi, maire de Nice, ville h\u00f4te de l\u2019Unoc, semble signer la plus longue de son palmar\u00e8s. Alors que la 3e Conf\u00e9rence des Nations Unies sur l\u2019Oc\u00e9an s\u2019est achev\u00e9e ce vendredi 13 juin 2025, l\u2019\u00e9lu, \u00e0 qui vous ne ferez pas avouer qu\u2019il est fatigu\u00e9 &#8211; \u00ab\u00a0\u00e7a ne se dit pas, \u00e7a\u2026\u00a0\u00bb &#8211; fait le bilan de cet \u00e9v\u00e9nement hors normes.<\/p>\n<p><strong>Pendant 15 jours, Nice a \u00e9t\u00e9 le centre du monde. Quel est votre sentiment \u00e0 l\u2019heure du clap de fin?<\/strong><\/p>\n<p>Quand on est dans le feu de l\u2019action, on ne r\u00e9alise rien. Maintenant que le rideau tombe, je mesure que ce qui s\u2019est pass\u00e9 est assez incroyable et va rester dans l\u2019histoire pour engager un vrai processus face au r\u00e9chauffement climatique. Je suis heureux que mon pays ait affirm\u00e9 un leadership qu\u2019on n\u2019a pas trouv\u00e9 avant pour obtenir ce trait\u00e9 sur la haute mer, notamment. Heureux d\u2019avoir pr\u00e9sid\u00e9 cette coalition de pr\u00e8s de 500 \u00e9lus c\u00f4tiers, repr\u00e9sentant 800 millions d\u2019habitants expos\u00e9s \u00e0 la mont\u00e9e des eaux\u2026 Quand j\u2019ai su il y a trois ans que la France accueillerait l\u2019Unoc en 2025, je me suis mobilis\u00e9 de toutes mes forces pour convaincre qu\u2019il fallait que ce soit ici, en M\u00e9diterran\u00e9e. D\u00e8s la confirmation par Emmanuel Macron en 2023, il y a eu un travail pr\u00e9paratoire colossal, avec des moments lourds o\u00f9 j\u2019ai d\u00fb donner de la voix dans des comit\u00e9s de pilotage minist\u00e9riels\u2026 Mon obsession: que l\u2019\u00e9v\u00e9nement soit s\u00e9curis\u00e9 mais aussi un rendez-vous populaire pour les Ni\u00e7ois.<\/p>\n<p><strong>Certains ont pu s\u2019agacer du \u00ab\u00a0bazar en ville\u00a0\u00bb, des barrages de police jusqu\u2019\u00e0 Cagnes\u2026<\/strong><\/p>\n<p>Je les comprends. Je tiens vraiment \u00e0 remercier tous les Ni\u00e7ois: les contents et les pas contents. On vit dans un temps d\u2019imm\u00e9diatet\u00e9 o\u00f9 la s\u00e9curit\u00e9 reste un domaine majeur et la transition un enjeu souvent per\u00e7u comme plus lointain. L\u2019Unoc a eu une vertu p\u00e9dagogique. Tout le monde n\u2019aura pas \u00e9t\u00e9 conquis mais je suis certain qu\u2019\u00e0 la fin, des avis ont chang\u00e9. Le spectacle de drones a \u00e9t\u00e9 une r\u00e9ussite hors du commun! Gr\u00e2ce \u00e0 un logiciel de l\u2019Office de tourisme, on sait que sur 150.000 spectateurs, 100.000 \u00e9taient Ni\u00e7ois. Voir cette foule, t\u00e9l\u00e9phone allum\u00e9, les hourras sur la Prom\u2019, c\u2019\u00e9tait un symbole de r\u00e9silience fort et ma mani\u00e8re de dire merci aux habitants. Le succ\u00e8s de la Baleine est aussi \u00e9difiant. Ce lieu ludique et ouvert [dans le palais des expositions] qui accueillait ONG, start-up, associations pour sensibiliser sur l\u2019oc\u00e9an a re\u00e7u pr\u00e8s de 123.000 visiteurs. Plus d\u2019un tiers de la population ni\u00e7oise!<\/p>\n<p><strong>Justement, que vont devenir ces expositions?<\/strong><\/p>\n<p><strong>Nous allons cr\u00e9er un \u00e9v\u00e9nement au port cet \u00e9t\u00e9<\/strong>, dans la salle de l\u2019Assembl\u00e9e g\u00e9n\u00e9rale de l\u2019Unoc et les salons voisins. Des expositions immersives spectaculaires et des activit\u00e9s de la Baleine y seront visibles.<\/p>\n<p><strong>Y a-t-il des \u00e9v\u00e9nements pr\u00e9vus au-del\u00e0 dans le centre des congr\u00e8s du port?<\/strong><\/p>\n<p>Nous avons quinze r\u00e9servations et pr\u00e8s de soixante-dix pr\u00e9r\u00e9servations. Le Grand Pavois de La Rochelle va y faire son yachting show, des congr\u00e8s de m\u00e9decine sont cal\u00e9s. De grands couturiers se renseignent, il pourrait y avoir des d\u00e9fil\u00e9s. Les spectacles sont aussi un d\u00e9bouch\u00e9, avec une jauge \u00e0 2.400 places. J\u2019ai des contacts importants avec le producteur Gilbert Coullier. Avec Bertrand Rossi [directeur de l\u2019Op\u00e9ra], on travaille avec des acousticiens pour que la salle puisse accueillir des ballets, des productions classiques. De gros \u00e9v\u00e9nements sportifs seront annonc\u00e9s \u00e0 la rentr\u00e9e\u2026<\/p>\n<p><strong>Les transports gratuits, du 6 au 8 juin, \u00e0 la veille de l\u2019ouverture du sommet, ont plu. Pensez-vous \u00e0 r\u00e9it\u00e9rer l\u2019exp\u00e9rience\u2026 voire la p\u00e9renniser?<\/strong><\/p>\n<p>Sur d\u2019autres gros \u00e9v\u00e9nements, oui. La gratuit\u00e9 totale, non. On n\u2019en a pas les moyens. Sans ces recettes, pas de lignes 4 et 5 du tram. Mais nos transports sont \u00e0 faible co\u00fbt, compar\u00e9 \u00e0 Paris par exemple. Pour un abonnement annuel, c\u2019est 30 euros par mois, sachant que les employeurs en remboursent 50%. Pour les seniors non imposables, les moins de 11 ans, c\u2019est gratuit. <strong>Je constate un changement d\u2019habitudes: les parkings relais sont pleins<\/strong>, ce n\u2019\u00e9tait pas le cas il y a trois ans. On va en faire d\u2019autres. L\u2019Unoc a aussi permis \u00e0 des gens de se mettre aux transports pour \u00e9viter les bouchons, je suis certain que \u00e7a se fera sentir sur les abonnements \u00e0 la rentr\u00e9e. C\u00f4t\u00e9 circulation, on a veill\u00e9 \u00e0 livrer le tunnel de la sortie ouest de la voie Mathis avant l\u2019\u00e9v\u00e9nement. De nombreux Ni\u00e7ois ne prenaient pas cet axe \u00e0 cause des mauvais souvenirs de Grinda et m\u2019ont fait savoir que la fluidit\u00e9 gagn\u00e9e les a convaincus.<\/p>\n<p><strong>Combien l\u2019Unoc a-t-il co\u00fbt\u00e9 et rapport\u00e9 \u00e0 Nice?<\/strong><\/p>\n<p>Le seul investissement, c\u2019est l\u2019\u00e9quipement [le centre des congr\u00e8s du port] construit pour l\u2019occasion: il a co\u00fbt\u00e9 23 millions, moins 5 millions de l\u2019\u00c9tat pour certains am\u00e9nagements. <strong>Pendant l\u2019Unoc, l\u2019\u00c9tat nous l\u2019a lou\u00e9<\/strong>. Les Ni\u00e7ois n\u2019auront pas \u00e0 l\u2019assumer: les usagers futurs le rembourseront. C\u00f4t\u00e9 recettes, la fr\u00e9quentation a \u00e9t\u00e9 excellente! Les chiffres de la TVA tomberont fin juin mais, sur le taux d\u2019occupation, on a eu un pic \u00e0 98%, avec + 27% de revenus. Des restaurants ont atteint des consommations \u00e0 200-300 euros\/t\u00eate.<\/p>\n<p><strong>Quid de l\u2019indemnisation des commer\u00e7ants du port qui, eux, ont souffert?<\/strong><\/p>\n<p>La commission d\u2019indemnisation est en place, g\u00e9r\u00e9e par l\u2019\u00c9tat, avec la CCI comme excellent partenaire. Elle sera accessible d\u00e8s la semaine prochaine. Toutes les entreprises pourront en b\u00e9n\u00e9ficier en prouvant la baisse de chiffre d\u2019affaires. Je suivrai de pr\u00e8s le dossier.<\/p>\n<p><strong>Vous \u00e9voquez des crispations autour de la zone bleue du port lors de l\u2019Unoc\u2026 C\u2019est-\u00e0-dire?<\/strong><\/p>\n<p>Je d\u00e9plore des maladresses. Je suis tr\u00e8s reconnaissant qu\u2019on ait garanti la s\u00e9curit\u00e9 en mobilisant 5.000 policiers, gendarmes, militaires, que je remercie. Mais je remercie tout particuli\u00e8rement mes 6.000 agents et plus de 500 b\u00e9n\u00e9voles si d\u00e9vou\u00e9s. <strong>Je sais que certains ont subi ordres et contre-ordres sous 30\u00b0C<\/strong>, avec des \u00ab\u00a0Pourquoi vous n\u2019allez pas plus vite?\u00a0\u00bb, c\u2019est \u00e9puisant. Si la Ville, qui conna\u00eet mieux le terrain, avait \u00e9t\u00e9 \u00e0 \u00e9galit\u00e9 en premi\u00e8re ligne avec les services de l\u2019\u00c9tat, on aurait \u00e9vit\u00e9 \u00e7a.<\/p>\n<p><strong>L\u2019Unoc a boost\u00e9 l\u2019attractivit\u00e9 de Nice, d\u00e9j\u00e0 forte. N\u2019est-ce pas \u00e0 double tranchant quand on sait que le surtourisme impacte le climat?<\/strong><\/p>\n<p>Le surtourisme, je n\u2019en veux plus. Pas question de devenir Florence! D\u00e8s le 1er juillet, on r\u00e9duit de deux tiers le nombre de croisi\u00e8res. J\u2019ai baiss\u00e9 les quotas de location Airbnb. On \u00e9tudie un arr\u00eat\u00e9 pour interdire au plus vite l\u2019entr\u00e9e dans Nice aux cars de tour-op\u00e9rateur: ils stationneront et prendront les transports. Niveau h\u00e9bergement de qualit\u00e9, on est \u00e0 l\u2019\u00e9quilibre. <strong>Je suis tr\u00e8s sollicit\u00e9 pour du foncier en vue d\u2019investissements h\u00f4teliers<\/strong>: je n\u2019y suis pas forc\u00e9ment favorable. Notre tourisme, c\u2019est notre histoire, nos emplois aussi. Je veux le pr\u00e9server mais en faisant moins et mieux.<\/p>\n<p><strong>L\u2019annonce<\/strong><\/p>\n<p>Pr\u00e9sident de la Coalition des villes c\u00f4ti\u00e8res, Christian Estrosi annonce l<strong>a cr\u00e9ation d\u2019un secr\u00e9tariat permanent de l\u2019ONU d\u00e9di\u00e9. Celui-ci s\u2019installera dans la nouvelle Gare maritime, au port.<\/strong><\/p>\n<p><strong>Le chiffre<\/strong><\/p>\n<p>158.000<\/p>\n<p>C\u2019est le record de trajets enregistr\u00e9s le vendredi 6 juin 2025 dans les transports ni\u00e7ois, gratuits pour l\u2019Unoc. \u00ab\u00a033% de plus que la normale\u00a0\u00bb, dixit la Ville.<\/p>\n<p><strong>La date<\/strong><\/p>\n<p>D\u2019ici mi-novembre 2025, l\u2019aire marine prot\u00e9g\u00e9e de Nice, situ\u00e9e face \u00e0 la ville, devrait \u00eatre inaugur\u00e9e. \u00ab\u00a0La police municipale et l\u2019\u00c9tat veilleront \u00e0 sa surveillance forte\u00a0\u00bb, indique le maire.<\/p>\n<p><strong>L\u2019agenda<\/strong><\/p>\n<p>L\u2019exposition immersive au port, issue du programme de La Baleine, sera \u00e0 voir du 12 juillet au 14 septembre 2025 7 jours\/7 de 10h \u00e0 18h (20h le samedi), quai Infernet. Tarifs: de 5 \u00e0 10 euros.<\/p>\n","protected":false},"excerpt":{"rendered":"Comme un marathon. M\u00eame s\u2019il est rompu aux courses d\u2019endurance, Christian Estrosi, maire de Nice, ville h\u00f4te de&hellip;\n","protected":false},"author":2,"featured_media":177689,"comment_status":"","ping_status":"","sticky":false,"template":"","format":"standard","meta":{"footnotes":""},"categories":[2819],"tags":[1111,11,436,1777,674,1011,27,12,2401,316,882,25,3366],"class_list":{"0":"post-177688","1":"post","2":"type-post","3":"status-publish","4":"format-standard","5":"has-post-thumbnail","7":"category-nice","8":"tag-actu","9":"tag-actualites","10":"tag-environnement","11":"tag-eu","12":"tag-europe","13":"tag-fr","14":"tag-france","15":"tag-news","16":"tag-nice","17":"tag-politique","18":"tag-provence-alpes-cote-dazur","19":"tag-republique-francaise","20":"tag-vie-locale"},"share_on_mastodon":{"url":"https:\/\/pubeurope.com\/@fr\/114685846730377143","error":""},"_links":{"self":[{"href":"https:\/\/www.europesays.com\/fr\/wp-json\/wp\/v2\/posts\/177688","targetHints":{"allow":["GET"]}}],"collection":[{"href":"https:\/\/www.europesays.com\/fr\/wp-json\/wp\/v2\/posts"}],"about":[{"href":"https:\/\/www.europesays.com\/fr\/wp-json\/wp\/v2\/types\/post"}],"author":[{"embeddable":true,"href":"https:\/\/www.europesays.com\/fr\/wp-json\/wp\/v2\/users\/2"}],"replies":[{"embeddable":true,"href":"https:\/\/www.europesays.com\/fr\/wp-json\/wp\/v2\/comments?post=177688"}],"version-history":[{"count":0,"href":"https:\/\/www.europesays.com\/fr\/wp-json\/wp\/v2\/posts\/177688\/revisions"}],"wp:featuredmedia":[{"embeddable":true,"href":"https:\/\/www.europesays.com\/fr\/wp-json\/wp\/v2\/media\/177689"}],"wp:attachment":[{"href":"https:\/\/www.europesays.com\/fr\/wp-json\/wp\/v2\/media?parent=177688"}],"wp:term":[{"taxonomy":"category","embeddable":true,"href":"https:\/\/www.europesays.com\/fr\/wp-json\/wp\/v2\/categories?post=177688"},{"taxonomy":"post_tag","embeddable":true,"href":"https:\/\/www.europesays.com\/fr\/wp-json\/wp\/v2\/tags?post=177688"}],"curies":[{"name":"wp","href":"https:\/\/api.w.org\/{rel}","templated":true}]}}