{"id":177692,"date":"2025-06-15T05:59:12","date_gmt":"2025-06-15T05:59:12","guid":{"rendered":"https:\/\/www.europesays.com\/fr\/177692\/"},"modified":"2025-06-15T05:59:12","modified_gmt":"2025-06-15T05:59:12","slug":"les-mysterieux-ossements-de-3-individus-decouverts-dans-la-tombe-du-dernier-duc-de-bretagne","status":"publish","type":"post","link":"https:\/\/www.europesays.com\/fr\/177692\/","title":{"rendered":"les myst\u00e9rieux ossements de 3 individus d\u00e9couverts dans la tombe du dernier duc de Bretagne"},"content":{"rendered":"<p><strong>R\u00c9CIT &#8211;<\/strong> Les fouilles arch\u00e9ologiques conduites en marge des travaux de restauration de la cath\u00e9drale de Nantes ont notamment permis de mettre au jour un \u00e9trange \u00abcold case\u00bb au sein de la s\u00e9pulture des parents d\u2019Anne de Bretagne.<\/p>\n<p class=\"fig-paragraph\">Trois macchab\u00e9es pour le prix d\u2019un. Une curieuse d\u00e9couverte attendait les arch\u00e9ologues charg\u00e9s de l\u2019\u00e9tude et de la restauration du tombeau du dernier duc de Bretagne et de son \u00e9pouse, Fran\u00e7ois II et Marguerite de Foix, d\u00e9pos\u00e9 hors de\u00a0<a href=\"http:\/\/www.lefigaro.fr\/nantes\/incendie-de-la-cathedrale-de-nantes-le-batiment-gardera-des-cicatrices-du-drame-20250514\" target=\"_blank\" data-fig-type=\"NewsFlash\" rel=\"noopener\" data-gtm-custom-categorie=\"navigation\" data-gtm-custom-action=\"crossclick\" data-gtm-custom-label=\"Contextuel\" data-gtm-event=\"customEventSPE\" data-fig-domain=\"LEFIGARO\">la cath\u00e9drale de Nantes<\/a>\u00a0(Loire-Atlantique) pour la dur\u00e9e des travaux entam\u00e9s depuis\u00a0<a href=\"https:\/\/www.lefigaro.fr\/actualite-france\/incendie-de-la-cathedrale-de-nantes-qui-est-le-servant-de-messe-rwandais-place-en-garde-a-vue-20200719\" target=\"_blank\" data-fig-type=\"Article\" rel=\"noopener\" data-gtm-custom-categorie=\"navigation\" data-gtm-custom-action=\"crossclick\" data-gtm-custom-label=\"Contextuel\" data-gtm-event=\"customEventSPE\" data-fig-domain=\"LEFIGARO\">l\u2019incendie du monument, en 2020<\/a>. En ouvrant, en juin 2023, le coffre de bois renferm\u00e9 \u00e0 l\u2019int\u00e9rieur du magnifique sarcophage de la Renaissance, les chercheurs de\u00a0<a href=\"http:\/\/www.lefigaro.fr\/culture\/avec-l-inrap-les-francais-decouvrent-leur-patrimoine-de-demain-selon-dominique-garcia-20210626\" target=\"_blank\" data-fig-type=\"Article\" rel=\"noopener\" data-gtm-custom-categorie=\"navigation\" data-gtm-custom-action=\"crossclick\" data-gtm-custom-label=\"Contextuel\" data-gtm-event=\"customEventSPE\" data-fig-domain=\"LEFIGARO\">l\u2019Institut national de recherches arch\u00e9ologiques pr\u00e9ventives (Inrap)<\/a>\u00a0se sont retrouv\u00e9s nez \u00e0 nez avec un ensemble d\u2019ossements correspondant \u00e0 trois individus diff\u00e9rents. Et ce, alors que le coffrage \u00e9tait cens\u00e9 contenir les seuls restes du duc Arthur III &#8211; unique occupant th\u00e9orique du tombeau depuis la disparition des cercueils d\u2019origine\u00a0<a href=\"http:\/\/www.lefigaro.fr\/actualite-france\/seule-la-moitie-des-jeunes-savent-dater-le-debut-de-la-revolution-francaise-le-sondage-alarmant-sur-les-lacunes-en-histoire-20240107\" target=\"_blank\" data-fig-type=\"NewsFlash\" rel=\"noopener\" data-gtm-custom-categorie=\"navigation\" data-gtm-custom-action=\"crossclick\" data-gtm-custom-label=\"Contextuel\" data-gtm-event=\"customEventSPE\" data-fig-domain=\"LEFIGARO\">sous la R\u00e9volution<\/a>.<\/p>\n<p class=\"fig-paragraph\">\u00abLes \u00e9tudes arch\u00e9o-anthropologiques sont encore en cours, mais nous pouvons d\u2019ores et d\u00e9j\u00e0 constater la pr\u00e9sence de trois individus \u00e0 l\u2019int\u00e9rieur de cette petite\u2026<\/p>\n<p class=\"fig-premium-paywall__infos\">\n        Cet article est r\u00e9serv\u00e9 aux abonn\u00e9s.        Il vous reste 84% \u00e0 d\u00e9couvrir.\n    <\/p>\n<p>                <img  data- alt=\"Le Figaro\" class=\"fig-img--complete fig-img\"\/><\/p>\n<p class=\"fig-premium-paywall__title\">Vente Flash<\/p>\n<p class=\"fig-premium-paywall__subtitle\">3,99\u20ac par mois pendant 12 mois. Sans engagement.<\/p>\n<p class=\"fig-premium-paywall__connect\">\n                D\u00e9j\u00e0 abonn\u00e9\u00a0?                <a class=\"fig-premium-paywall__connect-link\" href=\"https:\/\/connect.lefigaro.fr\/login?client=horizon_web&amp;type=main&amp;redirect_uri=https%3A%2F%2Fwww.lefigaro.fr%2Fnantes%2Fcathedrale-de-nantes-les-mysterieux-ossements-de-3-individus-decouverts-dans-la-tombe-du-dernier-duc-de-bretagne-20250615\" data-js-gtm=\"{&quot;customCategorie&quot;: &quot;conversion&quot;, &quot;customAction&quot;: &quot;before_Landing_Connexion_paywall_auto&quot;, &quot;customLabel&quot;: &quot;bGVmaWdhcm8uZnJfXzFmMDQ4NDQ5LWY3MDQtNmViNC05YTIyLTI5OWQxMjg1YjUxOV9fTmV3c0ZsYXNo_Cath\u00e9drale de Nantes\u00a0: les myst\u00e9rieux ossements de 3 individus d\u00e9couverts dans la tombe du dernier duc de Bretagne_161&quot;, &quot;customIDSPE&quot;: &quot;bGVmaWdhcm8uZnJfXzFmMDQ4NDQ5LWY3MDQtNmViNC05YTIyLTI5OWQxMjg1YjUxOV9fTmV3c0ZsYXNo&quot;, &quot;event&quot;: &quot;customEventSPE&quot;}\" target=\"_blank\" rel=\"noopener\"><br \/>\n                    Connectez-vous<br \/>\n                <\/a>\n            <\/p>\n","protected":false},"excerpt":{"rendered":"R\u00c9CIT &#8211; Les fouilles arch\u00e9ologiques conduites en marge des travaux de restauration de la cath\u00e9drale de Nantes ont&hellip;\n","protected":false},"author":2,"featured_media":177693,"comment_status":"","ping_status":"","sticky":false,"template":"","format":"standard","meta":{"footnotes":""},"categories":[2818],"tags":[1111,11,730,1777,674,462,1011,27,2640,937,2642,766,2638,2643,2637,2639,2646,2645,2641,2635,2644,2647,12,2636,25],"class_list":{"0":"post-177692","1":"post","2":"type-post","3":"status-publish","4":"format-standard","5":"has-post-thumbnail","7":"category-nantes","8":"tag-actu","9":"tag-actualites","10":"tag-archeologie","11":"tag-eu","12":"tag-europe","13":"tag-fc-nantes","14":"tag-fr","15":"tag-france","16":"tag-hauts-paves-saint-felix","17":"tag-histoire","18":"tag-ile-de-nantes","19":"tag-nantes","20":"tag-nantes-bellevue-chantenay-sainte-anne","21":"tag-nantes-breil-barberie","22":"tag-nantes-centre-ville","23":"tag-nantes-dervallieres-zola","24":"tag-nantes-doulon-bottiere","25":"tag-nantes-erdre","26":"tag-nantes-malakoff-saint-donatien","27":"tag-nantes-metropole","28":"tag-nantes-nord","29":"tag-nantes-sud","30":"tag-news","31":"tag-pays-de-la-loire","32":"tag-republique-francaise"},"share_on_mastodon":{"url":"https:\/\/pubeurope.com\/@fr\/114685854682522867","error":""},"_links":{"self":[{"href":"https:\/\/www.europesays.com\/fr\/wp-json\/wp\/v2\/posts\/177692","targetHints":{"allow":["GET"]}}],"collection":[{"href":"https:\/\/www.europesays.com\/fr\/wp-json\/wp\/v2\/posts"}],"about":[{"href":"https:\/\/www.europesays.com\/fr\/wp-json\/wp\/v2\/types\/post"}],"author":[{"embeddable":true,"href":"https:\/\/www.europesays.com\/fr\/wp-json\/wp\/v2\/users\/2"}],"replies":[{"embeddable":true,"href":"https:\/\/www.europesays.com\/fr\/wp-json\/wp\/v2\/comments?post=177692"}],"version-history":[{"count":0,"href":"https:\/\/www.europesays.com\/fr\/wp-json\/wp\/v2\/posts\/177692\/revisions"}],"wp:featuredmedia":[{"embeddable":true,"href":"https:\/\/www.europesays.com\/fr\/wp-json\/wp\/v2\/media\/177693"}],"wp:attachment":[{"href":"https:\/\/www.europesays.com\/fr\/wp-json\/wp\/v2\/media?parent=177692"}],"wp:term":[{"taxonomy":"category","embeddable":true,"href":"https:\/\/www.europesays.com\/fr\/wp-json\/wp\/v2\/categories?post=177692"},{"taxonomy":"post_tag","embeddable":true,"href":"https:\/\/www.europesays.com\/fr\/wp-json\/wp\/v2\/tags?post=177692"}],"curies":[{"name":"wp","href":"https:\/\/api.w.org\/{rel}","templated":true}]}}