{"id":177700,"date":"2025-06-15T06:03:10","date_gmt":"2025-06-15T06:03:10","guid":{"rendered":"https:\/\/www.europesays.com\/fr\/177700\/"},"modified":"2025-06-15T06:03:10","modified_gmt":"2025-06-15T06:03:10","slug":"les-travaux-debutent-bientot-dautres-enseignes-annoncees","status":"publish","type":"post","link":"https:\/\/www.europesays.com\/fr\/177700\/","title":{"rendered":"les travaux d\u00e9butent bient\u00f4t, d&rsquo;autres enseignes annonc\u00e9es"},"content":{"rendered":"<p>            Par<br \/>\n        <strong><br \/>\n            <a href=\"https:\/\/actu.fr\/auteur\/guillaume-laurens\" title=\"Consulter tous les articles de Guillaume Laurens\" target=\"_blank\" rel=\"noopener\">Guillaume Laurens<\/a><br \/>\n        <\/strong><\/p>\n<p>        Publi\u00e9 le<\/p>\n<p>            15 juin 2025 \u00e0 7h42        <\/p>\n<p>Avec quelques mois de retard sur le calendrier initialement pr\u00e9vu, les travaux de construction du nouveau <strong>centre commercial Porte des Pyr\u00e9n\u00e9es<\/strong> vont bient\u00f4t d\u00e9buter \u00e0 <a href=\"https:\/\/actu.fr\/occitanie\/muret_31395\" target=\"_blank\" rel=\"noopener\"><strong>Muret<\/strong> <\/a>(Haute-Garonne), au sud de <strong>Toulouse<\/strong>, o\u00f9 l\u2019arriv\u00e9e de nouvelles (et prestigieuses) enseignes vient d\u2019\u00eatre annonc\u00e9e en ce mois de juin\u00a02025. Ce qu\u2019il faut savoir.<\/p>\n<p>17 enseignes autour du futur Hyper U de Muret<\/p>\n<p class=\" wall-content\">Pour rappel, le projet de centre commercial des Portes des Pyr\u00e9n\u00e9es<a href=\"https:\/\/actu.fr\/occitanie\/muret_31395\/pres-de-toulouse-feu-vert-pour-cet-enorme-projet-de-centre-commercial-en-attente-depuis-25-ans_60162456.html\" target=\"_blank\" rel=\"noopener\"> \u2014 dont le permis de construire avait \u00e9t\u00e9 d\u00e9livr\u00e9 le 9\u00a0novembre 2023<\/a>\u00a0apr\u00e8s une d\u00e9cision de justice et une s\u00e9rie de recours devant la CNAC, le gendarme de l\u2019am\u00e9nagement commercial \u2014 consiste \u00e0 cr\u00e9er un <strong>ensemble de commerces et de loisirs<\/strong> de 33\u2009500 m\u00b2 de surface de plancher, et d\u2019environ 23\u2009000 m\u00b2 de surface de vente \u00e0 Muret, sous-pr\u00e9fecture de la Haute-Garonne.<\/p>\n<p class=\" wall-content\">Et comme<a href=\"https:\/\/actu.fr\/occitanie\/muret_31395\/exclusif-toulouse-hypermarche-choisi-enseignes-tout-sur-le-futur-centre-commercial-portes-des-pyrenees_62071872.html\" target=\"_blank\" rel=\"noopener\"> Actu Toulouse le r\u00e9v\u00e9lait d\u00e9but 2025<\/a>, un <strong>hypermarch\u00e9 de 5\u2009000 m\u00b2<\/strong> de surface de vente \u00ab\u2009dans un premier temps\u2009\u00bb, exploit\u00e9 par l\u2019enseigne <strong>Hyper U,<\/strong> sera le navire amiral du centre commercial, qui ne disposera <strong>pas de galerie marchande<\/strong>, mais autour duquel seront install\u00e9es <strong>17 moyennes surfaces.<\/strong><\/p>\n<p>    <img   decoding=\"async\" loading=\"lazy\" src=\"https:\/\/www.europesays.com\/fr\/wp-content\/uploads\/2025\/06\/insertion-facade-centre-commercial-portes-pyrenees-muret-960x639.jpg\" alt=\"Outre Hyper U, le centre commercial Portes des Pyr\u00e9n\u00e9es sera dot\u00e9 de 17 moyennes surfaces\" width=\"960\" height=\"639\"\/><br \/>\n    Outre Hyper U, le centre commercial Portes des Pyr\u00e9n\u00e9es sera dot\u00e9 de 17 moyennes surfaces (\u00a9DR)Basic Fit, Intersport et la FNAC d\u00e9barquent aussi \u00e0 Muret<\/p>\n<p class=\" wall-content\">Parmi ces 17 enseignes, la Sodec, qui porte ce projet depuis des ann\u00e9es, avait annonc\u00e9 \u00e0 Actu Toulouse en janvier l\u2019arriv\u00e9e de <strong>Weldom, Chaussea, Kiabi, Centrakor, Action, Maxi Zoo<\/strong>, mais aussi du g\u00e9ant de la restauration rapide <strong>McDonald\u2019s<\/strong>, qui <a href=\"https:\/\/actu.fr\/occitanie\/toulouse_31555\/deja-47-restaurants-la-haute-garonne-est-championne-de-france-du-mcdo-hors-paris-et-ce-n-est-pas-fini_62566048.html\" target=\"_blank\" rel=\"noopener\">va ainsi franchir le cap des 50 \u00e9tablissements ouverts en Haute-Garonne<\/a>.<\/p>\n<p class=\" wall-content\">Outre ces boutiques, l\u2019arriv\u00e9e de <strong>nouvelles enseignes<\/strong> vient d\u2019\u00eatre confirm\u00e9e \u00e0 Actu Toulouse. Ainsi, la salle de fitness sera exploit\u00e9e par l\u2019enseigne <strong>Basic Fit<\/strong> sur environ 1\u2009500 m\u00b2, alors qu\u2019<strong>Andr\u00e9 Mandement,<\/strong> le maire (PS) de la ville, a officialis\u00e9 lors de r\u00e9unions publiques l\u2019arriv\u00e9e de deux g\u00e9ants du commerce dans sa ville\u2009: <strong>Intersport<\/strong> et la <strong>FNAC,<\/strong> qui disposeront respectivement de 2\u2009300 m\u00b2 et 1\u2009200 m\u00b2 de surface de vente. Si la quasi-totalit\u00e9 des cellules a officiellement trouv\u00e9 preneur, quelques-unes restent encore en suspens.<\/p>\n<p>\u00ab\u2009Une belle enseigne, dont la r\u00e9putation n\u2019est plus \u00e0 faire\u2009\u00bb<\/p>\n<p class=\" wall-content\">L\u2019arriv\u00e9e de l\u2019enseigne culturelle pr\u00e9f\u00e9r\u00e9e des Fran\u00e7ais est une vraie nouveaut\u00e9 qui ravit Andr\u00e9 Mandement\u2009:<strong> \u00ab\u2009La FNAC, c\u2019est une belle enseigne<\/strong>, dont la r\u00e9putation n\u2019est plus \u00e0 faire, et qui a su se diversifier\u2009\u00bb, avance le maire. \u00ab\u2009Et puis, \u00e7a \u00e9vitera aux Muretains d\u2019aller \u00e0 la FNAC ailleurs\u2026\u2009\u00bb.<\/p>\n<p class=\" wall-content\">Outre ces magasins, le site mitoyen de <a href=\"https:\/\/actu.fr\/occitanie\/muret_31395\/pres-toulouse-nouvelle-salle-spectacles-concerts-va-bientot-voir-jour_23569613.html\" target=\"_blank\" rel=\"noopener\">la fameuse salle \u00e9v\u00e9nementielle Horizon<\/a> accueillera aussi \u00ab\u2009des activit\u00e9s sportives et de loisirs\u2009\u00bb, comme l\u2019avait indiqu\u00e9 <strong>Massaad Matar<\/strong>, PDG de la Sodec. Les Portes des Pyr\u00e9n\u00e9es accueilleront la cit\u00e9 des loisirs immersifs <strong>Ludemia<\/strong> (sur environ 9\u2009000 m\u00b2 et elles devraient \u00eatre <strong>une place forte du padel,<\/strong> avec finalement <strong>deux sites<\/strong> sur la zone\u2009: l\u2019un de <strong>huit courts<\/strong> sur le p\u00e9rim\u00e8tre de la Sodec, et \u00ab\u2009un second projet qui sera port\u00e9 par deux entreprises muretaines\u2009\u00bb un peu plus loin, pr\u00e9cise Andr\u00e9 Mandement.<\/p>\n<p>    <img   decoding=\"async\" loading=\"lazy\" src=\"https:\/\/www.europesays.com\/fr\/wp-content\/uploads\/2025\/06\/ville-de-muret-plan-zac-portes-pyrenees-fevrier-2025-960x640.jpg\" alt=\"Voici le plan d'am\u00e9nagement de la ZAC Portes des Pyr\u00e9n\u00e9es\" width=\"960\" height=\"640\"\/><br \/>\n    Voici le plan d\u2019am\u00e9nagement de la ZAC Portes des Pyr\u00e9n\u00e9es (\u00a9Ville de Muret)D\u00e9but des travaux mi-ao\u00fbt, livraison fin 2026<\/p>\n<p class=\" wall-content\">Pour ce qui est du chantier du centre commercial, le porteur de projet a lanc\u00e9 lundi 2\u00a0juin <strong>un appel d\u2019offres<\/strong> pour les travaux de terrassement, voirie et autres r\u00e9seaux. Les entreprises ont jusqu\u2019\u00e0 la fin du mois pour y r\u00e9pondre, avant le d\u00e9but des travaux, envisag\u00e9 par le porteur de projet pour la seconde quinzaine d\u2019ao\u00fbt.<\/p>\n<p class=\" wall-content\">Au niveau du Muretain Agglo,<strong> \u00ab\u2009l\u2019am\u00e9nagement des voiries est en cours<\/strong> pour desservir le futur centre commercial, et nous avons <strong>deux ronds-points \u00e0 cr\u00e9er\u2009\u00bb,<\/strong> d\u00e9taille Andr\u00e9 Mandement.<\/p>\n<p class=\" wall-content\">Les travaux du centre commercial des Portes des Pyr\u00e9n\u00e9es devraient donc d\u00e9buter <strong>vers la mi-ao\u00fbt\u00a02025<\/strong>, pour une <strong>livraison<\/strong> esp\u00e9r\u00e9e par les diff\u00e9rents acteurs <strong>fin 2026<\/strong>, avant les f\u00eates de fin d\u2019ann\u00e9e.<\/p>\n<p>Une \u00ab\u00a0\u0153uvre magistrale\u00a0\u00bb d\u00e9di\u00e9e \u00e0 Cl\u00e9ment Ader<\/p>\n<p>\u00c0 savoir qu&rsquo;une petite surprise attend aussi les Muretains sur le rond-point d&rsquo;entr\u00e9e de ville situ\u00e9 devant le centre commercial, au niveau de l&rsquo;avenue des Pyr\u00e9n\u00e9es : \u00ab\u00a0Il y aura une \u0153uvre magistrale d\u00e9di\u00e9e \u00e0 Cl\u00e9ment Ader\u00a0\u00bb, glisse ainsi Andr\u00e9 Mandement. Natif de Muret, l&rsquo;inventeur et pionnier de l&rsquo;aviation \u00e9tait \u00ab\u00a0un touche-\u00e0-tout ph\u00e9nom\u00e9nal\u00a0\u00bb, rappelle le premier magistrat. Pour lui rendre hommage, un grand avion construit en acier et en aluminium, de 12 m\u00e8tres de long et 5 de haut, devrait \u00eatre inaugur\u00e9 jeudi 9 octobre prochain.<\/p>\n<p>100\u00a0millions d\u2019euros d\u2019investissement, et environ 400 emplois<\/p>\n<p class=\" wall-content\">Vieux d\u2019<strong>un quart de si\u00e8cle<\/strong>, ce projet des Portes des Pyr\u00e9n\u00e9es, qui est sans aucun doute <strong>le\u00a0dernier grand projet de centre commercial<\/strong> dans l\u2019agglo de Toulouse, voire bien au-del\u00e0, est aussi le fruit d\u2019un long combat politique pour le maire de Muret, qui l\u2019a port\u00e9 \u00e0 bout de bras.<\/p>\n<p class=\" wall-content\">Le montant total d\u2019investissement s\u2019\u00e9l\u00e8ve \u00e0 <strong>100\u00a0millions d\u2019euros<\/strong> HT, dont 60 port\u00e9s par la Sodec. D\u2019apr\u00e8s son PDG, ce projet devrait entra\u00eener \u00ab\u2009la cr\u00e9ation de 275 \u00e0 320 emplois directs en \u00e9quivalent temps plein, pour les seules activit\u00e9s commerciales\u2009\u00bb, et environ <strong>\u00ab\u2009400 emplois\u2009\u00bb au total.<\/strong><\/p>\n<p class=\" wall-content\">Suivez toute l\u2019actualit\u00e9 de vos villes et m\u00e9dias favoris en vous inscrivant \u00e0 <a href=\"https:\/\/moncompte.actu.fr\" title=\"D\u00e9couvez Mon Actu\" rel=\"nofollow noopener\" data-trk=\"{&quot;cta&quot;:{&quot;action&quot;:&quot;https:\\\/\\\/moncompte.actu.fr&quot;,&quot;category&quot;:&quot;mon compte&quot;,&quot;from&quot;:&quot;article footer&quot;,&quot;name&quot;:&quot;Mon actu&quot;,&quot;type&quot;:&quot;cta&quot;}}\" target=\"_blank\">Mon Actu<\/a>.<\/p>\n<ul class=\"ac-article-tag wall-content\">\n<li><a href=\"https:\/\/actu.fr\/tag\/commerce\" data-trk=\"{&quot;cta&quot;:{&quot;action&quot;:&quot;Commerce&quot;,&quot;category&quot;:&quot;tag&quot;,&quot;from&quot;:&quot;article footer&quot;,&quot;name&quot;:&quot;Commerce&quot;,&quot;type&quot;:&quot;cta&quot;}}\" target=\"_blank\" rel=\"noopener\">#Commerce<\/a><\/li>\n<li><a href=\"https:\/\/actu.fr\/tag\/nouveaux-commerces-a-toulouse\" data-trk=\"{&quot;cta&quot;:{&quot;action&quot;:&quot;Nouveaux commerces \\u00e0 Toulouse&quot;,&quot;category&quot;:&quot;tag&quot;,&quot;from&quot;:&quot;article footer&quot;,&quot;name&quot;:&quot;Nouveaux commerces \\u00e0 Toulouse&quot;,&quot;type&quot;:&quot;cta&quot;}}\" target=\"_blank\" rel=\"noopener\">#Nouveaux commerces \u00e0 Toulouse<\/a><\/li>\n<\/ul>\n","protected":false},"excerpt":{"rendered":"Par Guillaume Laurens Publi\u00e9 le 15 juin 2025 \u00e0 7h42 Avec quelques mois de retard sur le calendrier&hellip;\n","protected":false},"author":2,"featured_media":177701,"comment_status":"","ping_status":"","sticky":false,"template":"","format":"standard","meta":{"footnotes":""},"categories":[2816],"tags":[1111,11,215,1777,674,1011,27,12,2849,2680,25,104,2312],"class_list":{"0":"post-177700","1":"post","2":"type-post","3":"status-publish","4":"format-standard","5":"has-post-thumbnail","7":"category-toulouse","8":"tag-actu","9":"tag-actualites","10":"tag-commerce","11":"tag-eu","12":"tag-europe","13":"tag-fr","14":"tag-france","15":"tag-news","16":"tag-nouveaux-commerces-a-toulouse","17":"tag-occitanie","18":"tag-republique-francaise","19":"tag-societe","20":"tag-toulouse"},"share_on_mastodon":{"url":"https:\/\/pubeurope.com\/@fr\/114685870387611121","error":""},"_links":{"self":[{"href":"https:\/\/www.europesays.com\/fr\/wp-json\/wp\/v2\/posts\/177700","targetHints":{"allow":["GET"]}}],"collection":[{"href":"https:\/\/www.europesays.com\/fr\/wp-json\/wp\/v2\/posts"}],"about":[{"href":"https:\/\/www.europesays.com\/fr\/wp-json\/wp\/v2\/types\/post"}],"author":[{"embeddable":true,"href":"https:\/\/www.europesays.com\/fr\/wp-json\/wp\/v2\/users\/2"}],"replies":[{"embeddable":true,"href":"https:\/\/www.europesays.com\/fr\/wp-json\/wp\/v2\/comments?post=177700"}],"version-history":[{"count":0,"href":"https:\/\/www.europesays.com\/fr\/wp-json\/wp\/v2\/posts\/177700\/revisions"}],"wp:featuredmedia":[{"embeddable":true,"href":"https:\/\/www.europesays.com\/fr\/wp-json\/wp\/v2\/media\/177701"}],"wp:attachment":[{"href":"https:\/\/www.europesays.com\/fr\/wp-json\/wp\/v2\/media?parent=177700"}],"wp:term":[{"taxonomy":"category","embeddable":true,"href":"https:\/\/www.europesays.com\/fr\/wp-json\/wp\/v2\/categories?post=177700"},{"taxonomy":"post_tag","embeddable":true,"href":"https:\/\/www.europesays.com\/fr\/wp-json\/wp\/v2\/tags?post=177700"}],"curies":[{"name":"wp","href":"https:\/\/api.w.org\/{rel}","templated":true}]}}