{"id":177702,"date":"2025-06-15T06:04:10","date_gmt":"2025-06-15T06:04:10","guid":{"rendered":"https:\/\/www.europesays.com\/fr\/177702\/"},"modified":"2025-06-15T06:04:10","modified_gmt":"2025-06-15T06:04:10","slug":"a-lomme-le-traitement-des-biodechets-par-une-asso-solidaire-vire-au-cauchemar","status":"publish","type":"post","link":"https:\/\/www.europesays.com\/fr\/177702\/","title":{"rendered":"\u00e0 Lomme, le traitement des biod\u00e9chets par une asso solidaire vire au cauchemar"},"content":{"rendered":"<p>            Par<br \/>\n        <strong><br \/>\n            <a href=\"https:\/\/actu.fr\/auteur\/amandine-vachez\" title=\"Consulter tous les articles de Amandine Vachez\" target=\"_blank\" rel=\"noopener\">Amandine Vachez<\/a><br \/>\n        <\/strong><\/p>\n<p>        Publi\u00e9 le<\/p>\n<p>            15 juin 2025 \u00e0 7h34        <\/p>\n<p>Le projet est louable, sur le papier. Tout le monde est d\u2019accord l\u00e0-dessus. Mais la r\u00e9alit\u00e9 est bien moins s\u00e9duisante sur le terrain. Depuis fin 2023 \u00e0 <a href=\"https:\/\/actu.fr\/tag\/lomme\" target=\"_blank\" rel=\"noopener\"><b>Lomme<\/b><\/a> (Nord), l\u2019<b>association Alore<\/b> traite les <b>biod\u00e9chets<\/b> pour les transformer en <b>compost<\/b>, dans l\u2019entrep\u00f4t <b>Les EnchanTerres<\/b>, bas\u00e9 rue Jacquart. Les riverains d\u00e9crivent \u00ab\u00a0des odeurs naus\u00e9abondes, insoutenables.\u00a0\u00bb En juin 2025, le ras-le-bol est trop fort, ils veulent que ce soit relay\u00e9 par voie de presse. La mairie \u0153uvre pour que le site ferme. L\u2019association assure qu\u2019elle cherche une solution pour quitter le site.\u00a0<\/p>\n<p>\u00ab\u00a0Un compost n\u2019a rien \u00e0 faire au milieu d\u2019habitations\u00a0\u00bb<\/p>\n<p class=\" wall-content\">Fin mai 2025, un mail est arriv\u00e9 \u00e0 la r\u00e9daction de Lille actu. Un habitant confie son <b>ras-le-bol<\/b>. Ce p\u00e8re de famille n\u2019appr\u00e9cie plus les petites choses du quotidien \u00e0 cause des <b>nuisances de l\u2019activit\u00e9<\/b> qui se tient dans un entrep\u00f4t tout proche de sa maison. \u00ab\u00a0Chaque jour, chaque minute, l\u2019<b>odeur est pestilentielle<\/b>, les riverains sont sans cesse <b>emb\u00eat\u00e9s par cette odeur<\/b>, ne peuvent pas profiter de leur jardin, a\u00e9rer leur maison\u2026\u00a0\u00bb, d\u00e9crit Pierre Guillaumin.<\/p>\n<p class=\" wall-content\">Le 11 juin, il nous attend sur place avec d\u2019autres habitants du quartier. Une vingtaine de personnes viennent \u00e0 notre rencontre et parlent de leur quotidien. Le <b>sujet des odeurs est sur toutes les l\u00e8vres. <\/b>\u00ab On n\u2019ose m\u00eame plus inviter des amis, des fois, mon potager, je n\u2019y mets pas les pieds tellement c\u2019est insupportable \u00bb, confie un habitant. \u00ab\u00a0C\u2019est insoutenable !\u00a0\u00bb, ajoute un autre. \u00ab\u00a0<b>On se sent impuissants<\/b>, on a fait circuler une p\u00e9tition, on a contact\u00e9 la mairie, il n\u2019y a rien \u00e0 faire, \u00e7a bloque\u00a0\u00bb, peste une riveraine. \u00ab\u00a0Un <a href=\"https:\/\/actu.fr\/tag\/compostage\" target=\"_blank\" rel=\"noopener\">compost<\/a> n\u2019a rien \u00e0 faire au milieu d\u2019habitations !\u00a0\u00bb, ajoute son voisin.<\/p>\n<p>    <img   decoding=\"async\" loading=\"lazy\" class=\"size-large\" src=\"https:\/\/www.europesays.com\/fr\/wp-content\/uploads\/2025\/06\/54f479081c486a8f479081c487ff47v-960x640.jpeg\" alt=\"Rue Jacquart \u00e0 Lomme (Nord), le site des EnchanTerres, qui composte des d\u00e9chets, cr\u00e9e des nuisances que le voisinage ne supporte plus.\" width=\"960\" height=\"640\"\/><br \/>\n    Rue Jacquart \u00e0 Lomme (Nord), le site des EnchanTerres, qui composte des d\u00e9chets, cr\u00e9e des nuisances que le voisinage ne supporte plus. \u00a9Amandine VachezDeux \u00e9coles toutes proches, \u00ab\u00a0les enfants demandent \u00e0 rentrer pendant la r\u00e9cr\u00e9\u00a0\u00bb<\/p>\n<p class=\" wall-content\">Plusieurs des personnes rencontr\u00e9es ont des enfants dans<b> les \u00e9coles \u00e9l\u00e9mentaires voisines du site.<\/b> \u00ab\u00a0Parfois, ils n\u2019a\u00e8rent pas les classes, tellement \u00e7a sent mauvais, les enfants demandent \u00e0 rentrer pendant la r\u00e9cr\u00e9 \u00bb, assure une repr\u00e9sentante des parents d\u2019\u00e9l\u00e8ves. \u00ab \u00c0 chaque conseil d\u2019\u00e9cole le sujet est sur le tapis. \u00bb<\/p>\n<p class=\" wall-content\">Une m\u00e8re de famille ajoute : \u00ab\u00a0Tous les matins je pose mes enfants \u00e0 l\u2019\u00e9cole \u00e0 8h, on a l\u2019impression d\u2019\u00eatre dans du vomi.\u00a0\u00bb<\/p>\n<p class=\" wall-content\">\u00c0 peine contact\u00e9e, Sonia Rainaud, la directrice de l\u2019association Alore, nous a r\u00e9pondu. Sur les odeurs, elle entend que les relents sont \u00ab\u00a0d\u00e9sagr\u00e9ables, oui. Mais <b>ce n\u2019est pas tous les jours, tout le temps. <\/b>Il y a des moments plus p\u00e9nibles que d\u2019autres, bien s\u00fbr. Mais de l\u00e0 \u00e0 dire que c\u2019est \u2018insoutenable\u2019, il ne faut pas exag\u00e9rer !\u00a0\u00bb Elle pr\u00e9cise que, sur le site, <b>on ne stocke pas de denr\u00e9es alimentaires. <\/b>\u00ab\u00a0Les d\u00e9chets arrivent [dans des camionnettes, NDLR], sont tri\u00e9s et d\u00e9vers\u00e9s dans des machines \u00e0 compost.\u00a0\u00bb<\/p>\n<blockquote class=\"ac-article-quote wall-content\">\n<p>\u00ab\u00a0Ce n\u2019est pas une poubelle \u00e0 ciel ouvert.\u00a0\u00bb<\/p>\n<p>Sonia Rainaud, des EnchanTerres.<\/p><\/blockquote>\n<p>Des mouches et des rats dans les jardins et les maisons<\/p>\n<p class=\" wall-content\">Une habitante qui veut taire son nom (elle craint les repr\u00e9sailles) vit dans l\u2019autre rue adjacente au site, la rue Vaugirard. \u00ab\u00a0\u00c7a fait 35 ans que j\u2019habite ici. Je n\u2019ai jamais vu \u00e7a !\u00a0\u00bb Ce qui l\u2019effraie particuli\u00e8rement : la <b>pr\u00e9sence de rats<\/b>. La Ville a engag\u00e9 une campagne de d\u00e9ratisation il y a quelques semaines, mais le probl\u00e8me n\u2019est pas r\u00e9gl\u00e9. Les habitants font avec leurs moyens pour \u00e9viter qu\u2019ils n\u2019entrent chez eux. Ils mettent <b>la prolif\u00e9ration des rongeurs sur le compte de l\u2019entreprise.<\/b><\/p>\n<p class=\" wall-content\">Sonia Rainaud remet les choses en perspective : \u00ab\u00a0Des rats, il y en a malheureusement partout. A Lille, \u00e0 Lomme, c\u2019est un enfer pour tout le monde.\u00a0\u00bb La mairie confirme que des campagnes sont r\u00e9guli\u00e8rement organis\u00e9es sur la commune. \u00ab\u00a0C\u2019est malheureusement un probl\u00e8me r\u00e9current dans les villes, particuli\u00e8rement aux abords de friches. Et c\u2019est bien connu, les rats adorent le compost.\u00a0\u00bb<\/p>\n<p class=\" wall-content\">Autre sujet sensible : les mouches. Christian Elslander, qui vit rue Jacquart depuis 2014, accroche au plafond depuis deux \u00e9t\u00e9s des<b> rouleaux de scotch pour attirer les mouches.<\/b> \u00ab\u00a0C\u2019est d\u00e9go\u00fbtant, mais il y en a tellement que je ne sais pas quoi faire d\u2019autre. Il n\u2019y en a jamais eu autant.\u00a0\u00bb<\/p>\n<p>\u00ab\u00a0Nous serons ravis de partir\u00a0\u00bb<\/p>\n<p class=\" wall-content\">\u00ab\u00a0C\u2019est une situation extr\u00eamement d\u00e9sagr\u00e9able pour tout le monde\u00a0\u00bb, conc\u00e8de la directrice d\u2019Alore. \u00c0 l\u2019accusation des riverains que<b> l\u2019entreprise n\u2019est pas dans les normes au niveau des \u00e9quipements et process<\/b>, elle r\u00e9pond : \u00ab Ces propos sont \u00e9videmment mensongers. C\u2019est, comme vous vous en doutez, une activit\u00e9 tr\u00e8s r\u00e9glement\u00e9e. Nous avons des contr\u00f4les drastiques de l\u2019autorit\u00e9 sanitaire, de l\u2019Etat.\u00a0\u00bb<\/p>\n<blockquote class=\"ac-article-quote wall-content\">\n<p>\u00ab\u00a0Les salari\u00e9s sont tous les jours agress\u00e9s, insult\u00e9s. Et le week-end, des personnes s\u2019introduisent et d\u00e9gradent les locaux.\u00a0\u00bb<\/p>\n<p>Sonia Rainaud, directrice d\u2019Alore.<\/p><\/blockquote>\n<p class=\" wall-content\">Elle d\u00e9nonce aussi de son c\u00f4t\u00e9 des <b>agressions verbales r\u00e9guli\u00e8res<\/b> envers les salari\u00e9s, qui ont \u00ab\u00a0une grande patience pour supporter \u00e7a. Nous sommes <b>une entreprise de r\u00e9insertion<\/b>, et embauchons des personnes \u00e9loign\u00e9es de l\u2019emploi. Nous faisons tout pour faciliter leur parcours. Pour eux c\u2019est tr\u00e8s d\u00e9sagr\u00e9able.\u00a0\u00bb Elle pointe aussi du doigt des <b>d\u00e9gradations faites sur le site<\/b> : colle dans les serrures, sciage de cadenas, tuyauterie endommag\u00e9e\u2026 \u00ab\u00a0Pour nous, c\u2019est devenu insoutenable.\u00a0\u00bb<\/p>\n<p class=\" wall-content\">Elle l\u2019assure, l\u2019entreprise cherche \u00e0 partir. \u00ab\u00a0Nous serons ravis de partir, mais nous n\u2019avons \u00e0 l\u2019heure actuelle pas de solution.\u00a0\u00bb Le d\u00e9fi est de trouver un site adapt\u00e9 \u00e0 l\u2019activit\u00e9, plus isol\u00e9 d\u2019habitations.<\/p>\n<p>    <img   decoding=\"async\" loading=\"lazy\" class=\"size-large\" src=\"https:\/\/www.europesays.com\/fr\/wp-content\/uploads\/2025\/06\/d9cc89081c486cdcc89081c4822dc8v-960x640.jpeg\" alt=\"Les riverains alertent sur les nuisances cr\u00e9\u00e9es par le site des EnchanTerres, situ\u00e9 \u00e0 Lomme. Plusieurs habitants de la rue Jacquart (ici) et d'une autre, adjacente, nous ont confi\u00e9 leur ras-le-bol.\" width=\"960\" height=\"640\"\/><br \/>\n    Les riverains alertent sur les nuisances cr\u00e9\u00e9es par le site des EnchanTerres, situ\u00e9 \u00e0 Lomme. Plusieurs habitants de la rue Jacquart (ici) et d\u2019une autre, adjacente, nous ont confi\u00e9 leur ras-le-bol. \u00a9Amandine VachezLa mairie en soutien aux riverains, mais impuissante<\/p>\n<p class=\" wall-content\">Le maire Olivier Caremelle n\u2019a jamais \u00e9t\u00e9 favorable \u00e0 l<b>\u2018installation de l\u2019activit\u00e9 en pleine zone urbaine.<\/b> On ne l\u2019a d\u2019ailleurs pas vu \u00e0 l\u2019inauguration des EnchanTerres. Mais il s\u2019agit d\u2019un terrain priv\u00e9. La Ville n\u2019a pas donc de levier pour emp\u00eacher l\u2019activit\u00e9. \u00ab\u00a0On constate les d\u00e9sagr\u00e9ments. Il faut le dire, \u00e7a pue, surtout quand il fait chaud ! Il y a des rats, le d\u00e9versement dans les \u00e9gouts\u2026 Et la proximit\u00e9 avec les \u00e9coles est un vrai soucis\u00a0\u00bb, appuie-t-on au service communication.\u00a0<\/p>\n<p class=\" wall-content\">Comme constat\u00e9 sur le terrain, les relations sont tr\u00e8s tendues. L\u2019heure est plus \u00e0 l\u2019affrontement qu\u2019au dialogue. L\u2019association a vite compris, \u00e0 regrets, qu\u2019elle n\u2019\u00e9tait pas la bienvenue dans le quartier.<\/p>\n<p class=\" wall-content\">La mairie estime que le \u00ab\u00a0temps de se retourner\u00a0\u00bb pour la structure est \u00e9coul\u00e9 : le dossier a \u00e9t\u00e9 transmis \u00e0 la Ville de Lille, au service des risques naturels urbains, et aupr\u00e8s de la MEL et de la pr\u00e9fecture. L\u2019objectif :<b> \u00ab faire fermer le site au plus t\u00f4t pour le bien-\u00eatre des habitants. \u00bb<\/b><\/p>\n<p class=\" wall-content\">Suivez toute l\u2019actualit\u00e9 de vos villes et m\u00e9dias favoris en vous inscrivant \u00e0 <a href=\"https:\/\/moncompte.actu.fr\" title=\"D\u00e9couvez Mon Actu\" rel=\"nofollow noopener\" data-trk=\"{&quot;cta&quot;:{&quot;action&quot;:&quot;https:\\\/\\\/moncompte.actu.fr&quot;,&quot;category&quot;:&quot;mon compte&quot;,&quot;from&quot;:&quot;article footer&quot;,&quot;name&quot;:&quot;Mon actu&quot;,&quot;type&quot;:&quot;cta&quot;}}\" target=\"_blank\">Mon Actu<\/a>.<\/p>\n","protected":false},"excerpt":{"rendered":"Par Amandine Vachez Publi\u00e9 le 15 juin 2025 \u00e0 7h34 Le projet est louable, sur le papier. Tout&hellip;\n","protected":false},"author":2,"featured_media":177703,"comment_status":"","ping_status":"","sticky":false,"template":"","format":"standard","meta":{"footnotes":""},"categories":[2815],"tags":[1111,11,3008,1777,674,1011,27,811,1307,13882,12,25,104],"class_list":{"0":"post-177702","1":"post","2":"type-post","3":"status-publish","4":"format-standard","5":"has-post-thumbnail","7":"category-lille","8":"tag-actu","9":"tag-actualites","10":"tag-dechets","11":"tag-eu","12":"tag-europe","13":"tag-fr","14":"tag-france","15":"tag-hauts-de-france","16":"tag-lille","17":"tag-lomme","18":"tag-news","19":"tag-republique-francaise","20":"tag-societe"},"share_on_mastodon":{"url":"https:\/\/pubeurope.com\/@fr\/114685874518990169","error":""},"_links":{"self":[{"href":"https:\/\/www.europesays.com\/fr\/wp-json\/wp\/v2\/posts\/177702","targetHints":{"allow":["GET"]}}],"collection":[{"href":"https:\/\/www.europesays.com\/fr\/wp-json\/wp\/v2\/posts"}],"about":[{"href":"https:\/\/www.europesays.com\/fr\/wp-json\/wp\/v2\/types\/post"}],"author":[{"embeddable":true,"href":"https:\/\/www.europesays.com\/fr\/wp-json\/wp\/v2\/users\/2"}],"replies":[{"embeddable":true,"href":"https:\/\/www.europesays.com\/fr\/wp-json\/wp\/v2\/comments?post=177702"}],"version-history":[{"count":0,"href":"https:\/\/www.europesays.com\/fr\/wp-json\/wp\/v2\/posts\/177702\/revisions"}],"wp:featuredmedia":[{"embeddable":true,"href":"https:\/\/www.europesays.com\/fr\/wp-json\/wp\/v2\/media\/177703"}],"wp:attachment":[{"href":"https:\/\/www.europesays.com\/fr\/wp-json\/wp\/v2\/media?parent=177702"}],"wp:term":[{"taxonomy":"category","embeddable":true,"href":"https:\/\/www.europesays.com\/fr\/wp-json\/wp\/v2\/categories?post=177702"},{"taxonomy":"post_tag","embeddable":true,"href":"https:\/\/www.europesays.com\/fr\/wp-json\/wp\/v2\/tags?post=177702"}],"curies":[{"name":"wp","href":"https:\/\/api.w.org\/{rel}","templated":true}]}}