{"id":177706,"date":"2025-06-15T06:06:11","date_gmt":"2025-06-15T06:06:11","guid":{"rendered":"https:\/\/www.europesays.com\/fr\/177706\/"},"modified":"2025-06-15T06:06:11","modified_gmt":"2025-06-15T06:06:11","slug":"marseille-cest-une-ville-qui-me-correspond","status":"publish","type":"post","link":"https:\/\/www.europesays.com\/fr\/177706\/","title":{"rendered":"Marseille, c&rsquo;est une ville qui me correspond"},"content":{"rendered":"<p>Les t\u00e9l\u00e9spectateurs de TF1 avaient quitt\u00e9<a href=\"https:\/\/www.laprovence.com\/article\/region\/11886621750820\/isabel-otero-de-l-autre-cote-de-l-ecran-entre-trets-et-le-costa-rica\" target=\"_blank\" rel=\"noopener\"> Isabel Otero<\/a> en commissaire de police dans Diane, femme flic. La revoil\u00e0 quelques ann\u00e9es plus tard en directrice d\u2019une \u00e9cole de danse et de chant \u00ab\u00a0Le Studio Lumi\u00e8re\u00a0\u00bb dans la saison\u00a01 de <a href=\"https:\/\/www.laprovence.com\/article\/culture-loisirs\/6412506251487614\/video-dans-les-coulisses-de-tout-pour-la-lumiere-la-serie-de-netflix-et-tf1-tournee-a-la-ciotat-et-marseille\" target=\"_blank\" rel=\"noopener\">Tout pour la Lumi\u00e8re<\/a>. Cette s\u00e9rie in\u00e9dite, qui pourrait ressembler \u00e0 s\u2019y m\u00e9prendre \u00e0 la s\u00e9rie espagnole Un, Dos, Tres, tourn\u00e9e entre Marseille et La Ciotat, est diffus\u00e9e \u00e0 partir de ce lundi 16 juin sur la cha\u00eene priv\u00e9e et depuis ce vendredi 13 juin, sur la plateforme am\u00e9ricaine Netflix.<\/p>\n<p>La proposition d\u2019incarner le r\u00f4le de Florence Delaunat tombait \u00e0 pic pour l\u2019actrice, tr\u00e8s sollicit\u00e9e sur le petit \u00e9cran, qui aime jouer des personnages de femmes fortes. La com\u00e9dienne install\u00e9e entre Uz\u00e8s dans le Gard et le Costa Rica est aussi au casting de deux t\u00e9l\u00e9films : \u00c0\u00a0qui profite le doute\u00a0? sur France\u00a03 ce mardi 17\u00a0juin\u00a0et La Mani\u00e8re forte\u00a0disponible en replay sur France t\u00e9l\u00e9visions. Une ann\u00e9e riche pour la com\u00e9dienne de 62\u00a0ans, investie plus que jamais, qui \u00e9voque pour La Provence, sa carri\u00e8re, ses engagements et sa fille <a href=\"https:\/\/www.laprovence.com\/article\/sorties-loisirs\/5667908\/cinema-deux-moi-ou-les-solitudes-connectees.html\" target=\"_blank\" rel=\"noopener\">Ana Girardot<\/a>.<\/p>\n<p><strong>L\u2019ann\u00e9e\u00a02025 marque votre retour \u00e0 l\u2019\u00e9cran. Quel est votre \u00e9tat d\u2019esprit du moment\u00a0?<\/strong>&#13;\n<\/p>\n<p>Je me sens dans une phase de renouveau. Il se passe beaucoup de choses en ce moment. Aussi bien dans le travail que dans ma vie en g\u00e9n\u00e9ral. Donc c\u2019est positif.<\/p>\n<p><strong>Comment avez-vous abord\u00e9 ce r\u00f4le dans \u00ab\u00a0Tout pour la lumi\u00e8re\u00a0\u00bb\u00a0?<\/strong>&#13;\n<\/p>\n<p>J\u2019\u00e9tais heureuse que la production m\u2019appelle. J\u2019ai \u00e9t\u00e9 engag\u00e9e assez tard, car peu de temps apr\u00e8s, on d\u00e9butait le tournage. On m\u2019a donn\u00e9 quelques \u00e9l\u00e9ments, mais je n\u2019en savais pas vraiment plus. C\u2019\u00e9tait un saut dans l\u2019inconnu, m\u00eame s\u2019il y avait la promesse d\u2019un personnage complexe, entier et exigeant. J\u2019aime ce type de r\u00f4le. Et c\u2019est aussi la force de ces s\u00e9ries car elles surfent sur des \u00e9motions fortes.<\/p>\n<p><strong>Qui est justement Florence Delaunat le personnage que vous incarnez\u00a0?<\/strong>&#13;\n<\/p>\n<p>Elle est \u00e0 la t\u00eate du \u00ab\u00a0Studio Lumi\u00e8re\u00a0\u00bb, une \u00e9cole de danse et de chant r\u00e9put\u00e9e. Florence Delaunat est \u00e9galement une m\u00e8re de famille, puisqu\u2019elle a trois enfants et qu\u2019elle est grand-m\u00e8re. Sur ce point, je ne me suis pas confront\u00e9e \u00e0 une histoire qui m\u2019est \u00e9trang\u00e8re puisque je suis moi-m\u00eame m\u00e8re et grand-m\u00e8re.<\/p>\n<p><strong>Le tournage a d\u00e9but\u00e9 en mars dans le sud de la France et se d\u00e9roule jusqu\u2019en juillet. Comment se sont pass\u00e9s ces derniers mois entre Marseille et La Ciotat\u00a0?<\/strong>&#13;\n<\/p>\n<p>Dans une humeur merveilleuse. On est un groupe qui s\u2019aime beaucoup. Se retrouver avec des jeunes, \u00e7a stimule. Je suis certaine que les t\u00e9l\u00e9spectateurs appr\u00e9cieront la s\u00e9rie. J\u2019ai d\u00e9couvert Marseille, une ville que je ne connaissais pas bien, qui est \u00e0 la fois bruyante et vivante tourn\u00e9e vers la M\u00e9diterran\u00e9e. Je la compare un peu \u00e0 la Tour de Babel. En termes d\u2019\u00e9nergie, c\u2019est une ville qui me correspond. J\u2019y ai tourn\u00e9 l\u2019an pass\u00e9, un autre t\u00e9l\u00e9film \u00ab\u00a0\u00c0 qui profite le doute\u00a0?\u00a0\u00bb avec Philippe Caroit. C\u2019est un souvenir incroyable.<\/p>\n<p><strong>On vous conna\u00eet pour vos r\u00f4les \u00e0 la t\u00e9l\u00e9vision, un peu moins pour vos r\u00f4les au cin\u00e9ma.<\/strong>&#13;\n<\/p>\n<p>J\u2019ai commenc\u00e9 pourtant par le cin\u00e9ma ind\u00e9pendant. Plusieurs des films dans lesquels j\u2019ai tourn\u00e9 ont \u00e9t\u00e9 en comp\u00e9tition \u00e0 Cannes. \u00c0 trente ans, quand je me suis s\u00e9par\u00e9e du p\u00e8re de ma fille (<a href=\"https:\/\/www.laprovence.com\/article\/region\/14763823162963\/festival-phare-darles-hippolyte-girardot-jai-eu-des-cadeaux-de-metteurs-en-scene\" target=\"_blank\" rel=\"noopener\">Hippolyte Girardot<\/a>, NDLR), il a bien fallu la faire vivre. J\u2019ai alors commenc\u00e9 \u00e0 accepter des r\u00f4les \u00e0 la t\u00e9l\u00e9. \u00c0 l\u2019\u00e9poque, il \u00e9tait difficile de passer du petit au grand \u00e9cran. J\u2019ai donc men\u00e9 une carri\u00e8re marqu\u00e9e par des r\u00f4les de femme flic dans La Crim&rsquo;, Diane, femme flic.<\/p>\n<p><strong>Comment \u00e9volue la place des femmes qui prennent de l\u2019\u00e2ge \u00e0 l\u2019\u00e9cran\u00a0? Beaucoup d\u2019actrices disent qu\u2019apr\u00e8s 50\u00a0ans, il est difficile de trouver des r\u00f4les.<\/strong>&#13;\n<\/p>\n<p>\u00c0 partir de 50\u00a0ans, c\u2019est une nouvelle adolescence. Vieillir ne m\u2019a jamais pos\u00e9 probl\u00e8me. Et comme je mesure la chance d\u2019\u00eatre encore sollicit\u00e9e dans ma profession, je m\u2019accommode mieux que personne de mon \u00e2ge. Cette peur de vieillir est conditionn\u00e9e par les injonctions de la soci\u00e9t\u00e9. Les gens n\u2019aiment pas que vous soyez diff\u00e9rente de ce que vous \u00e9tiez.<\/p>\n","protected":false},"excerpt":{"rendered":"Les t\u00e9l\u00e9spectateurs de TF1 avaient quitt\u00e9 Isabel Otero en commissaire de police dans Diane, femme flic. La revoil\u00e0&hellip;\n","protected":false},"author":2,"featured_media":177707,"comment_status":"","ping_status":"","sticky":false,"template":"","format":"standard","meta":{"footnotes":""},"categories":[2814],"tags":[17,1111,11,11668,14057,1777,674,1011,27,31391,15926,884,12,31392,471,882,16,25,3585],"class_list":{"0":"post-177706","1":"post","2":"type-post","3":"status-publish","4":"format-standard","5":"has-post-thumbnail","7":"category-marseille","8":"tag-17","9":"tag-actu","10":"tag-actualites","11":"tag-casting","12":"tag-comedienne","13":"tag-eu","14":"tag-europe","15":"tag-fr","16":"tag-france","17":"tag-isabel","18":"tag-lumiere","19":"tag-marseille","20":"tag-news","21":"tag-otero","22":"tag-pour","23":"tag-provence-alpes-cote-dazur","24":"tag-region","25":"tag-republique-francaise","26":"tag-tout"},"share_on_mastodon":{"url":"https:\/\/pubeurope.com\/@fr\/114685882088924763","error":""},"_links":{"self":[{"href":"https:\/\/www.europesays.com\/fr\/wp-json\/wp\/v2\/posts\/177706","targetHints":{"allow":["GET"]}}],"collection":[{"href":"https:\/\/www.europesays.com\/fr\/wp-json\/wp\/v2\/posts"}],"about":[{"href":"https:\/\/www.europesays.com\/fr\/wp-json\/wp\/v2\/types\/post"}],"author":[{"embeddable":true,"href":"https:\/\/www.europesays.com\/fr\/wp-json\/wp\/v2\/users\/2"}],"replies":[{"embeddable":true,"href":"https:\/\/www.europesays.com\/fr\/wp-json\/wp\/v2\/comments?post=177706"}],"version-history":[{"count":0,"href":"https:\/\/www.europesays.com\/fr\/wp-json\/wp\/v2\/posts\/177706\/revisions"}],"wp:featuredmedia":[{"embeddable":true,"href":"https:\/\/www.europesays.com\/fr\/wp-json\/wp\/v2\/media\/177707"}],"wp:attachment":[{"href":"https:\/\/www.europesays.com\/fr\/wp-json\/wp\/v2\/media?parent=177706"}],"wp:term":[{"taxonomy":"category","embeddable":true,"href":"https:\/\/www.europesays.com\/fr\/wp-json\/wp\/v2\/categories?post=177706"},{"taxonomy":"post_tag","embeddable":true,"href":"https:\/\/www.europesays.com\/fr\/wp-json\/wp\/v2\/tags?post=177706"}],"curies":[{"name":"wp","href":"https:\/\/api.w.org\/{rel}","templated":true}]}}