{"id":177712,"date":"2025-06-15T06:09:09","date_gmt":"2025-06-15T06:09:09","guid":{"rendered":"https:\/\/www.europesays.com\/fr\/177712\/"},"modified":"2025-06-15T06:09:09","modified_gmt":"2025-06-15T06:09:09","slug":"une-importante-clinique-lyonnaise-craint-de-graves-consequences-pour-les-patients-a-cause-des-embouteillages","status":"publish","type":"post","link":"https:\/\/www.europesays.com\/fr\/177712\/","title":{"rendered":"Une importante clinique lyonnaise craint de \u00abgraves cons\u00e9quences\u00bb pour les patients \u00e0 cause des embouteillages"},"content":{"rendered":"<p>Les maires LR d\u2019\u00c9cully et Tassin ont relay\u00e9 dans une lettre adress\u00e9e \u00e0 la m\u00e9tropole \u00e9cologiste les inqui\u00e9tudes de la directrice de la clinique du Val d\u2019Ouest qui pointe l\u2019engorgement du secteur, accru par les chantiers en cours.<\/p>\n<p class=\"fig-paragraph\">\u00abDes congestions routi\u00e8res tr\u00e8s importantes \u00e0 proximit\u00e9 de la clinique, provoquant des difficult\u00e9s importantes d\u2019accessibilit\u00e9\u00bb. Dans le\u00a0<a href=\"http:\/\/www.lefigaro.fr\/lyon\/dans-le-cossu-ouest-lyonnais-ecully-retrouve-son-quartier-prioritaire-un-an-apres-la-fusillade-mortelle-20240105\" data-fig-type=\"NewsFlash\" data-gtm-custom-categorie=\"navigation\" data-gtm-custom-action=\"crossclick\" data-gtm-custom-label=\"Contextuel\" data-gtm-event=\"customEventSPE\" data-fig-domain=\"LEFIGARO\" rel=\"nofollow noopener\" target=\"_blank\">cossu ouest lyonnais<\/a>, la directrice de la clinique du Val d\u2019Ouest, et ses\u00a0<a href=\"http:\/\/www.lefigaro.fr\/sciences\/notre-palmares-2022-des-meilleures-maternites-de-lyon-et-du-rhone-20221003\" data-fig-type=\"Article\" data-gtm-custom-categorie=\"navigation\" data-gtm-custom-action=\"crossclick\" data-gtm-custom-label=\"Contextuel\" data-gtm-event=\"customEventSPE\" data-fig-domain=\"LEFIGARO\" rel=\"nofollow noopener\" target=\"_blank\">3000 naissances annuelles<\/a>, s\u2019inqui\u00e8te des embouteillages qui cernent son \u00e9tablissement. Les maires Les R\u00e9publicains de\u00a0<a href=\"http:\/\/www.lefigaro.fr\/lyon\/des-quartiers-chics-aux-banlieues-rouges-de-lyon-l-effacement-du-macronisme-au-profit-du-rn-20240621\" data-fig-type=\"NewsFlash\" data-gtm-custom-categorie=\"navigation\" data-gtm-custom-action=\"crossclick\" data-gtm-custom-label=\"Contextuel\" data-gtm-event=\"customEventSPE\" data-fig-domain=\"LEFIGARO\" rel=\"nofollow noopener\" target=\"_blank\">Tassin-la-Demi-Lune<\/a>\u00a0et d\u2019<a href=\"http:\/\/www.lefigaro.fr\/lyon\/projet-de-centre-pour-mineurs-isoles-dans-la-banlieue-chic-de-lyon-la-metropole-de-nouveau-deboutee-20250409\" data-fig-type=\"NewsFlash\" data-gtm-custom-categorie=\"navigation\" data-gtm-custom-action=\"crossclick\" data-gtm-custom-label=\"Contextuel\" data-gtm-event=\"customEventSPE\" data-fig-domain=\"LEFIGARO\" rel=\"nofollow noopener\" target=\"_blank\">\u00c9cully<\/a>\u00a0ont relay\u00e9 ses craintes dans une lettre adress\u00e9e le 3 juin au vice-pr\u00e9sident \u00e9cologiste en charge des mobilit\u00e9s \u00e0 la\u00a0<a href=\"http:\/\/www.lefigaro.fr\/lyon\/la-pollution-a-t-elle-augmente-a-lyon-lors-du-mandat-des-ecologistes-20250610\" data-fig-type=\"NewsFlash\" data-gtm-custom-categorie=\"navigation\" data-gtm-custom-action=\"crossclick\" data-gtm-custom-label=\"Contextuel\" data-gtm-event=\"customEventSPE\" data-fig-domain=\"LEFIGARO\" rel=\"nofollow noopener\" target=\"_blank\">M\u00e9tropole de Lyon<\/a>. Les \u00e9lus pointent du doigt les\u00a0<a href=\"http:\/\/www.lefigaro.fr\/lyon\/grand-lyon-une-metropole-en-travaux-en-2023-pour-preparer-les-mobilites-de-demain-20230121\" data-fig-type=\"Article\" data-gtm-custom-categorie=\"navigation\" data-gtm-custom-action=\"crossclick\" data-gtm-custom-label=\"Contextuel\" data-gtm-event=\"customEventSPE\" data-fig-domain=\"LEFIGARO\" rel=\"nofollow noopener\" target=\"_blank\">travaux d\u2019am\u00e9nagements<\/a>, cyclables notamment, engag\u00e9s par la collectivit\u00e9 aux abords de ce p\u00f4le de sant\u00e9 majeur de l\u2019ouest de l\u2019agglom\u00e9ration. Et alertent sur les \u00abgraves cons\u00e9quences\u00bb qu\u2019ils pourraient engendrer pour les patients.<\/p>\n<p class=\"fig-paragraph\">\u00abLe personnel a d\u00e9j\u00e0 eu plusieurs frayeurs, assure au Figaro\u00a0<a href=\"http:\/\/www.lefigaro.fr\/lyon\/pres-d-un-an-apres-son-adoption-la-semaine-de-quatre-jours-a-conquis-les-fonctionnaires-d-ecully-20241111\" data-fig-type=\"NewsFlash\" data-gtm-custom-categorie=\"navigation\" data-gtm-custom-action=\"crossclick\" data-gtm-custom-label=\"Contextuel\" data-gtm-event=\"customEventSPE\" data-fig-domain=\"LEFIGARO\" rel=\"nofollow noopener\" target=\"_blank\">S\u00e9bastien Michel<\/a>, maire d\u2019\u00c9cully, o\u00f9 la clinique est implant\u00e9e. Des femmes en situation d\u2019accoucher o\u00f9 c\u2019est pass\u00e9 ric-rac\u00bb. Dans la lettre cosign\u00e9e avec son voisin\u00a0<a href=\"http:\/\/www.lefigaro.fr\/lyon\/pres-de-lyon-les-menus-uniques-pour-se-conformer-a-la-laicite-retoques-par-le-tribunal-administratif-20241106\" data-fig-type=\"NewsFlash\" data-gtm-custom-categorie=\"navigation\" data-gtm-custom-action=\"crossclick\" data-gtm-custom-label=\"Contextuel\" data-gtm-event=\"customEventSPE\" data-fig-domain=\"LEFIGARO\" rel=\"nofollow noopener\" target=\"_blank\">Pascal Charmot,<\/a>\u00a0il souligne \u00abl\u2019angoisse permanente des \u00e9quipes d\u2019\u00eatre confront\u00e9es \u00e0 ces situations d\u2019urgence et d\u2019impuissance, dues \u00e0 ces probl\u00e8mes de circulation\u00bb. Les deux \u00e9diles ciblent les travaux actuels d\u2019extension de la\u00a0<a href=\"http:\/\/www.lefigaro.fr\/lyon\/tout-est-organise-pour-contraindre-l-entree-des-vehicules-a-lyon-la-justice-saisie-contre-certaines-pistes-cyclables-20250108\" data-fig-type=\"NewsFlash\" data-gtm-custom-categorie=\"navigation\" data-gtm-custom-action=\"crossclick\" data-gtm-custom-label=\"Contextuel\" data-gtm-event=\"customEventSPE\" data-fig-domain=\"LEFIGARO\" rel=\"nofollow noopener\" target=\"_blank\">Voie lyonnaise num\u00e9ro 8<\/a>\u00a0comme \u00abrisque majeur\u00bb, en raison de l\u2019embolie automobile qu\u2019ils provoquent depuis quelques semaines. Ils rappellent au passage l<a href=\"http:\/\/www.lefigaro.fr\/lyon\/manque-d-effectif-travaux-attente-aux-urgences-pourquoi-les-pompiers-lyonnais-mettent-plus-de-temps-a-arriver-20250224\" data-fig-type=\"NewsFlash\" data-gtm-custom-categorie=\"navigation\" data-gtm-custom-action=\"crossclick\" data-gtm-custom-label=\"Contextuel\" data-gtm-event=\"customEventSPE\" data-fig-domain=\"LEFIGARO\" rel=\"nofollow noopener\" target=\"_blank\">\u2019augmentation du d\u00e9lai d\u2019intervention des pompiers de Lyon<\/a>.<\/p>\n<p>Un secteur particuli\u00e8rement embouteill\u00e9<\/p>\n<p class=\"fig-paragraph\">Du c\u00f4t\u00e9 de la m\u00e9tropole, on r\u00e9pond que \u00abplusieurs r\u00e9unions de travail\u00bb avaient \u00e9t\u00e9 organis\u00e9es en amont avec le\u00a0<a href=\"http:\/\/www.lefigaro.fr\/lyon\/fraude-trop-elevee-poids-de-la-dette-gratuite-les-transports-lyonnais-passes-au-crible-de-la-chambre-regionale-des-comptes-20250606\" data-fig-type=\"NewsFlash\" data-gtm-custom-categorie=\"navigation\" data-gtm-custom-action=\"crossclick\" data-gtm-custom-label=\"Contextuel\" data-gtm-event=\"customEventSPE\" data-fig-domain=\"LEFIGARO\" rel=\"nofollow noopener\" target=\"_blank\">Sytral<\/a>\u00a0et la direction de la clinique pour anticiper ces difficult\u00e9s. La direction de la clinique a propos\u00e9 la suspension des am\u00e9nagements cyclables de la VL8 qui doit permettre de relier l\u2019ouest de la m\u00e9tropole au centre de Lyon et traverser jusqu\u2019\u00e0 Bron \u00e0 l\u2019est. Elle \u00e9voque aussi un r\u00e9agencement des feux tricolores. S\u00e9bastien Michel fait le parall\u00e8le avec\u00a0<a href=\"http:\/\/www.lefigaro.fr\/lyon\/a-lyon-l-amenagement-d-une-piste-cyclable-sur-une-avenue-desormais-a-sens-unique-complique-l-acces-aux-hopitaux-20241029\" data-fig-type=\"NewsFlash\" data-gtm-custom-categorie=\"navigation\" data-gtm-custom-action=\"crossclick\" data-gtm-custom-label=\"Contextuel\" data-gtm-event=\"customEventSPE\" data-fig-domain=\"LEFIGARO\" rel=\"nofollow noopener\" target=\"_blank\">l\u2019am\u00e9nagement de la VL12 devant l\u2019h\u00f4pital \u00c9douard Herriot<\/a>\u00a0qui avait \u00e9t\u00e9\u00a0<a href=\"http:\/\/www.lefigaro.fr\/lyon\/le-principal-hopital-de-lyon-alerte-sur-la-creation-d-une-piste-cyclable-perturbant-l-acces-des-secours-20230601\" data-fig-type=\"Article\" data-gtm-custom-categorie=\"navigation\" data-gtm-custom-action=\"crossclick\" data-gtm-custom-label=\"Contextuel\" data-gtm-event=\"customEventSPE\" data-fig-domain=\"LEFIGARO\" rel=\"nofollow noopener\" target=\"_blank\">critiqu\u00e9 par des cadres de l\u2019\u00e9tablissement de sant\u00e9 et du Samu<\/a>.<\/p>\n<p class=\"fig-paragraph\">\u00c0 \u00c9cully pourtant, l\u2019acc\u00e8s au Val d\u2019Ouest, 2e meilleure maternit\u00e9 de France, se faisait d\u00e9j\u00e0 par une deux fois une voie, le\u00a0<a href=\"http:\/\/www.lefigaro.fr\/lyon\/ils-sont-remontes-comme-des-fleches-2000-a-3000-taxis-attendus-pour-bloquer-lyon-ce-lundi-20241201\" data-fig-type=\"NewsFlash\" data-gtm-custom-categorie=\"navigation\" data-gtm-custom-action=\"crossclick\" data-gtm-custom-label=\"Contextuel\" data-gtm-event=\"customEventSPE\" data-fig-domain=\"LEFIGARO\" rel=\"nofollow noopener\" target=\"_blank\">boulevard du Valvert<\/a>. Les embouteillages sont loin d\u2019\u00eatre nouveau dans ce secteur o\u00f9 se d\u00e9verse une partie du p\u00e9riph\u00e9rique nord et du\u00a0<a href=\"http:\/\/www.lefigaro.fr\/lyon\/lyon-la-zfe-etendue-au-tunnel-de-fourviere-emprunte-chaque-annee-par-des-milliers-de-vacanciers-20230609\" data-fig-type=\"Article\" data-gtm-custom-categorie=\"navigation\" data-gtm-custom-action=\"crossclick\" data-gtm-custom-label=\"Contextuel\" data-gtm-event=\"customEventSPE\" data-fig-domain=\"LEFIGARO\" rel=\"nofollow noopener\" target=\"_blank\">tunnel sous Fourvi\u00e8re<\/a>. Ils auraient \u00e9t\u00e9 accentu\u00e9s notamment par les travaux en cours dans le secteur et \u00e0\u00a0<a href=\"http:\/\/www.lefigaro.fr\/lyon\/lyon-un-homme-menace-les-clients-d-un-bar-avec-une-arme-de-poing-le-raid-intervient-20250407\" data-fig-type=\"NewsFlash\" data-gtm-custom-categorie=\"navigation\" data-gtm-custom-action=\"crossclick\" data-gtm-custom-label=\"Contextuel\" data-gtm-event=\"customEventSPE\" data-fig-domain=\"LEFIGARO\" rel=\"nofollow noopener\" target=\"_blank\">Vaise,<\/a>\u00a0assurent les deux \u00e9diles, et par le r\u00e9agencement des feux tricolores depuis la mont\u00e9e de l\u2019horloge \u00e0 Tassin.<\/p>\n<p class=\"fig-body-link\">\n            \u00c0 lire aussi<br \/>\n        <a class=\"fig-body-link__link fig-premium-mark\" href=\"http:\/\/www.lefigaro.fr\/lyon\/embouteillages-a-lyon-est-ce-vraiment-la-faute-des-ecolos-20241217\" data-fig-type=\"NewsFlash\" data-gtm-custom-categorie=\"navigation\" data-gtm-custom-action=\"crossclick\" data-gtm-custom-label=\"Contextuel\" data-gtm-event=\"customEventSPE\" data-fig-domain=\"LEFIGARO\" rel=\"nofollow noopener\" target=\"_blank\">Embouteillages \u00e0 Lyon\u00a0: est-ce vraiment la faute des \u00e9colos\u00a0?<br \/>\n    <\/a>\n<\/p>\n<p class=\"fig-paragraph\">\u00abJe suis assez effray\u00e9 qu\u2019il n\u2019y ait eu aucune anticipation sur les difficult\u00e9s cr\u00e9e par les am\u00e9nagements, attaque S\u00e9bastien Michel. Ils pensent tellement \u00eatre dans le camp du bien qu\u2019ils se croient tout permis pour le v\u00e9lo, sans penser aux r\u00e9percussions mais on ne peut pas jouer la vie de nos concitoyens.\u00bb La M\u00e9tropole assure que les r\u00e9unions de travail des semaines pass\u00e9es ont \u00e9t\u00e9 l\u2019occasion d&rsquo;\u00e9changes sur \u00ables sujets li\u00e9s \u00e0 l\u2019accessibilit\u00e9 particuli\u00e8rement complexe du secteur, due \u00e0 la proximit\u00e9 avec des axes routiers majeurs o\u00f9 la circulation automobile est tr\u00e8s importante\u00bb. Des \u00abpistes de travail\u00bb ont \u00e9t\u00e9 \u00abidentifi\u00e9es et sont en cours d\u2019instruction\u00bb, assure la collectivit\u00e9, en lien avec la pr\u00e9fecture.<\/p>\n","protected":false},"excerpt":{"rendered":"Les maires LR d\u2019\u00c9cully et Tassin ont relay\u00e9 dans une lettre adress\u00e9e \u00e0 la m\u00e9tropole \u00e9cologiste les inqui\u00e9tudes&hellip;\n","protected":false},"author":2,"featured_media":177713,"comment_status":"","ping_status":"","sticky":false,"template":"","format":"standard","meta":{"footnotes":""},"categories":[1889],"tags":[1111,11,5273,2430,5299,5272,5312,5296,5285,1777,674,5293,1011,27,5303,5311,5301,5279,5275,5313,5276,5300,5302,5280,5298,5281,5306,5305,5308,5309,5284,5294,5297,5269,5271,5268,5270,5267,2428,5295,5307,5277,5304,5283,12,978,5274,25,2431,5314,5288,5292,5289,5291,5290,5315,5282,5286,5310,5287,5278],"class_list":{"0":"post-177712","1":"post","2":"type-post","3":"status-publish","4":"format-standard","5":"has-post-thumbnail","7":"category-lyon","8":"tag-actu","9":"tag-actualites","10":"tag-ainay","11":"tag-auvergne-rhone-alpes","12":"tag-bellecombe","13":"tag-bellecour","14":"tag-champvert-nord","15":"tag-champvert-sud","16":"tag-clos-jouve","17":"tag-eu","18":"tag-europe","19":"tag-fourviere","20":"tag-fr","21":"tag-france","22":"tag-gerland","23":"tag-gorge-de-loup","24":"tag-jean-mace","25":"tag-la-buire","26":"tag-la-confluence","27":"tag-la-duchere","28":"tag-la-guillotiere-nord-prefecture","29":"tag-la-guillotiere-sud","30":"tag-la-mouche","31":"tag-la-part-dieu","32":"tag-la-tete-dor","33":"tag-la-villette","34":"tag-laennec","35":"tag-le-bachut","36":"tag-le-grand-trou","37":"tag-le-moulin-a-vent","38":"tag-le-plateau-de-la-croix-rousse","39":"tag-le-point-du-jour","40":"tag-les-brotteaux","41":"tag-les-chartreux","42":"tag-les-cordeliers","43":"tag-les-pentes-de-la-croix-rousse","44":"tag-les-terreaux","45":"tag-les-traboules","46":"tag-lyon","47":"tag-menival","48":"tag-mermoz","49":"tag-moncey","50":"tag-monplaisir","51":"tag-montchat","52":"tag-news","53":"tag-olympique-lyonnais","54":"tag-perrache","55":"tag-republique-francaise","56":"tag-rhone-alpes","57":"tag-rochecardon-industrie","58":"tag-saint-georges","59":"tag-saint-irenee","60":"tag-saint-jean","61":"tag-saint-just","62":"tag-saint-paul","63":"tag-saint-rambert-lile-barbe","64":"tag-sans-souci-dauphine","65":"tag-serin-saint-charles","66":"tag-vaise","67":"tag-vieux-lyon","68":"tag-voltaire"},"share_on_mastodon":{"url":"","error":"Validation failed: Text character limit of 500 exceeded"},"_links":{"self":[{"href":"https:\/\/www.europesays.com\/fr\/wp-json\/wp\/v2\/posts\/177712","targetHints":{"allow":["GET"]}}],"collection":[{"href":"https:\/\/www.europesays.com\/fr\/wp-json\/wp\/v2\/posts"}],"about":[{"href":"https:\/\/www.europesays.com\/fr\/wp-json\/wp\/v2\/types\/post"}],"author":[{"embeddable":true,"href":"https:\/\/www.europesays.com\/fr\/wp-json\/wp\/v2\/users\/2"}],"replies":[{"embeddable":true,"href":"https:\/\/www.europesays.com\/fr\/wp-json\/wp\/v2\/comments?post=177712"}],"version-history":[{"count":0,"href":"https:\/\/www.europesays.com\/fr\/wp-json\/wp\/v2\/posts\/177712\/revisions"}],"wp:featuredmedia":[{"embeddable":true,"href":"https:\/\/www.europesays.com\/fr\/wp-json\/wp\/v2\/media\/177713"}],"wp:attachment":[{"href":"https:\/\/www.europesays.com\/fr\/wp-json\/wp\/v2\/media?parent=177712"}],"wp:term":[{"taxonomy":"category","embeddable":true,"href":"https:\/\/www.europesays.com\/fr\/wp-json\/wp\/v2\/categories?post=177712"},{"taxonomy":"post_tag","embeddable":true,"href":"https:\/\/www.europesays.com\/fr\/wp-json\/wp\/v2\/tags?post=177712"}],"curies":[{"name":"wp","href":"https:\/\/api.w.org\/{rel}","templated":true}]}}