{"id":177714,"date":"2025-06-15T06:12:07","date_gmt":"2025-06-15T06:12:07","guid":{"rendered":"https:\/\/www.europesays.com\/fr\/177714\/"},"modified":"2025-06-15T06:12:07","modified_gmt":"2025-06-15T06:12:07","slug":"je-suis-proche-du-coma","status":"publish","type":"post","link":"https:\/\/www.europesays.com\/fr\/177714\/","title":{"rendered":"Je suis proche du coma"},"content":{"rendered":"<p>            Par<br \/>\n        <strong><br \/>\n            <a href=\"https:\/\/actu.fr\/auteur\/hugo-hancewicz\" title=\"Consulter tous les articles de Hugo Hancewicz\" target=\"_blank\" rel=\"noopener\">Hugo Hancewicz<\/a><br \/>\n        <\/strong><\/p>\n<p>        Publi\u00e9 le<\/p>\n<p>            15 juin 2025 \u00e0 7h04        <\/p>\n<p>Iris a 32\u00a0ans. Elle vit \u00e0 <a href=\"https:\/\/actu.fr\/ile-de-france\/levallois-perret_92044\" target=\"_blank\" rel=\"noopener\">Levallois-Perret<\/a> (<a href=\"https:\/\/actu.fr\/ile-de-france\/hauts-de-seine_92\" target=\"_blank\" rel=\"noopener\">Hauts-de-Seine<\/a>) avec son mari, dans un quotidien que peu peuvent imaginer. N\u00e9e dans le 15e arrondissement de <a href=\"https:\/\/actu.fr\/paris\/dernieres-actus\" target=\"_blank\" rel=\"noopener\">Paris<\/a>, elle a grandi comme beaucoup d\u2019autres, sans jamais imaginer <strong>que son corps deviendrait un jour une prison<\/strong>. Aujourd\u2019hui, elle est allong\u00e9e, casque sur les oreilles, t\u00eate pos\u00e9e pour ne pas tomber. Ses gestes sont compt\u00e9s, <strong>ses paroles pr\u00e9cieuses<\/strong>. Chaque mot lui co\u00fbte. Elle est atteinte d\u2019enc\u00e9phalomy\u00e9lite myalgique (EM), une maladie neurologique reconnue par l\u2019Organisation mondiale de la sant\u00e9 (OMS) mais encore largement ignor\u00e9e. Iris ne sait pas quand ni o\u00f9 sont apparus les premiers sympt\u00f4mes. Un flou qui illustre l\u2019invisibilit\u00e9 d\u2019une maladie <strong>dont les origines restent encore m\u00e9connues <\/strong>pour beaucoup, y compris dans le monde m\u00e9dical. Aujourd\u2019hui, la jeune femme se bat pour obtenir plus de reconnaissance sur cette maladie qui a boulevers\u00e9 sa vie et dont elle a accept\u00e9 de partager le quotidien pour <a href=\"https:\/\/actu.fr\/paris\/\" target=\"_blank\" rel=\"noopener\">actu Paris<\/a>. \u00ab\u2009J\u2019ai la gnaque\u2009\u00bb, nous assure-t-elle. Ce vendredi 13\u00a0juin, elle se r\u00e9veille pour la troisi\u00e8me semaine cons\u00e9cutive \u00e0 l\u2019h\u00f4pital. <strong>\u00ab\u2009J\u2019ai failli y passer, encore une fois\u2009\u00bb<\/strong>, souffle-t-elle, la voix tremblante.<\/p>\n<p>Un quotidien rythm\u00e9 par des p\u00e9riodes de sommeil profond<\/p>\n<p class=\" wall-content\">\u00ab\u2009Ce matin, si j\u2019ai pu me laver les dents ou aller aux toilettes, c\u2019est gr\u00e2ce \u00e0 mon aidante. Enfin, c\u2019est une amie de la famille\u2009\u00bb, glisse Iris. La jeune femme est <strong>en attente d\u2019une aide professionnelle<\/strong>, d\u2019une personne form\u00e9e pour l\u2019accompagner au quotidien. Pour le moment, c\u2019est son mari qui assure tout. Il lui a d\u00e9j\u00e0 sauv\u00e9 la vie trois fois. Sans lui, elle le dit clairement, <strong>\u00ab\u2009je ne serais plus l\u00e0\u2009\u00bb<\/strong>.<\/p>\n<p class=\" wall-content\">L\u2019enc\u00e9phalomy\u00e9lite myalgique n\u2019a rien d\u2019une simple fatigue. \u00ab\u2009C\u2019est un \u00e9puisement total, <strong>comme apr\u00e8s avoir couru un marathon<\/strong> alors que vous venez de dormir\u2009\u00bb, explique-t-elle. Son quotidien est rythm\u00e9 par des p\u00e9riodes de sommeil profond, entrecoup\u00e9es de courts moments d\u2019\u00e9veil. \u00ab\u00a0Dans ces moments, je suis proche du coma\u00a0\u00bb, t\u00e9moigne-t-elle. Elle peut rester consciente quelques minutes, <strong>rarement plus de deux heures<\/strong>. Le reste du temps, elle dort.<\/p>\n<blockquote class=\"ac-article-quote wall-content\">\n<p>\u00ab Quand je dors, je ne ressens plus rien. L\u00e0, en parlant, je souffre. Chaque seconde est un combat \u00bb<\/p>\n<p>    <strong>Iris Baratier<\/strong><br \/>\n        Jeune femme de 32 ans atteinte d&rsquo;une maladie rare, l\u2019enc\u00e9phalomy\u00e9lite myalgique    <\/p><\/blockquote>\n<p>\u00ab\u2009Dans ces moments-l\u00e0, je suis un l\u00e9gume\u2009\u00bb<\/p>\n<p class=\" wall-content\">La maladie, <strong>qui touche<\/strong> <strong>plus de 450\u2009000\u00a0personnes en France<\/strong>, est dite multi-syst\u00e9mique. Elle impacte tout le corps et l\u2019esprit. Chez Iris, l\u2019\u00e9tat physique est s\u00e9v\u00e8re, l\u2019\u00e9tat cognitif mod\u00e9r\u00e9. Se brosser les dents, s\u2019asseoir, parler quelques minutes\u2026 tout cela demande une \u00e9nergie qu\u2019elle n\u2019a plus. <strong>L\u2019EM affaiblit aussi le syst\u00e8me immunitaire<\/strong>, abaisse la tension, cr\u00e9e des douleurs multiples.<\/p>\n<p class=\" wall-content\">Et comme si cela ne suffisait pas, <strong>elle ouvre la porte \u00e0 d\u2019autres maladies<\/strong>, comme une toile d\u2019araign\u00e9e qui se propage. Crises, paralysies, sang \u00e9paissi par manque d\u2019oxyg\u00e8ne, ou m\u00eame impossibilit\u00e9 de d\u00e9glutir. \u00ab\u2009Dans ces moments-l\u00e0, je suis un l\u00e9gume. Comme les personnes \u00e2g\u00e9es tr\u00e8s d\u00e9pendantes, sauf que j\u2019ai 32\u00a0ans\u2009\u00bb.<\/p>\n<p>    <a href=\"https:\/\/www.facebook.com\/plugins\/post.php?href=https%3A%2F%2Fwww.facebook.com%2FChange.orgFrance%2Fposts%2Fpfbid02QirtKSXhA829BahcWuUJnSzN1BirmWvD8G1RsSwtqrNpuN3kkpvfo26KdYqigoCgl&amp;show_text=true&amp;width=350\" title=\"Ouvrie le lien\" target=\"_blank\" rel=\"noopener\">Cliquez ici pour visualiser le contenu<\/a><\/p>\n<p class=\" wall-content\">Chez les personnes atteintes d\u2019enc\u00e9phalomy\u00e9lite myalgique, <strong>la dur\u00e9e de vie est de 14,2 ans en moyenne<\/strong> apr\u00e8s le d\u00e9clenchement de la maladie.<\/p>\n<p>Un combat pour permettre la reconnaissance de la maladie<\/p>\n<p class=\" wall-content\">Iris le sait, son humour est une arme. \u00ab\u2009Nous, on aimerait avoir le corps de L\u00e9on Marchand, ironise-t-elle. <strong>Malheureusement, on a un d\u00e9ficit d\u2019\u00e9nergie<\/strong>\u2009\u00bb. Cette autod\u00e9rision, elle la cultive pour ne pas sombrer. Mais derri\u00e8re les mots, il y a les faits. Plusieurs fois, elle a fr\u00f4l\u00e9 la mort.<\/p>\n<p class=\" wall-content\">Aujourd\u2019hui, ce qui la r\u00e9volte, ce n\u2019est pas tant l\u2019ignorance des m\u00e9decins que le silence autour de la maladie. \u00ab\u2009Ce n\u2019est pas leur faute. On ne leur apprend pas \u00e7a \u00e0 la fac\u2009\u00bb, dit-elle sans ranc\u0153ur. Ce qu\u2019elle veut d\u00e9sormais, c\u2019est que l\u2019enc\u00e9phalomy\u00e9lite myalgique <strong>trouve enfin sa place dans les cours de m\u00e9decine<\/strong>, pour qu\u2019elle ne soit plus aussi ignor\u00e9e.<\/p>\n<p class=\" wall-content\">Elle compte \u00e9galement \u00e9crire au pr\u00e9sident de la R\u00e9publique. \u00ab\u2009Je ne vais pas m\u2019arr\u00eater l\u00e0\u2009\u00bb. Une <a href=\"https:\/\/www.change.org\/p\/agissez-pour-les-oubli%C3%A9s-de-l-enc%C3%A9phalomy%C3%A9lite-myalgique-en-france\" target=\"_blank\" rel=\"noopener\">p\u00e9tition a \u00e9t\u00e9 lanc\u00e9e<\/a> pour faire bouger les lignes. L\u2019objectif est <strong>d\u2019atteindre les 500\u2009000 signatures<\/strong>, autant que le nombre estim\u00e9 de malades en France. \u00ab\u2009Il faut que les gens sachent. Tant qu\u2019on ne voit pas cette maladie, on ne la croit pas\u2009\u00bb, souffle-t-elle.<\/p>\n<p class=\" wall-content\">Suivez toute l\u2019actualit\u00e9 de vos villes et m\u00e9dias favoris en vous inscrivant \u00e0 <a href=\"https:\/\/moncompte.actu.fr\" title=\"D\u00e9couvez Mon Actu\" rel=\"nofollow noopener\" data-trk=\"{&quot;cta&quot;:{&quot;action&quot;:&quot;https:\\\/\\\/moncompte.actu.fr&quot;,&quot;category&quot;:&quot;mon compte&quot;,&quot;from&quot;:&quot;article footer&quot;,&quot;name&quot;:&quot;Mon actu&quot;,&quot;type&quot;:&quot;cta&quot;}}\" target=\"_blank\">Mon Actu<\/a>.<\/p>\n","protected":false},"excerpt":{"rendered":"Par Hugo Hancewicz Publi\u00e9 le 15 juin 2025 \u00e0 7h04 Iris a 32\u00a0ans. Elle vit \u00e0 Levallois-Perret (Hauts-de-Seine)&hellip;\n","protected":false},"author":2,"featured_media":177715,"comment_status":"","ping_status":"","sticky":false,"template":"","format":"standard","meta":{"footnotes":""},"categories":[1888],"tags":[1111,1928,11,1927,1777,674,1011,27,226,12,1926,626,1925,25,104],"class_list":{"0":"post-177714","1":"post","2":"type-post","3":"status-publish","4":"format-standard","5":"has-post-thumbnail","7":"category-paris","8":"tag-actu","9":"tag-actu-paris","10":"tag-actualites","11":"tag-actualites-paris","12":"tag-eu","13":"tag-europe","14":"tag-fr","15":"tag-france","16":"tag-maladie","17":"tag-news","18":"tag-news-paris","19":"tag-paris","20":"tag-paris-news","21":"tag-republique-francaise","22":"tag-societe"},"share_on_mastodon":{"url":"https:\/\/pubeurope.com\/@fr\/114685905733889412","error":""},"_links":{"self":[{"href":"https:\/\/www.europesays.com\/fr\/wp-json\/wp\/v2\/posts\/177714","targetHints":{"allow":["GET"]}}],"collection":[{"href":"https:\/\/www.europesays.com\/fr\/wp-json\/wp\/v2\/posts"}],"about":[{"href":"https:\/\/www.europesays.com\/fr\/wp-json\/wp\/v2\/types\/post"}],"author":[{"embeddable":true,"href":"https:\/\/www.europesays.com\/fr\/wp-json\/wp\/v2\/users\/2"}],"replies":[{"embeddable":true,"href":"https:\/\/www.europesays.com\/fr\/wp-json\/wp\/v2\/comments?post=177714"}],"version-history":[{"count":0,"href":"https:\/\/www.europesays.com\/fr\/wp-json\/wp\/v2\/posts\/177714\/revisions"}],"wp:featuredmedia":[{"embeddable":true,"href":"https:\/\/www.europesays.com\/fr\/wp-json\/wp\/v2\/media\/177715"}],"wp:attachment":[{"href":"https:\/\/www.europesays.com\/fr\/wp-json\/wp\/v2\/media?parent=177714"}],"wp:term":[{"taxonomy":"category","embeddable":true,"href":"https:\/\/www.europesays.com\/fr\/wp-json\/wp\/v2\/categories?post=177714"},{"taxonomy":"post_tag","embeddable":true,"href":"https:\/\/www.europesays.com\/fr\/wp-json\/wp\/v2\/tags?post=177714"}],"curies":[{"name":"wp","href":"https:\/\/api.w.org\/{rel}","templated":true}]}}