{"id":177730,"date":"2025-06-15T06:20:13","date_gmt":"2025-06-15T06:20:13","guid":{"rendered":"https:\/\/www.europesays.com\/fr\/177730\/"},"modified":"2025-06-15T06:20:13","modified_gmt":"2025-06-15T06:20:13","slug":"allemagne-le-manifeste-de-paix-du-spd-est-une-tentative-de-couvrir-ses-traces","status":"publish","type":"post","link":"https:\/\/www.europesays.com\/fr\/177730\/","title":{"rendered":"Allemagne\u00a0: le manifeste de \u00abPaix\u00bb du SPD est une tentative de couvrir ses traces"},"content":{"rendered":"<p>Un \u00abmanifeste\u00bb d\u2019anciens dirigeants du Parti social-d\u00e9mocrate allemand (SPD), appelant \u00e0 une \u00abstrat\u00e9gie de d\u00e9sescalade\u00bb pour l\u2019Europe au lieu d\u2019une \u00abnouvelle course aux armements\u00a0\u00bb et pr\u00f4nant un \u00abretour progressif \u00e0 la coop\u00e9ration avec la Russie\u00bb, a fait des vagues consid\u00e9rables.<\/p>\n<p><img decoding=\"async\" class=\"db relative center\" loading=\"lazy\" src=\"https:\/\/www.europesays.com\/fr\/wp-content\/uploads\/2025\/06\/a6d4b3d2-ff12-4505-a13c-cf5ba825de3d\" style=\"max-height:100%\"\/>Rolf M\u00fctzenich s&rsquo;exprimant en tant que leader parlementaire du SPD au Bundestag [parlement allemand], septembre 2023 [Photo by DBT \/ Marc-Steffen Unger ]<\/p>\n<p>Le document a \u00e9t\u00e9 sign\u00e9 par plusieurs dizaines d&rsquo;anciens hauts responsables du parti, dont Rolf M\u00fctzenich, qui a dirig\u00e9 le groupe parlementaire du SPD jusqu&rsquo;en f\u00e9vrier de cette ann\u00e9e, Ralf Stegner, ancien membre du comit\u00e9 ex\u00e9cutif, et Norbert Walter-Borjans, ancien pr\u00e9sident du parti. Il a \u00e9galement \u00e9t\u00e9 approuv\u00e9 par l&rsquo;ancien ministre des Finances Hans Eichel, l&rsquo;ancien ministre d&rsquo;\u00c9tat \u00e0 la Culture Julian Nida-R\u00fcmelin, et l&rsquo;historien Peter Brandt, fils de l&rsquo;ancien chancelier Willy Brandt.<\/p>\n<p>Bien que les m\u00e9dias pr\u00e9sentent le manifeste comme un d\u00e9fi lanc\u00e9 au pr\u00e9sident du parti et vice-chancelier Lars Klingbeil et au ministre de la D\u00e9fense Boris Pistorius, il n&rsquo;en est rien. Publi\u00e9 deux semaines avant le congr\u00e8s national du SPD, le manifeste vise \u00e0 apaiser l&rsquo;indignation grandissante suscit\u00e9e par la politique militariste du parti, qui a entra\u00een\u00e9 son pire r\u00e9sultat \u00e9lectoral en f\u00e9vrier.<\/p>\n<p>Si le manifeste invoque la politique de d\u00e9tente des ann\u00e9es 1970, l&rsquo;Acte final d&rsquo;Helsinki de 1975, le contr\u00f4le des armements et l&rsquo;entente internationale, et met en garde contre \u00abune rh\u00e9torique militaire alarmiste et des programmes de r\u00e9armement massifs\u00bb, il est en accord avec la politique gouvernementale sur tous les points et conclusions essentiels. \u00abIl n&rsquo;y a rien de r\u00e9pr\u00e9hensible dans ce document, ce n&rsquo;est pas un \u2018\u2018document russe\u2019\u2019\u00bb, a soulign\u00e9 M\u00fctzenich dans une interview \u00e0 la S\u00fcddeutsche Zeitung.<\/p>\n<p>Il sait de quoi il parle. En tant que chef du SPD au Parlement, M\u00fctzenich a obtenu la majorit\u00e9 parlementaire en 2022 pour le fonds sp\u00e9cial de 100 milliards d&rsquo;euros destin\u00e9 au r\u00e9armement de l&rsquo;arm\u00e9e allemande et en 2025 pour des cr\u00e9dits de guerre de plus de 1\u00a0000 milliards d&rsquo;euros. Lorsqu&rsquo;il critique aujourd&rsquo;hui des \u00ab\u00a0\u00e9l\u00e9ments\u00a0\u00bb qui \u00ab\u00a0voient l&rsquo;avenir principalement dans une strat\u00e9gie de confrontation militaire et des centaines de milliards pour le r\u00e9armement\u00a0\u00bb, il s&rsquo;agit d&rsquo;une tentative manifeste de couvrir ses traces.<\/p>\n<p>Le manifeste soutient explicitement le r\u00e9armement. Il affirme\u00a0: \u00ab\u00a0C\u2019est clair\u00a0: une Bundeswehr [forces arm\u00e9es] comp\u00e9tente et un renforcement de la capacit\u00e9 d\u2019action de l\u2019Europe en mati\u00e8re de politique de s\u00e9curit\u00e9 sont n\u00e9cessaires.\u00a0\u00bb<\/p>\n<p>Il soutient aussi l\u2019appel \u00e0 une \u00ab\u00a0capacit\u00e9 militaire ind\u00e9pendante pour les \u00c9tats europ\u00e9ens, ind\u00e9pendante des \u00c9tats-Unis\u00a0\u00bb, l&rsquo;une des principales justifications de l&rsquo;augmentation massive des d\u00e9penses militaires. Malgr\u00e9 tous les discours sur la \u00ab\u00a0d\u00e9tente\u00a0\u00bb et la \u00ab\u00a0coop\u00e9ration\u00a0\u00bb, la Russie est clairement d\u00e9sign\u00e9e comme l&rsquo;ennemi pour sa \u00ab\u00a0violation du droit international en attaquant l&rsquo;Ukraine\u00a0\u00bb.<\/p>\n<p>Le manifeste n&rsquo;appelle pas \u00e0 la fin de l&rsquo;offensive militaire contre la Russie. Il cherche simplement \u00e0 masquer cette offensive derri\u00e8re des phrases creuses sur la \u00abma\u00eetrise des armements\u00bb et le \u00abdialogue\u00bb.<\/p>\n<p>La r\u00e9action agressive des principaux responsables politiques du SPD est d&rsquo;autant plus remarquable. Elle montre qu&rsquo;il ne reste plus rien de social ni de d\u00e9mocratique dans ce parti, qui a commenc\u00e9 son ascension il y a plus de 150 ans sous le drapeau du marxisme. Aujourd&rsquo;hui, il soutient les objectifs imp\u00e9rialistes du capital allemand et les coupes sociales qui en d\u00e9coulent avec autant de d\u00e9termination que les chr\u00e9tiens-d\u00e9mocrates (CDU\/CSU), les lib\u00e9raux-d\u00e9mocrates (FDP), les Verts et le parti d&rsquo;extr\u00eame droite AfD (Alternative pour l&rsquo;Allemagne). Le SPD contr\u00f4le les deux minist\u00e8res cl\u00e9s \u2013 la D\u00e9fense et les Finances \u2013 pour faire avancer ces objectifs.<\/p>\n<p>Le ministre de la D\u00e9fense Pistorius a accus\u00e9 le manifeste de \u00abnier la r\u00e9alit\u00e9\u00bb. Il a affirm\u00e9 qu&rsquo;il abusait du \u00abd\u00e9sir de paix du peuple de ce pays\u00bb. On ne pouvait n\u00e9gocier avec Poutine qu&rsquo;\u00aben position de force\u00bb. Telle \u00e9tait, a-t-il affirm\u00e9, la politique de Willy Brandt \u2013 \u00absous le gouvernement duquel la part des d\u00e9penses de d\u00e9fense dans le PIB \u00e9tait nettement sup\u00e9rieure \u00e0 celle d&rsquo;aujourd&rsquo;hui. Aucune soumission.\u00bb<\/p>\n<p>De fa\u00e7on appropri\u00e9e, Pistorius s&rsquo;est rendu \u00e0 Kiev mercredi et a promis une aide militaire suppl\u00e9mentaire de 1,9 milliard d&rsquo;euros \u00e0 l&rsquo;Ukraine. L&rsquo;Allemagne, a-t-il annonc\u00e9 lors d&rsquo;une conf\u00e9rence de presse conjointe avec le pr\u00e9sident ukrainien Volodymyr Zelensky, \u00e9tait pr\u00eate \u00e0 cofinancer des \u00ab\u00a0syst\u00e8mes de tir \u00e0 longue port\u00e9e\u00a0\u00bb, c&rsquo;est-\u00e0-dire des missiles capables de frapper des cibles en Russie. L&rsquo;Allemagne entend \u00e9galement \u00e9largir sa coop\u00e9ration en mati\u00e8re d&rsquo;armement avec l&rsquo;Ukraine.<\/p>\n<p>Dans ce contexte, l&rsquo;ancien pr\u00e9sident de la Commission des affaires \u00e9trang\u00e8res du Bundestag, Michael Roth, a d\u00e9nonc\u00e9 le manifeste comme un \u00abdocument de bien-\u00eatre \u00e9go\u00efste et suffisant\u00a0\u00bb. Lui aussi avait cru autrefois \u00e0 la devise de \u00abla paix sans armes\u00bb, mais dans un monde de \u00abdictature et d&rsquo;imp\u00e9rialisme\u00bb, celle-ci n&rsquo;\u00e9tait plus valable<\/p>\n<p>Sebastian Fiedler, porte-parole du groupe parlementaire SPD pour les affaires int\u00e9rieures, a d\u00e9clar\u00e9 que le document l&rsquo;avait \u00ab\u00a0irrit\u00e9, perturb\u00e9 et mis en col\u00e8re\u00a0\u00bb. Il y \u00e9tait m\u00eame question de \u00ab\u00a0coop\u00e9ration avec la Russie, c&rsquo;est-\u00e0-dire avec un criminel de guerre\u00a0\u00bb. Il a r\u00e9affirm\u00e9 son soutien sans r\u00e9serve \u00e0 la politique du gouvernement.<\/p>\n<p>Les Verts, qui ne font plus partie du gouvernement mais soutiennent toujours pleinement le r\u00e9armement et la guerre contre la Russie, ont eux aussi attaqu\u00e9 le manifeste. Agnieszka Brugger, vice-pr\u00e9sidente du groupe parlementaire, a qualifi\u00e9 l&rsquo;appel \u00e0 des n\u00e9gociations avec la Russie de \u00abv\u0153u pieux\u00bb, affirmant qu&rsquo;une telle d\u00e9marche \u00abne convaincrait pas un imp\u00e9rialiste impitoyable de mettre fin \u00e0 ses violences\u00bb.<\/p>\n<p>Brugger a qualifi\u00e9 les signataires du manifeste d\u2019\u00abhabituels suspects\u00bb ayant \u00abmanqu\u00e9 l\u2019obtention de postes au sein du SPD\u00a0\u00bb. Elle a exhort\u00e9 la direction du SPD \u00e0 ne pas laisser passer ces \u00abattaques internes\u00bb contre la politique gouvernementale sans y r\u00e9pondre. \u00ab\u00a0Quiconque souhaite la paix doit veiller \u00e0 pr\u00e9server notre s\u00e9curit\u00e9, en s&rsquo;appuyant sur la r\u00e9alit\u00e9\u00a0\u00bb, a-t-elle d\u00e9clar\u00e9.<\/p>\n<p>La politique belliciste du SPD et des Verts d\u00e9masque \u00e9galement le Parti de gauche, qui, \u00e0 l&rsquo;instar du manifeste de M\u00fctzenich-Stegner, \u00e9met parfois de l\u00e9g\u00e8res critiques \u00e0 l&rsquo;\u00e9gard du r\u00e9armement. Mais dans les moments d\u00e9cisifs, le Parti de gauche soutient sans r\u00e9serve la politique de guerre\u00a0: au Bundesrat (chambre haute du Parlement), il a vot\u00e9 en faveur du train de mesures de r\u00e9armement de 1\u00a0000 milliards d&rsquo;euros\u00a0; lors du vote du Bundestag pour l&rsquo;\u00e9lection du chancelier, il a aid\u00e9 Friedrich Merz (CDU) \u00e0 sortir du p\u00e9trin apr\u00e8s son \u00e9chec au premier tour.<\/p>\n<p>Toute la strat\u00e9gie du Parti de gauche est ax\u00e9e sur la formation d&rsquo;un gouvernement de coalition avec le SPD et les Verts \u2013 et, si n\u00e9cessaire, avec la CDU. Une fois au pouvoir, comme dans les L\u00e4nder de Berlin, de Br\u00eame et plusieurs L\u00e4nder de l&rsquo;Est, sa rh\u00e9torique de gauche s&rsquo;\u00e9vanouit comme ros\u00e9e du matin. Il r\u00e9duit les d\u00e9penses sociales, expulse les r\u00e9fugi\u00e9s et arme la police comme tous les autres partis.<\/p>\n<p>Il n\u2019y aura pas d\u2019opposition \u00e0 la folie du r\u00e9armement et au danger de guerre de la part d&rsquo;aucun parti repr\u00e9sent\u00e9 au Bundestag, ni des syndicats qui leur sont li\u00e9s. Une telle opposition ne peut venir que d&rsquo;un mouvement ind\u00e9pendant de la classe ouvri\u00e8re internationale, qui unisse la lutte contre la guerre, le fascisme et l&rsquo;aust\u00e9rit\u00e9 sociale \u00e0 la lutte contre leur cause profonde, le capitalisme.<\/p>\n<p>(Article paru en anglais le 14 juin 2025)<\/p>\n","protected":false},"excerpt":{"rendered":"Un \u00abmanifeste\u00bb d\u2019anciens dirigeants du Parti social-d\u00e9mocrate allemand (SPD), appelant \u00e0 une \u00abstrat\u00e9gie de d\u00e9sescalade\u00bb pour l\u2019Europe au&hellip;\n","protected":false},"author":2,"featured_media":177731,"comment_status":"","ping_status":"","sticky":false,"template":"","format":"standard","meta":{"footnotes":""},"categories":[1587],"tags":[11,672,1804,31395,1805,1803,1777,674,1801,31394,12,12709,1802,15770,220],"class_list":{"0":"post-177730","1":"post","2":"type-post","3":"status-publish","4":"format-standard","5":"has-post-thumbnail","7":"category-allemagne","8":"tag-actualites","9":"tag-allemagne","10":"tag-bundesrepublik-deutschland","11":"tag-cooperation-avec-russie","12":"tag-de","13":"tag-deutschland","14":"tag-eu","15":"tag-europe","16":"tag-germany","17":"tag-manifeste-de-paix","18":"tag-news","19":"tag-rearmement","20":"tag-republique-federale-dallemagne","21":"tag-spd","22":"tag-ukraine"},"share_on_mastodon":{"url":"https:\/\/pubeurope.com\/@fr\/114685937242204905","error":""},"_links":{"self":[{"href":"https:\/\/www.europesays.com\/fr\/wp-json\/wp\/v2\/posts\/177730","targetHints":{"allow":["GET"]}}],"collection":[{"href":"https:\/\/www.europesays.com\/fr\/wp-json\/wp\/v2\/posts"}],"about":[{"href":"https:\/\/www.europesays.com\/fr\/wp-json\/wp\/v2\/types\/post"}],"author":[{"embeddable":true,"href":"https:\/\/www.europesays.com\/fr\/wp-json\/wp\/v2\/users\/2"}],"replies":[{"embeddable":true,"href":"https:\/\/www.europesays.com\/fr\/wp-json\/wp\/v2\/comments?post=177730"}],"version-history":[{"count":0,"href":"https:\/\/www.europesays.com\/fr\/wp-json\/wp\/v2\/posts\/177730\/revisions"}],"wp:featuredmedia":[{"embeddable":true,"href":"https:\/\/www.europesays.com\/fr\/wp-json\/wp\/v2\/media\/177731"}],"wp:attachment":[{"href":"https:\/\/www.europesays.com\/fr\/wp-json\/wp\/v2\/media?parent=177730"}],"wp:term":[{"taxonomy":"category","embeddable":true,"href":"https:\/\/www.europesays.com\/fr\/wp-json\/wp\/v2\/categories?post=177730"},{"taxonomy":"post_tag","embeddable":true,"href":"https:\/\/www.europesays.com\/fr\/wp-json\/wp\/v2\/tags?post=177730"}],"curies":[{"name":"wp","href":"https:\/\/api.w.org\/{rel}","templated":true}]}}