{"id":177736,"date":"2025-06-15T06:23:10","date_gmt":"2025-06-15T06:23:10","guid":{"rendered":"https:\/\/www.europesays.com\/fr\/177736\/"},"modified":"2025-06-15T06:23:10","modified_gmt":"2025-06-15T06:23:10","slug":"a-washington-la-parade-danniversaire-de-donald-trump-ne-fait-pas-un-hit-liberation","status":"publish","type":"post","link":"https:\/\/www.europesays.com\/fr\/177736\/","title":{"rendered":"A Washington, la parade d\u2019anniversaire de Donald Trump ne fait pas un hit \u2013 Lib\u00e9ration"},"content":{"rendered":"<p class=\"sc-ksZaOG ehjQrN text-element\">Avec la vie qu\u2019il m\u00e8ne, Donald Trump aurait peut-\u00eatre pu prendre son samedi soir pour c\u00e9l\u00e9brer ses 79 ans, s\u2019offrir une escapade loin de la capitale et r\u00e9unir autour d\u2019une fontaine de Coca Light et d\u2019un parcours de mini-golf plaqu\u00e9 or ce qu\u2019il lui reste de best friends forever depuis <a href=\"https:\/\/www.liberation.fr\/international\/amerique\/quelle-ingratitude-entre-donald-trump-et-elon-musk-un-spectaculaire-divorce-a-lamericaine-20250606_6ARP3BLGQZB7LF7KVCQEFCHO2U\/\" target=\"_blank\" rel=\"nofollow noopener\" title=\"https:\/\/www.liberation.fr\/international\/amerique\/quelle-ingratitude-entre-donald-trump-et-elon-musk-un-spectaculaire-divorce-a-lamericaine-20250606_6ARP3BLGQZB7LF7KVCQEFCHO2U\/\">son fracassant divorce avec Elon Musk.<\/a> Mais, dans son infinie modestie, le 47e pr\u00e9sident des Etats-Unis aura cependant pr\u00e9f\u00e9r\u00e9 abriter son anniversaire sous les festivit\u00e9s simultan\u00e9es des 250 ans de l\u2019arm\u00e9e am\u00e9ricaine, samedi 14 juin, passant ainsi l\u2019essentiel de sa soir\u00e9e de birthday boy au garde-\u00e0-vous, cern\u00e9 de son \u00e9pouse et des figures surpomponn\u00e9es de <a href=\"https:\/\/www.liberation.fr\/international\/amerique\/etats-unis-donald-trump-compose-pas-a-pas-son-orchestre-infernal-20241128_XT6QJV3ZYZCSTH2WBD63ZYP6Q4\/\" target=\"_blank\" rel=\"nofollow noopener\" title=\"https:\/\/www.liberation.fr\/international\/amerique\/etats-unis-donald-trump-compose-pas-a-pas-son-orchestre-infernal-20241128_XT6QJV3ZYZCSTH2WBD63ZYP6Q4\/\">son gouvernement<\/a> dans une tribune \u00e9rig\u00e9e sur Constitution avenue, \u00e0 Washington DC. Devant lui, et<\/p>\n","protected":false},"excerpt":{"rendered":"Avec la vie qu\u2019il m\u00e8ne, Donald Trump aurait peut-\u00eatre pu prendre son samedi soir pour c\u00e9l\u00e9brer ses 79&hellip;\n","protected":false},"author":2,"featured_media":177737,"comment_status":"","ping_status":"","sticky":false,"template":"","format":"standard","meta":{"footnotes":""},"categories":[2],"tags":[11,75,73,1011,27,12,25],"class_list":{"0":"post-177736","1":"post","2":"type-post","3":"status-publish","4":"format-standard","5":"has-post-thumbnail","7":"category-actualites","8":"tag-actualites","9":"tag-donald-trump","10":"tag-etats-unis","11":"tag-fr","12":"tag-france","13":"tag-news","14":"tag-republique-francaise"},"share_on_mastodon":{"url":"https:\/\/pubeurope.com\/@fr\/114685948997154243","error":""},"_links":{"self":[{"href":"https:\/\/www.europesays.com\/fr\/wp-json\/wp\/v2\/posts\/177736","targetHints":{"allow":["GET"]}}],"collection":[{"href":"https:\/\/www.europesays.com\/fr\/wp-json\/wp\/v2\/posts"}],"about":[{"href":"https:\/\/www.europesays.com\/fr\/wp-json\/wp\/v2\/types\/post"}],"author":[{"embeddable":true,"href":"https:\/\/www.europesays.com\/fr\/wp-json\/wp\/v2\/users\/2"}],"replies":[{"embeddable":true,"href":"https:\/\/www.europesays.com\/fr\/wp-json\/wp\/v2\/comments?post=177736"}],"version-history":[{"count":0,"href":"https:\/\/www.europesays.com\/fr\/wp-json\/wp\/v2\/posts\/177736\/revisions"}],"wp:featuredmedia":[{"embeddable":true,"href":"https:\/\/www.europesays.com\/fr\/wp-json\/wp\/v2\/media\/177737"}],"wp:attachment":[{"href":"https:\/\/www.europesays.com\/fr\/wp-json\/wp\/v2\/media?parent=177736"}],"wp:term":[{"taxonomy":"category","embeddable":true,"href":"https:\/\/www.europesays.com\/fr\/wp-json\/wp\/v2\/categories?post=177736"},{"taxonomy":"post_tag","embeddable":true,"href":"https:\/\/www.europesays.com\/fr\/wp-json\/wp\/v2\/tags?post=177736"}],"curies":[{"name":"wp","href":"https:\/\/api.w.org\/{rel}","templated":true}]}}