{"id":177744,"date":"2025-06-15T06:27:13","date_gmt":"2025-06-15T06:27:13","guid":{"rendered":"https:\/\/www.europesays.com\/fr\/177744\/"},"modified":"2025-06-15T06:27:13","modified_gmt":"2025-06-15T06:27:13","slug":"record-nord-americain-pulverise-pour-le-canada-face-a-la-france","status":"publish","type":"post","link":"https:\/\/www.europesays.com\/fr\/177744\/","title":{"rendered":"Record nord-am\u00e9ricain pulv\u00e9ris\u00e9 pour le Canada face \u00e0 la France"},"content":{"rendered":"<p class=\"article-bodystyled__StyledText-sc-19uhgql-0 bGeyRM body-paragraph\">Avec 12 032 spectateurs, Qu\u00e9bec a \u00e9tabli un record nord-am\u00e9ricain de ce tournoi puisque l\u2019ancienne marque \u00e9tait d\u2019un peu plus de 7000 spectateurs \u00e9tablie l\u2019an dernier \u00e0 Ottawa. <\/p>\n<p class=\"article-bodystyled__StyledText-sc-19uhgql-0 bGeyRM body-paragraph\">C\u2019est \u00e9galement la plus grosse foule de l\u2019histoire pour un match de la formation nationale. Le seul match de volleyball au Qu\u00e9bec qui a attir\u00e9 plus de personnes est la finale des Jeux olympiques de Montr\u00e9al en 1976 entre l\u2019URSS et la Pologne avec plus de 15 000 spectateurs. <\/p>\n<p><img decoding=\"async\" data-chromatic=\"ignore\" alt=\"Le mur canadien bien synchronis&#xE9;.\" class=\"c-image\" loading=\"lazy\" src=\"https:\/\/www.europesays.com\/fr\/wp-content\/uploads\/2025\/06\/OEKHFTB7Q5DLNM3BXCFRHOH6NE.jpg\"  width=\"1200\" height=\"794\"\/><\/p>\n<p class=\"image-metadata__MetadataParagraph-sc-1gfk7p2-0 cAaLKg image-metadata\">Le mur canadien bien synchronis\u00e9. (Jocelyn Riendeau\/Le Soleil)<\/p>\n<p class=\"article-bodystyled__StyledText-sc-19uhgql-0 bGeyRM body-paragraph\">Sur le terrain, le Canada n\u2019a pas m\u00e9nag\u00e9 les efforts pour faire plaisir aux nombreux spectateurs, mais la France semblait toujours avoir les r\u00e9ponses lors des points importants en d\u00e9but de match.<\/p>\n<p class=\"article-bodystyled__StyledText-sc-19uhgql-0 bGeyRM body-paragraph\">\u00a0Les joueurs de l\u2019Unifoli\u00e9 se sont regroup\u00e9s pour prendre le troisi\u00e8me et quatri\u00e8me set et forcer une manche d\u00e9cisive. L\u2019exp\u00e9rience des champions du monde a cependant pes\u00e9 lourd dans la balance en fin de match. Ils l\u2019ont finalement emport\u00e9 25-22, 29-27, 27-29,\u00a0 21-25 et 15-6.<\/p>\n<p><img decoding=\"async\" data-chromatic=\"ignore\" alt=\"Une attaque marquante du capitaine canadien. \" class=\"c-image\" loading=\"lazy\" src=\"https:\/\/www.europesays.com\/fr\/wp-content\/uploads\/2025\/06\/3VQ73NM7QVBLZMBBHMQEIJNZNU.jpg\"  width=\"1200\" height=\"758\"\/><\/p>\n<p class=\"image-metadata__MetadataParagraph-sc-1gfk7p2-0 cAaLKg image-metadata\">Une attaque marquante du capitaine canadien.  (Jocelyn Riendeau\/Le Soleil)<\/p>\n<p>Exp\u00e9rience unique<\/p>\n<p class=\"article-bodystyled__StyledText-sc-19uhgql-0 bGeyRM body-paragraph\">Pour le capitaine canadien Fynnian Lionel McCarthy, jouer devant autant de monde au volleyball est simplement un r\u00eave devenu r\u00e9alit\u00e9. <\/p>\n<p class=\"article-bodystyled__StyledText-sc-19uhgql-0 bGeyRM body-paragraph\">\u00abJouer devant autant de monde dans notre pays, c\u2019est incroyable. Un \u00e9v\u00e9nement de volleyball mondial n\u2019est pas plus gros que \u00e7a ailleurs. Ce sport ne fait que continuer \u00e0 se d\u00e9velopper et on s\u2019en va dans la bonne direction. Le support des gens de Qu\u00e9bec a \u00e9t\u00e9 incroyable et on sentait vraiment leur \u00e9nergie sur le terrain.\u00bb <\/p>\n<p class=\"article-bodystyled__StyledText-sc-19uhgql-0 bGeyRM body-paragraph\">Le num\u00e9ro 33 \u00e9tait un peu ambivalent sur la partie.<\/p>\n<p class=\"article-bodystyled__StyledText-sc-19uhgql-0 bGeyRM body-paragraph\">\u00abInitialement, je me sens frustr\u00e9 parce que je crois qu\u2019on aurait pu mieux jouer et gagner. Je suis cependant tr\u00e8s fier de la fa\u00e7on que l\u2019on s\u2019est battu pour revenir dans le match. Je suis fier des gars m\u00eame si j\u2019aurais aim\u00e9 qu\u2019on d\u00e9montre un peu plus de combativit\u00e9 dans la derni\u00e8re manche\u00bb, explique celui qui assure que sa formation sera pr\u00eate \u00e0 jouer contre la Bulgarie demain.<\/p>\n<p><img decoding=\"async\" data-chromatic=\"ignore\" alt=\"Sur le terrain, le Canada n&#x2019;a pas m&#xE9;nag&#xE9; les efforts pour faire plaisir aux nombreux spectateurs.\" class=\"c-image\" loading=\"lazy\" src=\"https:\/\/www.europesays.com\/fr\/wp-content\/uploads\/2025\/06\/VILHXWHHQZG6BNE3H5NKETMF2U.jpg\"  width=\"1200\" height=\"800\"\/><\/p>\n<p class=\"image-metadata__MetadataParagraph-sc-1gfk7p2-0 cAaLKg image-metadata\">Sur le terrain, le Canada n\u2019a pas m\u00e9nag\u00e9 les efforts pour faire plaisir aux nombreux spectateurs. (Jocelyn Riendeau\/Le Soleil)<\/p>\n<p class=\"article-bodystyled__StyledText-sc-19uhgql-0 bGeyRM body-paragraph\">L\u2019attaquant Brodie Hofer, qui a \u00e9t\u00e9 le meilleur des siens avec 15 attaques marquantes, \u00e9tait aussi enthousiaste que son co\u00e9quipier. <\/p>\n<p class=\"article-bodystyled__StyledText-sc-19uhgql-0 bGeyRM body-paragraph\">\u00abC\u2019est facilement l\u2019une des meilleures foules que le Canada a eue pour du volleyball avec Ottawa l\u2019an dernier pour notre match face aux Am\u00e9ricains. C\u2019\u00e9tait vraiment cool. Je suis tr\u00e8s fier de notre club, je crois qu\u2019on aurait d\u00fb gagner, mais on a laiss\u00e9 trop de points sur la table\u00bb, pr\u00e9cise celui qui n\u2019avait pas d\u2019explication pour la baisse de r\u00e9gime en fin de match dans les deux d\u00e9faites canadiennes de la LNV.\u00bb<\/p>\n<p class=\"article-bodystyled__StyledText-sc-19uhgql-0 bGeyRM body-paragraph\">Hofer croit que sa formation n\u2019est vraiment pas loin des puissances mondiales. <\/p>\n<p class=\"article-bodystyled__StyledText-sc-19uhgql-0 bGeyRM body-paragraph\">\u00abOn a pris deux manches \u00e0 la France et on vient de jouer 15 manches en trois matchs. Il faut simplement \u00eatre meilleur dans les d\u00e9tails. On a une bonne \u00e9quipe et on fait les bonnes choses.\u00bb<\/p>\n<p><img decoding=\"async\" data-chromatic=\"ignore\" alt=\"Tr&#xE9;vor Cl&#xE9;venot a montr&#xE9; le chemin de la victoire &#xE0; ses co&#xE9;quipiers. \" class=\"c-image\" loading=\"lazy\" src=\"https:\/\/www.europesays.com\/fr\/wp-content\/uploads\/2025\/06\/Z3OLN4VXDRHSZDZV7Y5J7FJKTA.jpg\"  width=\"1200\" height=\"796\"\/><\/p>\n<p class=\"image-metadata__MetadataParagraph-sc-1gfk7p2-0 cAaLKg image-metadata\">Tr\u00e9vor Cl\u00e9venot a montr\u00e9 le chemin de la victoire \u00e0 ses co\u00e9quipiers.  (Jocelyn Riendeau\/Le Soleil)<\/p>\n<p>Un capitaine se l\u00e8ve<\/p>\n<p class=\"article-bodystyled__StyledText-sc-19uhgql-0 bGeyRM body-paragraph\">Tr\u00e9vor Cl\u00e9venot a gard\u00e9 son meilleur volleyball pour le Canada. Durant toute la soir\u00e9e, le Fran\u00e7ais a trouv\u00e9 les failles dans la d\u00e9fensive canadienne. Il a termin\u00e9 sa soir\u00e9e de travail avec 24 points et 22 attaques marquantes. C\u2019est cependant au service qu\u2019il a mis le match hors de port\u00e9e de ses adversaires \u00e0 la derni\u00e8re manche.<\/p>\n<p class=\"article-bodystyled__StyledText-sc-19uhgql-0 bGeyRM body-paragraph\">\u00abLe Canada se bat \u00e0 chaque match et c\u2019est une super victoire pour nous. On sait qu\u2019il y a beaucoup de matchs internationaux maintenant qui se jouent \u00e0 la toute fin et on s\u2019entra\u00eene pour \u00e7a. On est rest\u00e9 tr\u00e8s concentr\u00e9 et cela a fait la diff\u00e9rence pour nous.\u00bb<\/p>\n<p class=\"article-bodystyled__StyledText-sc-19uhgql-0 bGeyRM body-paragraph\">Habitu\u00e9 des grands rendez-vous, Cl\u00e9venot trouvait que cette foule \u00e9tait tr\u00e8s positive pour le volleyball. <\/p>\n<p class=\"article-bodystyled__StyledText-sc-19uhgql-0 bGeyRM body-paragraph\">\u00abOn a un beau sport qui est capable de faire remplir les salles et transmettre de belles \u00e9motions. On l\u2019a vu ce soir, le public a aim\u00e9 ce qu\u2019il a vu du premier point au dernier. L\u2019ambiance \u00e9tait incroyable et s\u2019ils ont aim\u00e9 il faut revenir parce que les matchs internationaux, ce n\u2019est que \u00e7a!\u00bb<\/p>\n<p><img decoding=\"async\" data-chromatic=\"ignore\" alt=\"La formation canadienne d&#xE9;montre beaucoup de potentiel. \" class=\"c-image\" loading=\"lazy\" src=\"https:\/\/www.europesays.com\/fr\/wp-content\/uploads\/2025\/06\/STJXNSXQBVBZ7PQSLC2D4ASTVA.jpg\"  width=\"1200\" height=\"794\"\/><\/p>\n<p class=\"image-metadata__MetadataParagraph-sc-1gfk7p2-0 cAaLKg image-metadata\">La formation canadienne d\u00e9montre beaucoup de potentiel.  (Jocelyn Riendeau\/Le Soleil)<\/p>\n<p>Continuer \u00e0 grandir<\/p>\n<p class=\"article-bodystyled__StyledText-sc-19uhgql-0 bGeyRM body-paragraph\">L\u2019entra\u00eeneur-chef Dan Lewis voyait beaucoup de potentiel dans ce r\u00e9sultat de sa formation face \u00e0 la France. <\/p>\n<p class=\"article-bodystyled__StyledText-sc-19uhgql-0 bGeyRM body-paragraph\">\u00abJe suis hyper content des gars et le message a \u00e9t\u00e9 qu\u2019il faut continuer de se d\u00e9velopper. Il y a beaucoup de solutions sur lesquelles on peut travailler. Pour ce qui est de Cl\u00e9venot, c\u2019est un joueur habile et intelligent il faut simplement apprendre \u00e0 d\u00e9fendre un joueur de sa trempe.\u00bb<\/p>\n<p class=\"article-bodystyled__StyledText-sc-19uhgql-0 bGeyRM body-paragraph\">Il ne faisait aucun doute pour le dirigeant que le potentiel de sa formation est encore tr\u00e8s loin d\u2019\u00eatre atteint. <\/p>\n<p class=\"article-bodystyled__StyledText-sc-19uhgql-0 bGeyRM body-paragraph\">\u00abOn est en train d\u2019\u00e9tablir les bases et cette \u00e9quipe va continuer \u00e0 aller vers le haut. Je crois aussi qu\u2019avec autant de monde dans les estrades ce soir c\u2019\u00e9tait une soir\u00e9e importante pour la communaut\u00e9 de volleyball de Qu\u00e9bec et pour le volleyball canadien.\u00bb<\/p>\n","protected":false},"excerpt":{"rendered":"Avec 12 032 spectateurs, Qu\u00e9bec a \u00e9tabli un record nord-am\u00e9ricain de ce tournoi puisque l\u2019ancienne marque \u00e9tait d\u2019un&hellip;\n","protected":false},"author":2,"featured_media":177745,"comment_status":"","ping_status":"","sticky":false,"template":"","format":"standard","meta":{"footnotes":""},"categories":[1417],"tags":[1011,27,7810,60,1470,1469],"class_list":{"0":"post-177744","1":"post","2":"type-post","3":"status-publish","4":"format-standard","5":"has-post-thumbnail","7":"category-volley","8":"tag-fr","9":"tag-france","10":"tag-quebec","11":"tag-sports","12":"tag-volley","13":"tag-volleyball"},"share_on_mastodon":{"url":"https:\/\/pubeurope.com\/@fr\/114685964811903285","error":""},"_links":{"self":[{"href":"https:\/\/www.europesays.com\/fr\/wp-json\/wp\/v2\/posts\/177744","targetHints":{"allow":["GET"]}}],"collection":[{"href":"https:\/\/www.europesays.com\/fr\/wp-json\/wp\/v2\/posts"}],"about":[{"href":"https:\/\/www.europesays.com\/fr\/wp-json\/wp\/v2\/types\/post"}],"author":[{"embeddable":true,"href":"https:\/\/www.europesays.com\/fr\/wp-json\/wp\/v2\/users\/2"}],"replies":[{"embeddable":true,"href":"https:\/\/www.europesays.com\/fr\/wp-json\/wp\/v2\/comments?post=177744"}],"version-history":[{"count":0,"href":"https:\/\/www.europesays.com\/fr\/wp-json\/wp\/v2\/posts\/177744\/revisions"}],"wp:featuredmedia":[{"embeddable":true,"href":"https:\/\/www.europesays.com\/fr\/wp-json\/wp\/v2\/media\/177745"}],"wp:attachment":[{"href":"https:\/\/www.europesays.com\/fr\/wp-json\/wp\/v2\/media?parent=177744"}],"wp:term":[{"taxonomy":"category","embeddable":true,"href":"https:\/\/www.europesays.com\/fr\/wp-json\/wp\/v2\/categories?post=177744"},{"taxonomy":"post_tag","embeddable":true,"href":"https:\/\/www.europesays.com\/fr\/wp-json\/wp\/v2\/tags?post=177744"}],"curies":[{"name":"wp","href":"https:\/\/api.w.org\/{rel}","templated":true}]}}