{"id":17775,"date":"2025-04-11T16:52:09","date_gmt":"2025-04-11T16:52:09","guid":{"rendered":"https:\/\/www.europesays.com\/fr\/17775\/"},"modified":"2025-04-11T16:52:09","modified_gmt":"2025-04-11T16:52:09","slug":"qui-de-la-chine-ou-des-etats-unis-a-le-plus-a-perdre-dans-cette-guerre-commerciale","status":"publish","type":"post","link":"https:\/\/www.europesays.com\/fr\/17775\/","title":{"rendered":"qui de la Chine ou des \u00c9tats-Unis a le plus \u00e0 perdre dans cette guerre commerciale ?"},"content":{"rendered":"<p><strong>D\u00c9CRYPTAGE &#8211;<\/strong> Impos\u00e9 dor\u00e9navant par Washington \u00e0 un taux prohibitif de 145%, P\u00e9kin a ripost\u00e9 par des droits de douane de 125% sur tous les produits am\u00e9ricains import\u00e9s. D\u00e9sormais seules dans la m\u00eal\u00e9e, les deux premi\u00e8res \u00e9conomies de la plan\u00e8te promettent de se \u00abbattre jusqu\u2019au bout\u00bb.<\/p>\n<p class=\"fig-paragraph\">Guerre commerciale ou guerre d\u2019ego\u00a0? Ce mercredi, moins d\u2019une semaine apr\u00e8s l\u2019annonce de ses droits de douane massifs visant les importations du monde entier, le pr\u00e9sident des \u00c9tats-Unis, Donald Trump, vient de faire volte-face en annon\u00e7ant une suspension pour quatre-vingt-dix jours des mesures envisag\u00e9es. Pour tous les pays&#8230; \u00e0 l\u2019exception de la Chine, \u00e0 qui il ne souhaite pas faire de cadeaux. De quoi d\u00e9marrer une escalade dangereuse, alors qu\u2019en face, P\u00e9kin ne compte pas se laisser faire, affirmant \u00eatre pr\u00eat \u00e0 se \u00abbattre jusqu\u2019au bout\u00bb. Vendredi, apr\u00e8s une semaine de surench\u00e8re, les surtaxes am\u00e9ricaines sur les produits chinois atteignaient ainsi 145% selon la Maison Blanche, contre 125% dans l\u2019autre sens. Un bras de fer entre les deux titans qui risque d\u2019avoir un \u00abgrave impact\u00bb sur la stabilit\u00e9 de l\u2019\u00e9conomie mondiale, ont averti les autorit\u00e9s chinoises.<\/p>\n<p class=\"fig-paragraph\">D\u00e9sormais seules dans la m\u00eal\u00e9e, les deux premi\u00e8res \u00e9conomies de la plan\u00e8te ont en r\u00e9alit\u00e9 beaucoup \u00e0 perdre\u2026<\/p>\n<p class=\"fig-premium-paywall__infos\">\n        Cet article est r\u00e9serv\u00e9 aux abonn\u00e9s.        Il vous reste 85% \u00e0 d\u00e9couvrir.\n    <\/p>\n<p>                <img  data- alt=\"Le Figaro\" class=\"fig-img--complete fig-img\"\/><\/p>\n<p class=\"fig-premium-paywall__title\">Vous avez envie de lire la suite ?<\/p>\n<p class=\"fig-premium-paywall__subtitle\">D\u00e9bloquez tous les articles imm\u00e9diatement.<\/p>\n<p class=\"fig-premium-paywall__connect\">\n                D\u00e9j\u00e0 abonn\u00e9\u00a0?                <a class=\"fig-premium-paywall__connect-link\" href=\"https:\/\/connect.lefigaro.fr\/login?client=horizon_web&amp;type=main&amp;redirect_uri=https%3A%2F%2Fwww.lefigaro.fr%2Fconjoncture%2Fdroits-de-douane-qui-de-la-chine-ou-des-etats-unis-a-le-plus-a-perdre-dans-cette-guerre-commerciale-20250411\" data-js-gtm=\"{&quot;customCategorie&quot;: &quot;conversion&quot;, &quot;customAction&quot;: &quot;before_Landing_Connexion_paywall_manuel&quot;, &quot;customLabel&quot;: &quot;bGVmaWdhcm8uZnJfXzFmMDE1ZGU2LTMwMmYtNjhmMi1hOWY0LTI5NjhiMWQ1YTdmMl9fTmV3c0ZsYXNo_Droits de douane\u00a0: qui de la Chine ou des \u00c9tats-Unis a le plus \u00e0 perdre dans cette guerre commerciale\u00a0?_108&quot;, &quot;customIDSPE&quot;: &quot;bGVmaWdhcm8uZnJfXzFmMDE1ZGU2LTMwMmYtNjhmMi1hOWY0LTI5NjhiMWQ1YTdmMl9fTmV3c0ZsYXNo&quot;, &quot;event&quot;: &quot;customEventSPE&quot;}\" target=\"_blank\" rel=\"noopener\"><br \/>\n                    Connectez-vous<br \/>\n                <\/a>\n            <\/p>\n","protected":false},"excerpt":{"rendered":"D\u00c9CRYPTAGE &#8211; Impos\u00e9 dor\u00e9navant par Washington \u00e0 un taux prohibitif de 145%, P\u00e9kin a ripost\u00e9 par des droits&hellip;\n","protected":false},"author":2,"featured_media":17776,"comment_status":"","ping_status":"","sticky":false,"template":"","format":"standard","meta":{"footnotes":""},"categories":[6],"tags":[339,340,35,343,345,309,350,130,344,352,349,33,34,341,313,1011,27,346,342,353,351,347,348,354],"class_list":{"0":"post-17775","1":"post","2":"type-post","3":"status-publish","4":"format-standard","5":"has-post-thumbnail","7":"category-economie","8":"tag-actualite-economique","9":"tag-bourse","10":"tag-business","11":"tag-cac-40","12":"tag-chef-dentreprise","13":"tag-chine","14":"tag-concurrence","15":"tag-consommation","16":"tag-creation-dentreprise","17":"tag-crise","18":"tag-delocalisations","19":"tag-economie","20":"tag-economy","21":"tag-emploi","22":"tag-entreprises","23":"tag-fr","24":"tag-france","25":"tag-grands-patrons","26":"tag-impots","27":"tag-licenciements","28":"tag-monopole","29":"tag-multinationales","30":"tag-privatisation","31":"tag-unio"},"share_on_mastodon":{"url":"https:\/\/pubeurope.com\/@fr\/114320372176645284","error":""},"_links":{"self":[{"href":"https:\/\/www.europesays.com\/fr\/wp-json\/wp\/v2\/posts\/17775","targetHints":{"allow":["GET"]}}],"collection":[{"href":"https:\/\/www.europesays.com\/fr\/wp-json\/wp\/v2\/posts"}],"about":[{"href":"https:\/\/www.europesays.com\/fr\/wp-json\/wp\/v2\/types\/post"}],"author":[{"embeddable":true,"href":"https:\/\/www.europesays.com\/fr\/wp-json\/wp\/v2\/users\/2"}],"replies":[{"embeddable":true,"href":"https:\/\/www.europesays.com\/fr\/wp-json\/wp\/v2\/comments?post=17775"}],"version-history":[{"count":0,"href":"https:\/\/www.europesays.com\/fr\/wp-json\/wp\/v2\/posts\/17775\/revisions"}],"wp:featuredmedia":[{"embeddable":true,"href":"https:\/\/www.europesays.com\/fr\/wp-json\/wp\/v2\/media\/17776"}],"wp:attachment":[{"href":"https:\/\/www.europesays.com\/fr\/wp-json\/wp\/v2\/media?parent=17775"}],"wp:term":[{"taxonomy":"category","embeddable":true,"href":"https:\/\/www.europesays.com\/fr\/wp-json\/wp\/v2\/categories?post=17775"},{"taxonomy":"post_tag","embeddable":true,"href":"https:\/\/www.europesays.com\/fr\/wp-json\/wp\/v2\/tags?post=17775"}],"curies":[{"name":"wp","href":"https:\/\/api.w.org\/{rel}","templated":true}]}}