{"id":177761,"date":"2025-06-15T06:37:09","date_gmt":"2025-06-15T06:37:09","guid":{"rendered":"https:\/\/www.europesays.com\/fr\/177761\/"},"modified":"2025-06-15T06:37:09","modified_gmt":"2025-06-15T06:37:09","slug":"quand-jean-commencait-a-ecrire-un-livre-il-cherchait-une-coccinelle-pour-quelle-lui-porte-bonheur","status":"publish","type":"post","link":"https:\/\/www.europesays.com\/fr\/177761\/","title":{"rendered":"\u00ab\u00a0Quand Jean commen\u00e7ait \u00e0 \u00e9crire un livre, il cherchait une coccinelle pour qu\u2019elle lui porte bonheur\u00a0\u00bb"},"content":{"rendered":"<p><strong>ENTRETIEN &#8211; <\/strong>L\u2019\u00e9crivain aurait eu 100\u00a0ans ce 16\u00a0juin. Sa femme, Fran\u00e7oise, se souvient avec \u00e9motion de l\u2019homme hors du commun dont elle a partag\u00e9 la vie durant plus de cinquante ans.<\/p>\n<p class=\"fig-paragraph\"><strong>LE FIGARO. &#8211; Comment avez-vous rencontr\u00e9 Jean d\u2019Ormesson\u00a0?<\/strong><\/p>\n<p class=\"fig-paragraph\"><strong>FRAN\u00c7OISE D\u2019ORMESSON. &#8211; <\/strong>Lors d\u2019un s\u00e9jour au ski \u00e0 Meg\u00e8ve. Il \u00e9tait un ami de mes s\u0153urs Roselyne et Pascaline. Elles l\u2019avaient pr\u00e9venu\u00a0: \u00ab\u00a0Ne touchez pas \u00e0 Fran\u00e7oise, c\u2019est une romantique.\u00a0\u00bb D\u2019abord, je l\u2019ai trouv\u00e9 poseur, avec sa voix haut perch\u00e9e et son c\u00f4t\u00e9 \u00ab\u00a0M.\u00a0Je-Sais-Tout\u00a0\u00bb. Par ailleurs, \u00e0 l\u2019\u00e9poque, il skiait fort mal, ce qui aggravait son cas \u00e0 mes yeux. Une de mes s\u0153urs lui a rapport\u00e9 ce que je pensais de lui. D\u00e8s lors, il n\u2019a eu plus qu\u2019une id\u00e9e en t\u00eate\u00a0: me s\u00e9duire.<\/p>\n<p class=\"fig-body-link\">\n            \u00c0 lire aussi<br \/>\n        <a class=\"fig-body-link__link fig-premium-mark\" href=\"https:\/\/www.lefigaro.fr\/cinema\/2018\/12\/03\/03002-20181203ARTFIG00204-un-monsieur-tres-vivant.php\" data-fig-type=\"Article\" data-gtm-custom-categorie=\"navigation\" data-gtm-custom-action=\"crossclick\" data-gtm-custom-label=\"Contextuel\" data-gtm-event=\"customEventSPE\" data-fig-domain=\"LEFIGARO\" target=\"_blank\" rel=\"noopener\">Jean d\u2019Ormesson, un Monsieur tr\u00e8s vivant<br \/>\n    <\/a>\n<\/p>\n<p>\u00ab\u00a0Je l\u2019aimais, j\u2019ai tenu bon\u00a0\u00bb<\/p>\n<p class=\"fig-paragraph\">Nous nous sommes mari\u00e9s en avril 1962. Notre mariage a \u00e9t\u00e9 annonc\u00e9 dans Le\u00a0Figaro par un entrefilet o\u00f9 l\u2019on disait que mademoiselle B\u00e9ghin \u00e9pousait \u00ab\u00a0un philosophe de l\u2019Unesco\u00a0\u00bb. Le fr\u00e8re de Jean, Henry, \u00e9tait venu trouver mon p\u00e8re pour lui assurer que Jean n\u2019\u00e9tait pas fait pour le mariage. Mon p\u00e8re a bien tent\u00e9 de me dissuader, mais ma m\u00e8re a vu juste\u00a0: je l\u2019aimais, j\u2019ai tenu bon. Un des t\u00e9moins de Jean \u00e9tait\u00a0<a href=\"https:\/\/www.lefigaro.fr\/actualite-france\/2012\/12\/14\/01016-20121214ARTFIG00539-mort-de-maurice-herzog-le-vainqueur-de-l-annapurna.php\" data-fig-type=\"Article\" data-gtm-custom-categorie=\"navigation\" data-gtm-custom-action=\"crossclick\" data-gtm-custom-label=\"Contextuel\" data-gtm-event=\"customEventSPE\" data-fig-domain=\"LEFIGARO\" target=\"_blank\" rel=\"noopener\">Maurice Herzog<\/a><\/p>\n<p class=\"fig-premium-paywall__infos\">\n        Cet article est r\u00e9serv\u00e9 aux abonn\u00e9s.        Il vous reste 95% \u00e0 d\u00e9couvrir.\n    <\/p>\n<p>                <img  data- alt=\"Le Figaro\" class=\"fig-img--complete fig-img\"\/><\/p>\n<p class=\"fig-premium-paywall__title\">Vente Flash<\/p>\n<p class=\"fig-premium-paywall__subtitle\">3,99\u20ac par mois pendant 12 mois. Sans engagement.<\/p>\n<p class=\"fig-premium-paywall__connect\">\n                D\u00e9j\u00e0 abonn\u00e9\u00a0?                <a class=\"fig-premium-paywall__connect-link\" href=\"https:\/\/connect.lefigaro.fr\/login?client=horizon_web&amp;type=main&amp;redirect_uri=https%3A%2F%2Fwww.lefigaro.fr%2Flivres%2Ffrancoise-d-ormesson-quand-jean-commencait-a-ecrire-un-livre-il-cherchait-une-coccinelle-pour-qu-elle-lui-porte-bonheur-20250615\" data-js-gtm=\"{&quot;customCategorie&quot;: &quot;conversion&quot;, &quot;customAction&quot;: &quot;before_Landing_Connexion_paywall_auto&quot;, &quot;customLabel&quot;: &quot;bGVmaWdhcm8uZnJfXzFmMDNmYTQ2LTE0NGQtNmUzMi1hOGM3LWZkZjc1Nzg4YThjM19fQXJ0aWNsZQ==_Fran\u00e7oise d\u2019Ormesson\u00a0: \u00ab\u00a0Quand Jean commen\u00e7ait \u00e0 \u00e9crire un livre, il cherchait une coccinelle pour qu\u2019elle lui porte bonheur\u00a0\u00bb_437&quot;, &quot;customIDSPE&quot;: &quot;bGVmaWdhcm8uZnJfXzFmMDNmYTQ2LTE0NGQtNmUzMi1hOGM3LWZkZjc1Nzg4YThjM19fQXJ0aWNsZQ==&quot;, &quot;event&quot;: &quot;customEventSPE&quot;}\" target=\"_blank\" rel=\"noopener\"><br \/>\n                    Connectez-vous<br \/>\n                <\/a>\n            <\/p>\n","protected":false},"excerpt":{"rendered":"ENTRETIEN &#8211; L\u2019\u00e9crivain aurait eu 100\u00a0ans ce 16\u00a0juin. Sa femme, Fran\u00e7oise, se souvient avec \u00e9motion de l\u2019homme hors&hellip;\n","protected":false},"author":2,"featured_media":177762,"comment_status":"","ping_status":"","sticky":false,"template":"","format":"standard","meta":{"footnotes":""},"categories":[1357],"tags":[31397,2008,2007,1379,58,2005,2006,59,1011,27,31396,639,1351,2003,1380,2009,2004,1479],"class_list":{"0":"post-177761","1":"post","2":"type-post","3":"status-publish","4":"format-standard","5":"has-post-thumbnail","7":"category-livres","8":"tag-academie-francaise","9":"tag-autobiographies","10":"tag-biographies","11":"tag-books","12":"tag-divertissement","13":"tag-ecrivain","14":"tag-ecrivains","15":"tag-entertainment","16":"tag-fr","17":"tag-france","18":"tag-jean-dormesson","19":"tag-le-figaro","20":"tag-litterature","21":"tag-livre","22":"tag-livres","23":"tag-oeuvre","24":"tag-roman","25":"tag-romans"},"share_on_mastodon":{"url":"https:\/\/pubeurope.com\/@fr\/114686004025299495","error":""},"_links":{"self":[{"href":"https:\/\/www.europesays.com\/fr\/wp-json\/wp\/v2\/posts\/177761","targetHints":{"allow":["GET"]}}],"collection":[{"href":"https:\/\/www.europesays.com\/fr\/wp-json\/wp\/v2\/posts"}],"about":[{"href":"https:\/\/www.europesays.com\/fr\/wp-json\/wp\/v2\/types\/post"}],"author":[{"embeddable":true,"href":"https:\/\/www.europesays.com\/fr\/wp-json\/wp\/v2\/users\/2"}],"replies":[{"embeddable":true,"href":"https:\/\/www.europesays.com\/fr\/wp-json\/wp\/v2\/comments?post=177761"}],"version-history":[{"count":0,"href":"https:\/\/www.europesays.com\/fr\/wp-json\/wp\/v2\/posts\/177761\/revisions"}],"wp:featuredmedia":[{"embeddable":true,"href":"https:\/\/www.europesays.com\/fr\/wp-json\/wp\/v2\/media\/177762"}],"wp:attachment":[{"href":"https:\/\/www.europesays.com\/fr\/wp-json\/wp\/v2\/media?parent=177761"}],"wp:term":[{"taxonomy":"category","embeddable":true,"href":"https:\/\/www.europesays.com\/fr\/wp-json\/wp\/v2\/categories?post=177761"},{"taxonomy":"post_tag","embeddable":true,"href":"https:\/\/www.europesays.com\/fr\/wp-json\/wp\/v2\/tags?post=177761"}],"curies":[{"name":"wp","href":"https:\/\/api.w.org\/{rel}","templated":true}]}}