{"id":177763,"date":"2025-06-15T06:38:18","date_gmt":"2025-06-15T06:38:18","guid":{"rendered":"https:\/\/www.europesays.com\/fr\/177763\/"},"modified":"2025-06-15T06:38:18","modified_gmt":"2025-06-15T06:38:18","slug":"enzo-tout-le-monde-veut-prendre-sa-place-revient-sur-la-promesse-de-cyril-feraud","status":"publish","type":"post","link":"https:\/\/www.europesays.com\/fr\/177763\/","title":{"rendered":"Enzo (Tout le monde veut prendre sa place) revient sur la promesse de Cyril F\u00e9raud"},"content":{"rendered":"<p>Enzo, class\u00e9 7e champion dans Tout le monde veut prendre sa place sur France 2 avait particip\u00e9 \u00e0 The Floor en d\u00e9cembre 2024, \u00e9galement pr\u00e9sent\u00e9 par Cyril F\u00e9raud. Il est revenu sur la promesse que lui avait faite l&rsquo;animateur lors du tournage.<\/p>\n<p>Apr\u00e8s la victoire de Jo\u00ebl le samedi 14 juin 2025, il a \u00e9t\u00e9 rel\u00e9gu\u00e9 7e <a href=\"https:\/\/www.programme-tv.net\/news\/tv\/94313-qui-sont-les-dix-plus-grands-champions-de-tout-le-monde-veut-prendre-sa-place-sur-france-2\/\" data-api-deeplink=\"teleloisirs:\/\/news\/94313\" target=\"_blank\" rel=\"noopener\">des plus grands champions de Tout le monde veut prendre sa place.<\/a> En 2017, <b>Enzo <\/b>avait particip\u00e9 avec brio au jeu du midi \u00e0 l&rsquo;\u00e9poque anim\u00e9 par Nagui. Le kin\u00e9sith\u00e9rapeute belge avait cumul\u00e9 <b>138 victoires et 132 200 euros de gains<\/b>. En marge d&rsquo;une interview accord\u00e9e \u00e0 T\u00e9l\u00e9-Loisirs, il avait d\u00e9voil\u00e9 ce qu&rsquo;il avait fait de sa cagnotte remport\u00e9e <a href=\"https:\/\/www.programme-tv.net\/news\/tv\/160868-enzo-elimine-dans-tout-le-monde-veut-prendre-sa-place-mon-objectif-n-etait-pas-d-etre-le-plus-grand-champion-video\/\" data-api-deeplink=\"teleloisirs:\/\/news\/160868\" target=\"_blank\" rel=\"noopener\">apr\u00e8s son \u00e9limination. <\/a>\u00ab\u00a0Je reste avec la t\u00eate sur les \u00e9paules, je n&rsquo;ai pas la folie des grandeurs. J&rsquo;ai fait quelques travaux dans la maison, on a fait des petits voyages. On en profite mais je n&rsquo;ai pas tout d\u00e9pens\u00e9 \u00e9videmment. \u00c7a fait quand m\u00eame un bon petit coussin de s\u00e9curit\u00e9\u00a0\u00bb, explique-t-il.<\/p>\n<p>Enzo (Tout le monde veut prendre sa place) raconte l&rsquo;invitation de Cyril F\u00e9raud sur le plateau de The Floor<\/p>\n<p>En d\u00e9cembre 2024, Enzo avait particip\u00e9 \u00e0 <a href=\"https:\/\/www.programme-tv.net\/news\/tv\/344575-que-devient-enzo-le-sixieme-plus-grand-champion-de-tout-le-monde-veut-prendre-sa-place\/\" data-api-deeplink=\"teleloisirs:\/\/news\/344575\" target=\"_blank\" rel=\"noopener\">The Floor, un autre divertissement diffus\u00e9 sur France 2 <\/a>et pr\u00e9sent\u00e9 par l&rsquo;animateur de Tout le monde veut prendre sa place. \u00ab\u00a0\u00c7a a \u00e9t\u00e9 un plaisir de rencontrer <b>Cyril F\u00e9raud qui m&rsquo;avait promis lors de l&rsquo;\u00e9mission de m&rsquo;inviter au <\/b><b>Quiz des champions<\/b>\u00ab\u00a0, explique-t-il. Le papa de deux enfants esp\u00e9rait en effet participer au divertissement qui r\u00e9unit les plus grands gagnants de jeux t\u00e9l\u00e9 : \u00ab\u00a0J&rsquo;ai des amis qui ont particip\u00e9 et je leur ai envoy\u00e9 un message en leur demandant : &lsquo;Comment \u00e7a se passe ? Comment on est invit\u00e9 ?&rsquo; Parce que j&rsquo;\u00e9tais quand m\u00eame \u00e0 l&rsquo;\u00e9poque le 5e ou 6e plus grand champion de l&rsquo;\u00e9mission et je n&rsquo;avais pas \u00e9t\u00e9 sollicit\u00e9. Je pense que Marie-Christine (1e plus grande gagnante du jeu, ndlr) en a parl\u00e9 \u00e0 la production\u00a0\u00bb, suppose-t-il. Une promesse faite sur le plateau de The Floor finalement respect\u00e9e par le papa de Tim. \u00ab\u00a0<b>Il a tenu parole.<\/b><a href=\"https:\/\/www.programme-tv.net\/news\/tv\/370237-le-quiz-des-champions-qui-a-gagne-la-huitieme-edition-du-jeu-de-cyril-feraud\/\" data-api-deeplink=\"teleloisirs:\/\/news\/370237\" target=\"_blank\" rel=\"noopener\"> J&rsquo;y ai particip\u00e9 m\u00eame si je n&rsquo;ai pas fait d&rsquo;\u00e9tincelles<\/a>.\u00a0\u00bb<\/p>\n<p>                        Enzo (Tout le monde veut prendre sa place) revient sur son exp\u00e9rience comme candidat de The Floor<\/p>\n<p>Une exp\u00e9rience au Quiz des champions qu&rsquo;il a beaucoup appr\u00e9ci\u00e9 tout comme sa participation \u00e0 The Floor. \u00ab\u00a0<b>J&rsquo;ai rencontr\u00e9 beaucoup de monde vu qu&rsquo;on \u00e9tait 100 candidats. <\/b>J&rsquo;ai m\u00eame gard\u00e9 des contacts. On est rest\u00e9s potes avec Marc, la personne contre qui je me suis mesur\u00e9e. On s&rsquo;envoie encore des messages pour dire avec quel plaisir on a partag\u00e9 cette \u00e9mission alors qu&rsquo;il aurait pu m&rsquo;en vouloir de l&rsquo;avoir battu\u00a0\u00bb. \u00c0 la question de savoir la diff\u00e9rence avec Tout le monde veut prendre sa place, il analyse \u00e0 propos de The Floor : \u00ab\u00a0Les tournages \u00e9taient diff\u00e9rents. La condition physique est revenue au premier plan parce qu&rsquo;<b>il fallait rester debout pendant des heures<\/b> mais je n&rsquo;ai pas eu de souci.\u00a0\u00bb De quoi lui donner envie de renouveler l&rsquo;exp\u00e9rience dans un nouveau jeu t\u00e9l\u00e9.<\/p>\n","protected":false},"excerpt":{"rendered":"Enzo, class\u00e9 7e champion dans Tout le monde veut prendre sa place sur France 2 avait particip\u00e9 \u00e0&hellip;\n","protected":false},"author":2,"featured_media":177764,"comment_status":"","ping_status":"","sticky":false,"template":"","format":"standard","meta":{"footnotes":""},"categories":[1356],"tags":[5840,244,12119,58,59,31400,1011,27,594,31398,2173,31401,10477,252,12120,1364,31399],"class_list":{"0":"post-177763","1":"post","2":"type-post","3":"status-publish","4":"format-standard","5":"has-post-thumbnail","7":"category-television","8":"tag-channel_extraits","9":"tag-commentaire","10":"tag-cyril-fu00e9raud","11":"tag-divertissement","12":"tag-entertainment","13":"tag-enzo-tout-le-monde-veut-prendre-sa-place","14":"tag-fr","15":"tag-france","16":"tag-france-2","17":"tag-guid_5835204701001","18":"tag-interview","19":"tag-marie-christine-tout-le-monde-veut-prendre-sa-place","20":"tag-nagui","21":"tag-television","22":"tag-tout-le-monde-veut-prendre-sa-place","23":"tag-tv","24":"tag-uuid_45172653-2d7f-44e1-acde-2188416c03df"},"share_on_mastodon":{"url":"https:\/\/pubeurope.com\/@fr\/114686007920082956","error":""},"_links":{"self":[{"href":"https:\/\/www.europesays.com\/fr\/wp-json\/wp\/v2\/posts\/177763","targetHints":{"allow":["GET"]}}],"collection":[{"href":"https:\/\/www.europesays.com\/fr\/wp-json\/wp\/v2\/posts"}],"about":[{"href":"https:\/\/www.europesays.com\/fr\/wp-json\/wp\/v2\/types\/post"}],"author":[{"embeddable":true,"href":"https:\/\/www.europesays.com\/fr\/wp-json\/wp\/v2\/users\/2"}],"replies":[{"embeddable":true,"href":"https:\/\/www.europesays.com\/fr\/wp-json\/wp\/v2\/comments?post=177763"}],"version-history":[{"count":0,"href":"https:\/\/www.europesays.com\/fr\/wp-json\/wp\/v2\/posts\/177763\/revisions"}],"wp:featuredmedia":[{"embeddable":true,"href":"https:\/\/www.europesays.com\/fr\/wp-json\/wp\/v2\/media\/177764"}],"wp:attachment":[{"href":"https:\/\/www.europesays.com\/fr\/wp-json\/wp\/v2\/media?parent=177763"}],"wp:term":[{"taxonomy":"category","embeddable":true,"href":"https:\/\/www.europesays.com\/fr\/wp-json\/wp\/v2\/categories?post=177763"},{"taxonomy":"post_tag","embeddable":true,"href":"https:\/\/www.europesays.com\/fr\/wp-json\/wp\/v2\/tags?post=177763"}],"curies":[{"name":"wp","href":"https:\/\/api.w.org\/{rel}","templated":true}]}}