{"id":17777,"date":"2025-04-11T16:53:09","date_gmt":"2025-04-11T16:53:09","guid":{"rendered":"https:\/\/www.europesays.com\/fr\/17777\/"},"modified":"2025-04-11T16:53:09","modified_gmt":"2025-04-11T16:53:09","slug":"derriere-le-virage-a-180-de-trump-un-vaste-delit-dinities-liberation","status":"publish","type":"post","link":"https:\/\/www.europesays.com\/fr\/17777\/","title":{"rendered":"derri\u00e8re le virage \u00e0 180\u00b0 de Trump, un vaste d\u00e9lit d\u2019initi\u00e9s ? \u2013 Lib\u00e9ration"},"content":{"rendered":"<p class=\"sc-cPiKLX AiZTS text-element\">Donald Trump, en huit jours de politique commerciale d\u00e9lirante, a men\u00e9 l\u2019\u00e9conomie mondiale au bord du gouffre. Mais il pourrait aussi avoir tir\u00e9 profit, lui, comme ses proches et ses alli\u00e9s politiques, des r\u00e9cents soubresauts de Wall Street. Jeudi 10 avril au soir, vingt-quatre heures apr\u00e8s un rebond de la Bourse am\u00e9ricaine in\u00e9dit depuis l\u2019apr\u00e8s-guerre, <a href=\"https:\/\/www.liberation.fr\/international\/amerique\/guerre-commerciale-comment-donald-trump-a-improvise-une-pause-en-trompe-loeil-face-au-spectre-de-la-crise-20250410_YQNCYPE4K5G5FM6VBL4PEYVC5M\/\" target=\"_blank\" rel=\"nofollow noopener\">caus\u00e9 par la suspension soudaine de ses droits de douane<\/a> les plus lourds sur plus de 60 pays, plusieurs d\u00e9mocrates du Congr\u00e8s ont demand\u00e9 l\u2019ouverture urgente d\u2019une enqu\u00eate <a href=\"https:\/\/www.liberation.fr\/international\/amerique\/droits-de-douane-des-democrates-soupconnent-donald-trump-de-manipuler-les-marches-au-profit-de-ses-proches-20250410_2PNXMDXOZ5A47H3752UGYRSI74\/\" target=\"_blank\" rel=\"nofollow noopener\">pour d\u00e9lit d\u2019initi\u00e9, soup\u00e7onnant nombre d\u2019op\u00e9rateurs proches du Pr\u00e9sident<\/a> d\u2019avoir \u00e9t\u00e9 inform\u00e9s pr\u00e9alablement de cette d\u00e9cision.<\/p>\n","protected":false},"excerpt":{"rendered":"Donald Trump, en huit jours de politique commerciale d\u00e9lirante, a men\u00e9 l\u2019\u00e9conomie mondiale au bord du gouffre. Mais&hellip;\n","protected":false},"author":2,"featured_media":17778,"comment_status":"","ping_status":"","sticky":false,"template":"","format":"standard","meta":{"footnotes":""},"categories":[5],"tags":[11,75,46,73,1011,27,1074,14,12,320,28],"class_list":{"0":"post-17777","1":"post","2":"type-post","3":"status-publish","4":"format-standard","5":"has-post-thumbnail","7":"category-international","8":"tag-actualites","9":"tag-donald-trump","10":"tag-elon-musk","11":"tag-etats-unis","12":"tag-fr","13":"tag-france","14":"tag-guerre-commerciale","15":"tag-international","16":"tag-news","17":"tag-tesla","18":"tag-world"},"share_on_mastodon":{"url":"https:\/\/pubeurope.com\/@fr\/114320376058099488","error":""},"_links":{"self":[{"href":"https:\/\/www.europesays.com\/fr\/wp-json\/wp\/v2\/posts\/17777","targetHints":{"allow":["GET"]}}],"collection":[{"href":"https:\/\/www.europesays.com\/fr\/wp-json\/wp\/v2\/posts"}],"about":[{"href":"https:\/\/www.europesays.com\/fr\/wp-json\/wp\/v2\/types\/post"}],"author":[{"embeddable":true,"href":"https:\/\/www.europesays.com\/fr\/wp-json\/wp\/v2\/users\/2"}],"replies":[{"embeddable":true,"href":"https:\/\/www.europesays.com\/fr\/wp-json\/wp\/v2\/comments?post=17777"}],"version-history":[{"count":0,"href":"https:\/\/www.europesays.com\/fr\/wp-json\/wp\/v2\/posts\/17777\/revisions"}],"wp:featuredmedia":[{"embeddable":true,"href":"https:\/\/www.europesays.com\/fr\/wp-json\/wp\/v2\/media\/17778"}],"wp:attachment":[{"href":"https:\/\/www.europesays.com\/fr\/wp-json\/wp\/v2\/media?parent=17777"}],"wp:term":[{"taxonomy":"category","embeddable":true,"href":"https:\/\/www.europesays.com\/fr\/wp-json\/wp\/v2\/categories?post=17777"},{"taxonomy":"post_tag","embeddable":true,"href":"https:\/\/www.europesays.com\/fr\/wp-json\/wp\/v2\/tags?post=17777"}],"curies":[{"name":"wp","href":"https:\/\/api.w.org\/{rel}","templated":true}]}}