{"id":177775,"date":"2025-06-15T06:44:09","date_gmt":"2025-06-15T06:44:09","guid":{"rendered":"https:\/\/www.europesays.com\/fr\/177775\/"},"modified":"2025-06-15T06:44:09","modified_gmt":"2025-06-15T06:44:09","slug":"des-croquis-oublies-de-leonard-de-vinci-revelent-un-secret-enfoui-sous-un-chateau-depuis-500-ans","status":"publish","type":"post","link":"https:\/\/www.europesays.com\/fr\/177775\/","title":{"rendered":"Des croquis oubli\u00e9s de L\u00e9onard de Vinci r\u00e9v\u00e8lent un secret enfoui sous un ch\u00e2teau depuis 500 ans"},"content":{"rendered":"<p data-start=\"294\" data-end=\"618\"><strong>Sous le ch\u00e2teau des<br \/>\nSforza \u00e0 Milan, une d\u00e9couverte inattendue m\u00eale histoire, g\u00e9nie<br \/>\nartistique et haute technologie : des tunnels oubli\u00e9s, mentionn\u00e9s<br \/>\ndans des <a href=\"https:\/\/sciencepost.fr\/ils-ont-retrouve-les-descendants-de-leonard-de-vinci-et-ont-un-but-bien-precis\/\" target=\"_blank\" rel=\"noopener nofollow\">croquis<\/a> de L\u00e9onard de Vinci, ont<br \/>\n\u00e9t\u00e9 red\u00e9couverts gr\u00e2ce \u00e0 un radar \u00e0 p\u00e9n\u00e9tration de sol. Une plong\u00e9e<br \/>\nfascinante dans les coulisses souterraines de la<br \/>\nRenaissance.<\/strong><\/p>\n<p>Un g\u00e9nie entre fresques et<br \/>\nfortifications<\/p>\n<p data-start=\"667\" data-end=\"1191\">Tout commence au 15e si\u00e8cle,<br \/>\nlorsque Fran\u00e7ois Sforza, duc de Milan, fait \u00e9difier une forteresse<br \/>\nmonumentale sur les ruines d\u2019un ancien bastion : le ch\u00e2teau des<br \/>\nSforza. \u00c0 sa cour, il attire les plus grands esprits de l\u2019\u00e9poque,<br \/>\ndont un certain L\u00e9onard de Vinci. Si l\u2019on conna\u00eet bien ses talents<br \/>\nd\u2019artiste \u2014 notamment pour la d\u00e9coration de la \u00ab\u00a0Sala delle<br \/>\nAsse\u00a0\u00bb, une pi\u00e8ce orn\u00e9e de fresques repr\u00e9sentant un entrelacs<br \/>\nde branches de m\u00fbrier \u2014 on oublie souvent que L\u00e9onard \u00e9tait aussi<br \/>\ning\u00e9nieur militaire. Et pas des moindres.<\/p>\n<p data-start=\"1193\" data-end=\"1413\">Dans une lettre adress\u00e9e au<br \/>\nduc Ludovico Sforza (dit le<br \/>\nMore), L\u00e9onard vante ses talents en mati\u00e8re de fortifications,<br \/>\nde machines de guerre et\u2026 de r\u00e9seaux de galeries souterraines \u00e0<br \/>\nvis\u00e9e d\u00e9fensive et strat\u00e9gique.<\/p>\n<p data-start=\"1415\" data-end=\"1544\">Longtemps, ces tunnels sont<br \/>\nrest\u00e9s un mythe. Mais gr\u00e2ce \u00e0 la technologie moderne, ils refont<br \/>\naujourd\u2019hui surface \u2014 litt\u00e9ralement.<\/p>\n<p>Des croquis oubli\u00e9s \u00e0 la 3D<br \/>\nnum\u00e9rique<\/p>\n<p data-start=\"1589\" data-end=\"2133\">La <a href=\"https:\/\/www.polimi.it\/en\/research\/news\/detail\/ground-penetrating-radars-reveal-new-secrets-under-sforza-castle-in-milan\" target=\"_blank\" rel=\"noopener nofollow\">red\u00e9couverte<\/a> commence par une<br \/>\nth\u00e8se de doctorat men\u00e9e par Francesca Biolo, chercheuse en<br \/>\narchitecture \u00e0 l\u2019Universit\u00e9 polytechnique de Milan. Avec une \u00e9quipe<br \/>\nde sp\u00e9cialistes, elle entreprend de scanner le ch\u00e2teau \u00e0 l\u2019aide<br \/>\nd\u2019un radar \u00e0 p\u00e9n\u00e9tration de sol dans le cadre d\u2019un projet ambitieux<br \/>\n: cr\u00e9er un jumeau num\u00e9rique du ch\u00e2teau des Sforza. Ce mod\u00e8le 3D<br \/>\nn\u2019est pas seulement une reconstruction visuelle, mais un outil<br \/>\nscientifique permettant de d\u00e9tecter des structures invisibles \u00e0<br \/>\nl\u2019\u0153il nu \u2014 notamment des espaces souterrains.<\/p>\n<p data-start=\"2135\" data-end=\"2481\">Et les r\u00e9sultats sont au<br \/>\nrendez-vous : le radar r\u00e9v\u00e8le des tunnels inconnus, des passages<br \/>\nsecrets et des cavit\u00e9s enfouies depuis des si\u00e8cles. Mieux encore,<br \/>\ncertains correspondent parfaitement aux croquis retrouv\u00e9s dans le<br \/>\nCodex Forster I, un carnet de dessins de L\u00e9onard de Vinci conserv\u00e9<br \/>\nau Victoria and Albert Museum de Londres.<\/p>\n<p data-start=\"2483\" data-end=\"2726\">Parmi ces tunnels figurent<br \/>\nceux mentionn\u00e9s dans les archives historiques, notamment un passage<br \/>\nreliant le ch\u00e2teau \u00e0 la basilique Santa Maria delle Grazie, o\u00f9 le<br \/>\nduc Ludovico se rendait en secret apr\u00e8s la mort de son \u00e9pouse<br \/>\nB\u00e9atrice d\u2019Este.<\/p>\n<p><img loading=\"lazy\" data-lazyloaded=\"1\" decoding=\"async\" class=\"size-full wp-image-311281\" src=\"https:\/\/www.europesays.com\/fr\/wp-content\/uploads\/2025\/06\/iStock-483918866-scaled.jpg\" alt=\"de vinci\" width=\"2048\" height=\"1426\"  data-\/><\/p>\n<p class=\"istock-credit\" style=\"text-align:center\">Cr\u00e9dit :<br \/>\niStock<\/p>\n<p>Une partie du ch\u00e2teau. Cr\u00e9dits : joymsk\/istockL\u00e9onard de Vinci : architecte<br \/>\nde l\u2019ombre ?<\/p>\n<p data-start=\"2776\" data-end=\"3026\">La tentation est grande de<br \/>\nvoir en L\u00e9onard l\u2019auteur direct de ces structures souterraines.<br \/>\nApr\u00e8s tout, il en a dessin\u00e9 les plans, ma\u00eetrisait les principes de<br \/>\nd\u00e9fense militaire de son temps, et \u00e9tait pr\u00e9sent sur place \u00e0<br \/>\nl\u2019\u00e9poque de leur mise en \u0153uvre.<\/p>\n<p data-start=\"3028\" data-end=\"3065\">Mais les chercheurs restent<br \/>\nprudents.<\/p>\n<blockquote data-start=\"3067\" data-end=\"3333\">\n<p data-start=\"3069\" data-end=\"3333\">\u00ab L\u00e9onard connaissait<br \/>\nparfaitement les structures d\u00e9fensives de son \u00e9poque. Cela dit, il<br \/>\nest impossible de d\u00e9terminer l\u2019\u00e9tendue exacte de son implication<br \/>\ndans les constructions souterraines du ch\u00e2teau \u00bb, explique<br \/>\nFrancesca Biolo dans un entretien \u00e0 Live Science.<\/p>\n<\/blockquote>\n<p data-start=\"3335\" data-end=\"3587\">Autrement dit : L\u00e9onard a<br \/>\nprobablement inspir\u00e9 ou con\u00e7u les plans, mais les preuves d\u2019une<br \/>\nimplication directe restent \u00e0 \u00e9tablir. C\u2019est peut-\u00eatre encore un<br \/>\nmyst\u00e8re \u00e0 r\u00e9soudre \u2014 un de plus dans la vie d\u2019un homme qui en a<br \/>\ntant laiss\u00e9 derri\u00e8re lui.<\/p>\n<p>Ce que la technologie r\u00e9v\u00e8le<br \/>\ndu pass\u00e9<\/p>\n<p data-start=\"3632\" data-end=\"4019\">Le projet du Politecnico di<br \/>\nMilano illustre parfaitement ce que la technologie contemporaine<br \/>\npeut apporter \u00e0 la compr\u00e9hension du patrimoine historique. Le radar<br \/>\n\u00e0 p\u00e9n\u00e9tration de sol permet de \u00ab\u00a0voir\u00a0\u00bb \u00e0 travers la<br \/>\npierre sans endommager les structures, tandis que le mod\u00e8le 3D<br \/>\noffre une mani\u00e8re interactive d\u2019explorer le site, tant pour les<br \/>\nchercheurs que pour le grand public.<\/p>\n<p data-start=\"4021\" data-end=\"4285\">Selon l\u2019\u00e9quipe, cette<br \/>\ncartographie num\u00e9rique enrichie de donn\u00e9es arch\u00e9ologiques permettra<br \/>\nde poursuivre les recherches, de pr\u00e9server l\u2019int\u00e9grit\u00e9 du monument,<br \/>\nmais aussi de rendre visibles des \u00e9l\u00e9ments oubli\u00e9s qui dormaient<br \/>\nsous les pieds des visiteurs.<\/p>\n<p data-start=\"4287\" data-end=\"4509\">Et pour ceux qui r\u00eavent encore<br \/>\nde myst\u00e8res, de trappes et de souterrains dissimul\u00e9s, cette<br \/>\nd\u00e9couverte offre une preuve de plus que l\u2019histoire peut<br \/>\nlitt\u00e9ralement \u00eatre enfouie sous nos pieds\u2026 en attendant d\u2019\u00eatre<br \/>\nr\u00e9v\u00e9l\u00e9e.<\/p>\n<p>En bref<\/p>\n<ul data-start=\"4529\" data-end=\"4979\">\n<li data-start=\"4529\" data-end=\"4635\">\n<p data-start=\"4531\" data-end=\"4635\">Des croquis de L\u00e9onard de<br \/>\nVinci sugg\u00e9raient l\u2019existence de tunnels sous le ch\u00e2teau des Sforza<br \/>\n\u00e0 Milan.<\/p>\n<\/li>\n<li data-start=\"4636\" data-end=\"4719\">\n<p data-start=\"4638\" data-end=\"4719\">Une \u00e9quipe de chercheurs les a<br \/>\nretrouv\u00e9s gr\u00e2ce \u00e0 un radar \u00e0 p\u00e9n\u00e9tration de sol.<\/p>\n<\/li>\n<li data-start=\"4720\" data-end=\"4859\">\n<p data-start=\"4722\" data-end=\"4859\">Certains passages<br \/>\ncorrespondent pr\u00e9cis\u00e9ment aux dessins de L\u00e9onard, bien qu\u2019on ne<br \/>\npuisse pas prouver qu\u2019il les ait lui-m\u00eame construits.<\/p>\n<\/li>\n<li data-start=\"4860\" data-end=\"4979\">\n<p data-start=\"4862\" data-end=\"4979\">Le projet vise \u00e0 cr\u00e9er un<br \/>\nmod\u00e8le num\u00e9rique complet du ch\u00e2teau, capable de restituer son<br \/>\napparence actuelle et pass\u00e9e.<\/p>\n<\/li>\n<\/ul>\n","protected":false},"excerpt":{"rendered":"Sous le ch\u00e2teau des Sforza \u00e0 Milan, une d\u00e9couverte inattendue m\u00eale histoire, g\u00e9nie artistique et haute technologie :&hellip;\n","protected":false},"author":2,"featured_media":177776,"comment_status":"","ping_status":"","sticky":false,"template":"","format":"standard","meta":{"footnotes":""},"categories":[7],"tags":[1011,27,43,40,41,39,42,44],"class_list":{"0":"post-177775","1":"post","2":"type-post","3":"status-publish","4":"format-standard","5":"has-post-thumbnail","7":"category-sciences-et-technologies","8":"tag-fr","9":"tag-france","10":"tag-science","11":"tag-science-and-technology","12":"tag-sciences","13":"tag-sciences-et-technologies","14":"tag-technologies","15":"tag-technology"},"share_on_mastodon":{"url":"https:\/\/pubeurope.com\/@fr\/114686031556657321","error":""},"_links":{"self":[{"href":"https:\/\/www.europesays.com\/fr\/wp-json\/wp\/v2\/posts\/177775","targetHints":{"allow":["GET"]}}],"collection":[{"href":"https:\/\/www.europesays.com\/fr\/wp-json\/wp\/v2\/posts"}],"about":[{"href":"https:\/\/www.europesays.com\/fr\/wp-json\/wp\/v2\/types\/post"}],"author":[{"embeddable":true,"href":"https:\/\/www.europesays.com\/fr\/wp-json\/wp\/v2\/users\/2"}],"replies":[{"embeddable":true,"href":"https:\/\/www.europesays.com\/fr\/wp-json\/wp\/v2\/comments?post=177775"}],"version-history":[{"count":0,"href":"https:\/\/www.europesays.com\/fr\/wp-json\/wp\/v2\/posts\/177775\/revisions"}],"wp:featuredmedia":[{"embeddable":true,"href":"https:\/\/www.europesays.com\/fr\/wp-json\/wp\/v2\/media\/177776"}],"wp:attachment":[{"href":"https:\/\/www.europesays.com\/fr\/wp-json\/wp\/v2\/media?parent=177775"}],"wp:term":[{"taxonomy":"category","embeddable":true,"href":"https:\/\/www.europesays.com\/fr\/wp-json\/wp\/v2\/categories?post=177775"},{"taxonomy":"post_tag","embeddable":true,"href":"https:\/\/www.europesays.com\/fr\/wp-json\/wp\/v2\/tags?post=177775"}],"curies":[{"name":"wp","href":"https:\/\/api.w.org\/{rel}","templated":true}]}}