{"id":177782,"date":"2025-06-15T06:49:22","date_gmt":"2025-06-15T06:49:22","guid":{"rendered":"https:\/\/www.europesays.com\/fr\/177782\/"},"modified":"2025-06-15T06:49:22","modified_gmt":"2025-06-15T06:49:22","slug":"municipales-2026-les-communistes-ont-designe-leur-chef-de-file-a-saint-chamond","status":"publish","type":"post","link":"https:\/\/www.europesays.com\/fr\/177782\/","title":{"rendered":"Municipales 2026. Les communistes ont d\u00e9sign\u00e9 leur chef de file \u00e0 Saint-Chamond"},"content":{"rendered":"<p>Les communistes de Saint-Chamond ont d\u00e9sign\u00e9 leur chef de file pour les \u00e9lections\u00a0municipales de 2026 \u00e0 Saint-Chamond, ont-ils indiqu\u00e9 dans un communiqu\u00e9 de presse.\u00a0Julien Giraudo, 40 ans et actuel directeur de cabinet du maire de Rive-de-Gier, Vincent Bony, portera \u00ab\u00a0leur voix et leurs combats\u00a0\u00bb.<\/p>\n<p>\u00ab\u00a0J\u2019accepte cette responsabilit\u00e9 avec d\u00e9termination, dans un esprit de clart\u00e9\u00a0politique et de rassemblement. Face aux politiques r\u00e9gressives men\u00e9es par la droite\u00a0locale, qui fragilisent nos services publics, nos solidarit\u00e9s et notre cadre de vie et\u00a0face au danger que repr\u00e9sente la banalisation des id\u00e9es d\u2019extr\u00eame droite, nous\u00a0affirmons plus que jamais l\u2019urgence d\u2019un projet social, \u00e9cologique et d\u00e9mocratique\u00a0pour notre ville\u00a0\u00bb, indique Julien Giraudo.<\/p>\n<p>  Une alliance avec les autres partis de gauche en cours de n\u00e9gociation\u00a0?<\/p>\n<p>La cheffe de file pour le Parti socialiste, Nathalie Champalle, avait, elle aussi, \u00e9t\u00e9 d\u00e9sign\u00e9e par son parti. Reste \u00e0 savoir si une alliance est possible entre ces forces de gauche et les \u00c9cologistes, Lutte ouvri\u00e8re ou encore La France Insoumise, qui n\u2019ont pour l\u2019instant pas fait conna\u00eetre officiellement leur positionnement.<\/p>\n<p>Le Parti communiste qualifie, dans ce communiqu\u00e9, d\u2019\u00ab\u00a0indispensable\u00a0\u00bb ce rassemblement des forces de gauche et de \u00ab\u00a0toutes celles et ceux qui partagent les\u00a0valeurs de justice sociale, de solidarit\u00e9, d\u2019\u00e9galit\u00e9 et d\u2019\u00e9mancipation afin de\u00a0construire ensemble une alternative cr\u00e9dible, populaire et porteuse d\u2019espoir.\u00a0Saint-Chamond m\u00e9rite une politique qui mette l\u2019humain et l\u2019int\u00e9r\u00eat g\u00e9n\u00e9ral au\u00a0c\u0153ur de chaque d\u00e9cision\u00a0\u00bb, conclut le communiqu\u00e9 du PC.<\/p>\n<p>Contact\u00e9, Julien Giraudo pr\u00e9cise qu\u2019il n\u2019est \u00ab\u00a0pas candidat\u00a0\u00bb mais \u00ab\u00a0mandat\u00e9 par son parti pour travailler \u00e0 une liste de large rassemblement \u00e0 gauche\u00a0\u00bb.<\/p>\n","protected":false},"excerpt":{"rendered":"Les communistes de Saint-Chamond ont d\u00e9sign\u00e9 leur chef de file pour les \u00e9lections\u00a0municipales de 2026 \u00e0 Saint-Chamond, ont-ils&hellip;\n","protected":false},"author":2,"featured_media":173639,"comment_status":"","ping_status":"","sticky":false,"template":"","format":"standard","meta":{"footnotes":""},"categories":[9653],"tags":[1111,11,2430,7539,4188,1777,674,1011,27,12,8387,316,25,9669,9670,4001],"class_list":{"0":"post-177782","1":"post","2":"type-post","3":"status-publish","4":"format-standard","5":"has-post-thumbnail","7":"category-saint-etienne","8":"tag-actu","9":"tag-actualites","10":"tag-auvergne-rhone-alpes","11":"tag-edition-loire-sud","12":"tag-elections-municipales","13":"tag-eu","14":"tag-europe","15":"tag-fr","16":"tag-france","17":"tag-news","18":"tag-parti-communiste","19":"tag-politique","20":"tag-republique-francaise","21":"tag-saint-chamond","22":"tag-saint-chamond-ville","23":"tag-saint-etienne"},"share_on_mastodon":{"url":"https:\/\/pubeurope.com\/@fr\/114686051236045554","error":""},"_links":{"self":[{"href":"https:\/\/www.europesays.com\/fr\/wp-json\/wp\/v2\/posts\/177782","targetHints":{"allow":["GET"]}}],"collection":[{"href":"https:\/\/www.europesays.com\/fr\/wp-json\/wp\/v2\/posts"}],"about":[{"href":"https:\/\/www.europesays.com\/fr\/wp-json\/wp\/v2\/types\/post"}],"author":[{"embeddable":true,"href":"https:\/\/www.europesays.com\/fr\/wp-json\/wp\/v2\/users\/2"}],"replies":[{"embeddable":true,"href":"https:\/\/www.europesays.com\/fr\/wp-json\/wp\/v2\/comments?post=177782"}],"version-history":[{"count":0,"href":"https:\/\/www.europesays.com\/fr\/wp-json\/wp\/v2\/posts\/177782\/revisions"}],"wp:featuredmedia":[{"embeddable":true,"href":"https:\/\/www.europesays.com\/fr\/wp-json\/wp\/v2\/media\/173639"}],"wp:attachment":[{"href":"https:\/\/www.europesays.com\/fr\/wp-json\/wp\/v2\/media?parent=177782"}],"wp:term":[{"taxonomy":"category","embeddable":true,"href":"https:\/\/www.europesays.com\/fr\/wp-json\/wp\/v2\/categories?post=177782"},{"taxonomy":"post_tag","embeddable":true,"href":"https:\/\/www.europesays.com\/fr\/wp-json\/wp\/v2\/tags?post=177782"}],"curies":[{"name":"wp","href":"https:\/\/api.w.org\/{rel}","templated":true}]}}