{"id":177783,"date":"2025-06-15T06:50:12","date_gmt":"2025-06-15T06:50:12","guid":{"rendered":"https:\/\/www.europesays.com\/fr\/177783\/"},"modified":"2025-06-15T06:50:12","modified_gmt":"2025-06-15T06:50:12","slug":"tragedie-au-bord-de-la-loire-deux-jeunes-perdent-la-vie-a-saint-victor","status":"publish","type":"post","link":"https:\/\/www.europesays.com\/fr\/177783\/","title":{"rendered":"TRAG\u00c9DIE AU BORD DE LA LOIRE : DEUX JEUNES PERDENT LA VIE \u00c0 SAINT-VICTOR"},"content":{"rendered":"<p>L\u2019accident s\u2019est produit au lieu-dit La Noirie, une zone situ\u00e9e entre les communes de Saint-Victor-sur-Loire et Unieux, o\u00f9 un groupe d\u2019une vingtaine de jeunes s\u2019\u00e9tait rendu pour \u00e9chapper \u00e0 la chaleur estivale.<\/p>\n<p>Intervention massive des secours<\/p>\n<p>Peu apr\u00e8s leur installation sur les berges, l\u2019un des jeunes a effectu\u00e9 un plongeon depuis un rocher dans le fleuve. Se retrouvant rapidement en difficult\u00e9 dans une zone aux eaux profondes, il a aussit\u00f4t alert\u00e9 ses camarades. Deux de ses amis se sont imm\u00e9diatement port\u00e9s \u00e0 son secours en se jetant \u00e0 l\u2019eau. Si l\u2019un des sauveteurs improvis\u00e9s a r\u00e9ussi \u00e0 regagner la rive, le second n\u2019est malheureusement jamais remont\u00e9 \u00e0 la surface, partageant le sort tragique de celui qu\u2019il tentait de sauver.<\/p>\n<p>Les services d\u2019urgence ont \u00e9t\u00e9 alert\u00e9s en d\u00e9but d\u2019apr\u00e8s-midi par les amis des victimes. Un dispositif de secours cons\u00e9quent s\u2019est imm\u00e9diatement d\u00e9ploy\u00e9 sur les rives du fleuve. Malgr\u00e9 les efforts d\u00e9ploy\u00e9s par les \u00e9quipes de pompiers, les tentatives de r\u00e9animation se sont r\u00e9v\u00e9l\u00e9es vaines pour les deux adolescents.<\/p>\n<p>Accompagnement psychologique des t\u00e9moins<\/p>\n<p>Face \u00e0 l\u2019ampleur du choc v\u00e9cu par les jeunes pr\u00e9sents lors de la noyade, les autorit\u00e9s ont rapidement organis\u00e9 un soutien psychologique. Une cellule d\u2019aide a \u00e9t\u00e9 install\u00e9e dans les locaux du commissariat pour accompagner les t\u00e9moins de cette trag\u00e9die, particuli\u00e8rement marqu\u00e9s par la perte de leurs camarades.<\/p>\n<p>Enqu\u00eate en cours<\/p>\n<p>Les circonstances exactes de cet accident mortel font d\u00e9sormais l\u2019objet d\u2019une investigation officielle. Une enqu\u00eate pour d\u00e9terminer les causes pr\u00e9cises du d\u00e9c\u00e8s a \u00e9t\u00e9 diligent\u00e9e par les autorit\u00e9s comp\u00e9tentes afin de comprendre comment cette sortie entre amis a pu tourner au drame.<\/p>\n","protected":false},"excerpt":{"rendered":"L\u2019accident s\u2019est produit au lieu-dit La Noirie, une zone situ\u00e9e entre les communes de Saint-Victor-sur-Loire et Unieux, o\u00f9&hellip;\n","protected":false},"author":2,"featured_media":177784,"comment_status":"","ping_status":"","sticky":false,"template":"","format":"standard","meta":{"footnotes":""},"categories":[9653],"tags":[1111,11,2430,1777,674,118,1011,27,3367,12,25,4001],"class_list":{"0":"post-177783","1":"post","2":"type-post","3":"status-publish","4":"format-standard","5":"has-post-thumbnail","7":"category-saint-etienne","8":"tag-actu","9":"tag-actualites","10":"tag-auvergne-rhone-alpes","11":"tag-eu","12":"tag-europe","13":"tag-faits-divers","14":"tag-fr","15":"tag-france","16":"tag-loire","17":"tag-news","18":"tag-republique-francaise","19":"tag-saint-etienne"},"share_on_mastodon":{"url":"https:\/\/pubeurope.com\/@fr\/114686055060019094","error":""},"_links":{"self":[{"href":"https:\/\/www.europesays.com\/fr\/wp-json\/wp\/v2\/posts\/177783","targetHints":{"allow":["GET"]}}],"collection":[{"href":"https:\/\/www.europesays.com\/fr\/wp-json\/wp\/v2\/posts"}],"about":[{"href":"https:\/\/www.europesays.com\/fr\/wp-json\/wp\/v2\/types\/post"}],"author":[{"embeddable":true,"href":"https:\/\/www.europesays.com\/fr\/wp-json\/wp\/v2\/users\/2"}],"replies":[{"embeddable":true,"href":"https:\/\/www.europesays.com\/fr\/wp-json\/wp\/v2\/comments?post=177783"}],"version-history":[{"count":0,"href":"https:\/\/www.europesays.com\/fr\/wp-json\/wp\/v2\/posts\/177783\/revisions"}],"wp:featuredmedia":[{"embeddable":true,"href":"https:\/\/www.europesays.com\/fr\/wp-json\/wp\/v2\/media\/177784"}],"wp:attachment":[{"href":"https:\/\/www.europesays.com\/fr\/wp-json\/wp\/v2\/media?parent=177783"}],"wp:term":[{"taxonomy":"category","embeddable":true,"href":"https:\/\/www.europesays.com\/fr\/wp-json\/wp\/v2\/categories?post=177783"},{"taxonomy":"post_tag","embeddable":true,"href":"https:\/\/www.europesays.com\/fr\/wp-json\/wp\/v2\/tags?post=177783"}],"curies":[{"name":"wp","href":"https:\/\/api.w.org\/{rel}","templated":true}]}}