{"id":177785,"date":"2025-06-15T06:51:46","date_gmt":"2025-06-15T06:51:46","guid":{"rendered":"https:\/\/www.europesays.com\/fr\/177785\/"},"modified":"2025-06-15T06:51:46","modified_gmt":"2025-06-15T06:51:46","slug":"veronique-sanson-et-jean-louis-aubert-pour-un-incroyable-show","status":"publish","type":"post","link":"https:\/\/www.europesays.com\/fr\/177785\/","title":{"rendered":"V\u00e9ronique Sanson et Jean-Louis Aubert pour un incroyable show\u00a0!"},"content":{"rendered":"<p>Le Z\u00e9nith du Grand Nancy \u00e9tait en \u00e9bullition ce samedi soir. Et pas qu\u2019un peu\u00a0! Une alerte aux orages violents mena\u00e7ant le d\u00e9partement, les organisateurs ont d\u00e9cid\u00e9, cette semaine, de basculer en int\u00e9rieur cette date du Nancy Open Air\u2026 Remplissant ainsi au taquet la salle qui allait vivre un joli moment avec deux artistes puisant dans leurs r\u00e9pertoires respectifs jalonn\u00e9s de morceaux l\u00e9gendaires. De\u00a0Vancouver \u00e0 New York, le voyage aura \u00e9t\u00e9 incroyable \u00a0!<\/p>\n","protected":false},"excerpt":{"rendered":"Le Z\u00e9nith du Grand Nancy \u00e9tait en \u00e9bullition ce samedi soir. Et pas qu\u2019un peu\u00a0! Une alerte aux&hellip;\n","protected":false},"author":2,"featured_media":177786,"comment_status":"","ping_status":"","sticky":false,"template":"","format":"standard","meta":{"footnotes":""},"categories":[9635],"tags":[1111,11,1704,1777,674,1011,27,2798,775,10061,873,1702,12,25],"class_list":{"0":"post-177785","1":"post","2":"type-post","3":"status-publish","4":"format-standard","5":"has-post-thumbnail","7":"category-nancy","8":"tag-actu","9":"tag-actualites","10":"tag-edition-nancy-et-agglomeration","11":"tag-eu","12":"tag-europe","13":"tag-fr","14":"tag-france","15":"tag-galerie-photo","16":"tag-grand-est","17":"tag-maxeville","18":"tag-musique","19":"tag-nancy","20":"tag-news","21":"tag-republique-francaise"},"share_on_mastodon":{"url":"https:\/\/pubeurope.com\/@fr\/114686059051390253","error":""},"_links":{"self":[{"href":"https:\/\/www.europesays.com\/fr\/wp-json\/wp\/v2\/posts\/177785","targetHints":{"allow":["GET"]}}],"collection":[{"href":"https:\/\/www.europesays.com\/fr\/wp-json\/wp\/v2\/posts"}],"about":[{"href":"https:\/\/www.europesays.com\/fr\/wp-json\/wp\/v2\/types\/post"}],"author":[{"embeddable":true,"href":"https:\/\/www.europesays.com\/fr\/wp-json\/wp\/v2\/users\/2"}],"replies":[{"embeddable":true,"href":"https:\/\/www.europesays.com\/fr\/wp-json\/wp\/v2\/comments?post=177785"}],"version-history":[{"count":0,"href":"https:\/\/www.europesays.com\/fr\/wp-json\/wp\/v2\/posts\/177785\/revisions"}],"wp:featuredmedia":[{"embeddable":true,"href":"https:\/\/www.europesays.com\/fr\/wp-json\/wp\/v2\/media\/177786"}],"wp:attachment":[{"href":"https:\/\/www.europesays.com\/fr\/wp-json\/wp\/v2\/media?parent=177785"}],"wp:term":[{"taxonomy":"category","embeddable":true,"href":"https:\/\/www.europesays.com\/fr\/wp-json\/wp\/v2\/categories?post=177785"},{"taxonomy":"post_tag","embeddable":true,"href":"https:\/\/www.europesays.com\/fr\/wp-json\/wp\/v2\/tags?post=177785"}],"curies":[{"name":"wp","href":"https:\/\/api.w.org\/{rel}","templated":true}]}}