{"id":177788,"date":"2025-06-15T06:53:18","date_gmt":"2025-06-15T06:53:18","guid":{"rendered":"https:\/\/www.europesays.com\/fr\/177788\/"},"modified":"2025-06-15T06:53:18","modified_gmt":"2025-06-15T06:53:18","slug":"champ-sur-drac-un-spectacle-de-feu-et-de-pyrotechnies-au-parc-du-plan-deau-ce-jeudi","status":"publish","type":"post","link":"https:\/\/www.europesays.com\/fr\/177788\/","title":{"rendered":"Champ-sur-Drac. Un spectacle de feu et de pyrotechnies au parc du Plan d\u2019eau ce jeudi"},"content":{"rendered":"<p>Jeudi 12\u00a0juin, \u00e0 21\u00a0h\u00a030, au parc du Plan d\u2019eau de Champ-sur-Drac, la compagnie Litha pr\u00e9sentera \u201cAsr\u00e2r\u201d. Asr\u00e2r est un pr\u00e9nom f\u00e9minin arabe signifiant \u201csecrets\u201d. D\u2019une dur\u00e9e de 33\u00a0minutes, ce spectacle de feu et de pyrotechnies a d\u00e9j\u00e0 \u00e9t\u00e9 pr\u00e9sent\u00e9 dans les villes aux alentours dans le cadre des Dix jours de la culture en avril dernier. La Compagnie Litha est install\u00e9e \u00e0 Grenoble. Ses artistes sont des professionnels aux diverses disciplines. Leur spectacle est inspir\u00e9 d\u2019un des livres d\u2019Elif Shafak Soufi, mon amour. Elif Shafak est une \u00e9crivaine turque, n\u00e9 en 1971 en France. Elle \u00e9crit aussi bien en turc qu\u2019en anglais. Elle a re\u00e7u le Prix des \u00e9crivains turcs en 2000 mais son roman publi\u00e9 en 2006 La b\u00e2tarde d\u2019Istanbul lui a valu d\u2019\u00eatre poursuivie en justice. Soufi, mon amour publi\u00e9 en 2010, est la v\u00e9ridique histoire, qui s\u2019est d\u00e9roul\u00e9e en Perse au XIIIe \u00a0si\u00e8cle, d\u2019une rencontre entre R\u00fbmi, po\u00e8te et th\u00e9ologien, et Shams de Tabriz, ma\u00eetre spirituel qui l\u2019initia \u00e0 la mystique musulmane.<\/p>\n","protected":false},"excerpt":{"rendered":"Jeudi 12\u00a0juin, \u00e0 21\u00a0h\u00a030, au parc du Plan d\u2019eau de Champ-sur-Drac, la compagnie Litha pr\u00e9sentera \u201cAsr\u00e2r\u201d. Asr\u00e2r est&hellip;\n","protected":false},"author":2,"featured_media":177789,"comment_status":"","ping_status":"","sticky":false,"template":"","format":"standard","meta":{"footnotes":""},"categories":[9619],"tags":[1111,11,31403,1687,113,1777,674,1011,27,12,882,25,17481,3140,2310],"class_list":{"0":"post-177788","1":"post","2":"type-post","3":"status-publish","4":"format-standard","5":"has-post-thumbnail","7":"category-toulon","8":"tag-actu","9":"tag-actualites","10":"tag-champ-sur-drac","11":"tag-culture-loisirs","12":"tag-edition-gresivaudan-oisans","13":"tag-eu","14":"tag-europe","15":"tag-fr","16":"tag-france","17":"tag-news","18":"tag-provence-alpes-cote-dazur","19":"tag-republique-francaise","20":"tag-romanche","21":"tag-spectacle","22":"tag-toulon"},"share_on_mastodon":{"url":"https:\/\/pubeurope.com\/@fr\/114686066880205662","error":""},"_links":{"self":[{"href":"https:\/\/www.europesays.com\/fr\/wp-json\/wp\/v2\/posts\/177788","targetHints":{"allow":["GET"]}}],"collection":[{"href":"https:\/\/www.europesays.com\/fr\/wp-json\/wp\/v2\/posts"}],"about":[{"href":"https:\/\/www.europesays.com\/fr\/wp-json\/wp\/v2\/types\/post"}],"author":[{"embeddable":true,"href":"https:\/\/www.europesays.com\/fr\/wp-json\/wp\/v2\/users\/2"}],"replies":[{"embeddable":true,"href":"https:\/\/www.europesays.com\/fr\/wp-json\/wp\/v2\/comments?post=177788"}],"version-history":[{"count":0,"href":"https:\/\/www.europesays.com\/fr\/wp-json\/wp\/v2\/posts\/177788\/revisions"}],"wp:featuredmedia":[{"embeddable":true,"href":"https:\/\/www.europesays.com\/fr\/wp-json\/wp\/v2\/media\/177789"}],"wp:attachment":[{"href":"https:\/\/www.europesays.com\/fr\/wp-json\/wp\/v2\/media?parent=177788"}],"wp:term":[{"taxonomy":"category","embeddable":true,"href":"https:\/\/www.europesays.com\/fr\/wp-json\/wp\/v2\/categories?post=177788"},{"taxonomy":"post_tag","embeddable":true,"href":"https:\/\/www.europesays.com\/fr\/wp-json\/wp\/v2\/tags?post=177788"}],"curies":[{"name":"wp","href":"https:\/\/api.w.org\/{rel}","templated":true}]}}