{"id":177796,"date":"2025-06-15T07:00:12","date_gmt":"2025-06-15T07:00:12","guid":{"rendered":"https:\/\/www.europesays.com\/fr\/177796\/"},"modified":"2025-06-15T07:00:12","modified_gmt":"2025-06-15T07:00:12","slug":"cinq-concerts-gratuits-selectionnes-pour-vous","status":"publish","type":"post","link":"https:\/\/www.europesays.com\/fr\/177796\/","title":{"rendered":"cinq concerts gratuits s\u00e9lectionn\u00e9s pour vous"},"content":{"rendered":"<p>            Par<br \/>\n        <strong><br \/>\n            <a href=\"https:\/\/actu.fr\/auteur\/redaction-grenoble\" title=\"Consulter tous les articles de R\u00e9daction Grenoble\" rel=\"nofollow noopener\" target=\"_blank\">R\u00e9daction Grenoble<\/a><br \/>\n        <\/strong><\/p>\n<p>        Publi\u00e9 le<\/p>\n<p>            15 juin 2025 \u00e0 6h46        <\/p>\n<p>Concerts dans la rue, amateurs ou artistes professionnels sur sc\u00e8ne, bars pris d\u2019assaut\u2026 Comme tous les ans, la <a href=\"https:\/\/actu.fr\/evenements\/ce-vendredi-c-est-la-fete-de-la-musique-d-ou-vient-elle-et-pourquoi-le-21-juin_61232661.html\" rel=\"nofollow noopener\" target=\"_blank\">F\u00eate de la musique<\/a> est de retour le 21 juin, qui tombe cette ann\u00e9e un samedi.<br \/>\u00c0 <a href=\"https:\/\/actu.fr\/auvergne-rhone-alpes\/grenoble_38185\" rel=\"nofollow noopener\" target=\"_blank\">Grenoble<\/a>, le programme des animations musicales prend forme, et il y en a pour tous les go\u00fbts ! La r\u00e9daction vous a fait une<strong> s\u00e9lection de cinq concerts gratuits<\/strong> \u00e0 ne pas manquer dans la capitale des Alpes.<\/p>\n<p>Pop-rock toute la nuit<\/p>\n<p class=\" wall-content\">D\u00e8s 18 heures, rendez-vous au restaurant Rocky Pop Grenoble, rue de Strasbourg, \u00e0 deux pas du parc Paul-Mistral. Les <strong>amateurs de pop-rock<\/strong> vont \u00eatre servis, avec trois artistes ou groupes qui vont se succ\u00e9der sur sc\u00e8ne jusqu\u2019\u00e0 minuit.<\/p>\n<p class=\" wall-content\">Le <strong>Groupe Oufff<\/strong>, un \u00ab\u00a0orchestre festif\u00a0\u00bb va d\u00e9marrer la danse, suivi du duo de fr\u00e8res <strong>Stock<\/strong>, plut\u00f4t branch\u00e9 folk-rock. Enfin, le groupe <strong>Pas Riche Hamilton<\/strong> reprendra de grands tubes de la pop.<\/p>\n<p>Concert avec vue<\/p>\n<p class=\" wall-content\"><strong>L\u2019Harmonie de Grenoble<\/strong> donne rendez-vous d\u00e8s 12h30 pour c\u00e9l\u00e9brer la F\u00eate de la musique depuis le fort de <a href=\"https:\/\/actu.fr\/auvergne-rhone-alpes\/grenoble_38185\/grenoble-les-bulles-du-telepherique-de-la-bastille-evacuees-decouvrez-les-images_62444043.html\" rel=\"nofollow noopener\" target=\"_blank\">la Bastille<\/a>.<\/p>\n<p>    <a href=\"https:\/\/www.google.com\/maps\/embed?pb=!1m18!1m12!1m3!1d2811.4098269867204!2d5.721938476136113!3d45.19904177107076!2m3!1f0!2f0!3f0!3m2!1i1024!2i768!4f13.1!3m3!1m2!1s0x478af4630377eae5%3A0x38510a9930381add!2sFort%20de%20La%20Bastille!5e0!3m2!1sfr!2sfr!4v1749742104406!5m2!1sfr!2sfr\" title=\"Ouvrie le lien\" rel=\"nofollow noopener\" target=\"_blank\">Cliquez ici pour visualiser le contenu<\/a><\/p>\n<p class=\" wall-content\">Les musiciens \u2013 d\u00e9butants comme confirm\u00e9s \u2013 vont proposer des <strong>concerts non-stop jusqu\u2019\u00e0 19 heures<\/strong>. Duos, trios, quatuors et ensembles vont encha\u00eener les prestations : fanfare, cuivres, saxophones, clarinettes ou fl\u00fbtistes vont \u00eatre de la partie.<\/p>\n<p>Ambiance tropicale \u00e0 Europole<\/p>\n<p class=\" wall-content\">Du c\u00f4t\u00e9 du quartier Europole, c\u2019est au Novotel de la place Robert-Schuman va accueillir, \u00e0 18h30, un groupe de sept artistes, regroup\u00e9s au sein de la formation <strong>African Fangaro<\/strong>.<\/p>\n<p class=\" wall-content\">Sur sc\u00e8ne, un batteur, un percussionniste, un bassiste, un guitariste, un clavi\u00e9riste et de deux chanteuses. Leur musique, influenc\u00e9e par les m\u00e9lodies malgaches, va vous <strong>donner des envies de voyage<\/strong>, si ce n\u2019est vous inviter \u00e0 danser.<\/p>\n<p>M\u00e9tal et fl\u00fbte traversi\u00e8re<\/p>\n<p class=\" wall-content\">Autre ambiance boulevard Gambetta, au bar The Rock Tavern, sur les coups de 21h30 avec le groupe grenoblois <strong>Wesmaguhl<\/strong>.\u00a0<\/p>\n<p class=\" wall-content\">Les artistes vont proposer un <strong>concert de folk metal<\/strong>. Comprenez, un savant m\u00e9lange entre le genre m\u00e9tal et une fl\u00fbte traversi\u00e8re. Avant eux, l\u2019artiste <strong>Gods of the Sun<\/strong> et le groupe de rock et rap <strong>Ourano<\/strong> vont assurer le show en d\u00e9but de soir\u00e9e.<\/p>\n<p>Guinguette et DJ sets<\/p>\n<p class=\" wall-content\">Direction maintenant <a href=\"https:\/\/actu.fr\/auvergne-rhone-alpes\/grenoble_38185\/grenoble-cette-grande-salle-de-concerts-fete-ses-10-ans-voici-le-programme_62098546.html\" rel=\"nofollow noopener\" target=\"_blank\">la Belle \u00c9lectrique<\/a>. De 18 heures \u00e0 minuit, une succession d\u2019artistes va se produire dans une <strong>ambiance guinguette<\/strong>, avec restauration et buvette sur place pour le public.<\/p>\n<p>    <a href=\"https:\/\/www.google.com\/maps\/embed?pb=!1m18!1m12!1m3!1d5623.98728162675!2d5.701620476135469!3d45.187224971070854!2m3!1f0!2f0!3f0!3m2!1i1024!2i768!4f13.1!3m3!1m2!1s0x478af37b73b3b29b%3A0x16952b4feb50ba3b!2sLa%20Belle%20Electrique!5e0!3m2!1sfr!2sfr!4v1749741489772!5m2!1sfr!2sfr\" title=\"Ouvrie le lien\" rel=\"nofollow noopener\" target=\"_blank\">Cliquez ici pour visualiser le contenu<\/a><\/p>\n<p class=\" wall-content\">Vont se produire le groupe de sept musiciens <strong>Pambel\u00e9<\/strong> (rock, punk, pop et m\u00e9lodies plus traditionnelles afro-carib\u00e9ennes), le <strong>BoxSons<\/strong> de Radio Campus Grenoble pour un premier DJ set d\u2019\u00e9chauffement, avant l\u2019arriv\u00e9e sur sc\u00e8ne de <strong>Turbo Boom-Boom<\/strong> qui m\u00eale derni\u00e8res tendances et tr\u00e9sors oubli\u00e9s de l\u2019\u00e9lectronique.<\/p>\n<p class=\" wall-content\">Suivez toute l\u2019actualit\u00e9 de vos villes et m\u00e9dias favoris en vous inscrivant \u00e0 <a href=\"https:\/\/moncompte.actu.fr\" title=\"D\u00e9couvez Mon Actu\" rel=\"nofollow noopener\" data-trk=\"{&quot;cta&quot;:{&quot;action&quot;:&quot;https:\\\/\\\/moncompte.actu.fr&quot;,&quot;category&quot;:&quot;mon compte&quot;,&quot;from&quot;:&quot;article footer&quot;,&quot;name&quot;:&quot;Mon actu&quot;,&quot;type&quot;:&quot;cta&quot;}}\" target=\"_blank\">Mon Actu<\/a>.<\/p>\n","protected":false},"excerpt":{"rendered":"Par R\u00e9daction Grenoble Publi\u00e9 le 15 juin 2025 \u00e0 6h46 Concerts dans la rue, amateurs ou artistes professionnels&hellip;\n","protected":false},"author":2,"featured_media":177797,"comment_status":"","ping_status":"","sticky":false,"template":"","format":"standard","meta":{"footnotes":""},"categories":[9566],"tags":[1111,11,2430,1777,674,25885,1011,27,2731,1652,12,25],"class_list":{"0":"post-177796","1":"post","2":"type-post","3":"status-publish","4":"format-standard","5":"has-post-thumbnail","7":"category-grenoble","8":"tag-actu","9":"tag-actualites","10":"tag-auvergne-rhone-alpes","11":"tag-eu","12":"tag-europe","13":"tag-fete-de-la-musique","14":"tag-fr","15":"tag-france","16":"tag-grenoble","17":"tag-loisirs-culture","18":"tag-news","19":"tag-republique-francaise"},"share_on_mastodon":{"url":"https:\/\/pubeurope.com\/@fr\/114686094435773362","error":""},"_links":{"self":[{"href":"https:\/\/www.europesays.com\/fr\/wp-json\/wp\/v2\/posts\/177796","targetHints":{"allow":["GET"]}}],"collection":[{"href":"https:\/\/www.europesays.com\/fr\/wp-json\/wp\/v2\/posts"}],"about":[{"href":"https:\/\/www.europesays.com\/fr\/wp-json\/wp\/v2\/types\/post"}],"author":[{"embeddable":true,"href":"https:\/\/www.europesays.com\/fr\/wp-json\/wp\/v2\/users\/2"}],"replies":[{"embeddable":true,"href":"https:\/\/www.europesays.com\/fr\/wp-json\/wp\/v2\/comments?post=177796"}],"version-history":[{"count":0,"href":"https:\/\/www.europesays.com\/fr\/wp-json\/wp\/v2\/posts\/177796\/revisions"}],"wp:featuredmedia":[{"embeddable":true,"href":"https:\/\/www.europesays.com\/fr\/wp-json\/wp\/v2\/media\/177797"}],"wp:attachment":[{"href":"https:\/\/www.europesays.com\/fr\/wp-json\/wp\/v2\/media?parent=177796"}],"wp:term":[{"taxonomy":"category","embeddable":true,"href":"https:\/\/www.europesays.com\/fr\/wp-json\/wp\/v2\/categories?post=177796"},{"taxonomy":"post_tag","embeddable":true,"href":"https:\/\/www.europesays.com\/fr\/wp-json\/wp\/v2\/tags?post=177796"}],"curies":[{"name":"wp","href":"https:\/\/api.w.org\/{rel}","templated":true}]}}