{"id":177802,"date":"2025-06-15T07:04:19","date_gmt":"2025-06-15T07:04:19","guid":{"rendered":"https:\/\/www.europesays.com\/fr\/177802\/"},"modified":"2025-06-15T07:04:19","modified_gmt":"2025-06-15T07:04:19","slug":"eurometropole-de-strasbourg-ce-dimanche-15-juin-le-tour-des-fermes-met-le-cap-a-louest","status":"publish","type":"post","link":"https:\/\/www.europesays.com\/fr\/177802\/","title":{"rendered":"Eurom\u00e9tropole de Strasbourg. Ce dimanche 15 juin, le Tour des fermes met le cap \u00e0 l\u2019ouest"},"content":{"rendered":"<p>La onzi\u00e8me \u00e9dition du <a href=\"https:\/\/www.dna.fr\/societe\/2024\/06\/12\/le-tour-des-fermes-pour-rencontrer-des-agriculteurs-locaux\" target=\"_blank\" rel=\"noopener\">Tour des fermes<\/a> , \u00e9v\u00e9nement coordonn\u00e9 par <a href=\"https:\/\/www.dna.fr\/culture-loisirs\/2024\/06\/02\/bienvenue-a-la-ferme-quand-les-consommateurs-viennent-a-la-rencontre-des-producteurs\" target=\"_blank\" rel=\"noopener\">l\u2019Eurom\u00e9tropole de Strasbourg<\/a> avec la chambre d\u2019agriculture Alsace et Bio en Grand Est, va donc se balader \u00e0 l\u2019ouest du territoire, ce dimanche 15 juin. Trois circuits (14, 15 et 21\u00a0km) sont balis\u00e9s pour partir \u00e0 la d\u00e9couverte de onze partenaires aux activit\u00e9s diverses\u00a0: viticulture, mara\u00eechage, production de betterave sucri\u00e8re, \u00e9levage de volailles et de moutons, culture de la pomme de terre, grandes cultures,\u00a0etc. L\u2019occasion de rencontrer des agriculteurs, s\u2019informer sur leurs techniques et pratiques, d\u00e9guster et s\u2019amuser.<\/p>\n<p>  Balades dans les vignes, tonte de moutons&#8230; <\/p>\n<p>Deux points d\u2019accueil <a href=\"https:\/\/www.dna.fr\/politique\/2024\/08\/29\/velhop-gonfle-sa-flotte-pour-la-rentree\" target=\"_blank\" rel=\"noopener\">V\u00e9lhop<\/a> permettront \u00e0 ceux qui n\u2019ont pas de v\u00e9lo d\u2019enfourcher une monture et faire le Tour des fermes. Classiques, \u00e9lectriques, cargos seront mis \u00e0 disposition gratuitement au point d\u2019accueil d\u2019Osthoffen (lieu-dit Ruhsessel) et \u00e0 l\u2019EARL Steinbronn, \u00e0 Breuschwickersheim \u2013 ch\u00e8que de caution et pi\u00e8ce d\u2019identit\u00e9 exig\u00e9s pour garantir le retour du v\u00e9lo\u2026<\/p>\n<p>Parmi les animations, un parcours dans les vignes \u00e9maill\u00e9 de d\u00e9monstrations, \u00e0 Osthoffen. \u00c0 Breuschwickersheim, citons des balades pour observer des plantes sauvages (ferme Diemer, \u00e0 11\u00a0h et 15\u00a0h), des visites guid\u00e9es du b\u00e2ti agricole avec l\u2019Association de sauvegarde des maisons alsaciennes (EARL Schaub \u00e0 11\u00a0h, 14\u00a0h et 16\u00a0h), des visites de serres et parcelles de mara\u00eechage (ferme Pierre Bernhardt), une exposition de tracteurs anciens au Comptoir agricole, ou encore des d\u00e9gustations de frites et un concours d\u2019\u00e9pluchage de pommes de terre (EARL Steinbronn). La Manufacture de l\u00e9gumes d\u00e9voile son fonctionnement et son engagement \u00e0 valoriser la production locale.<\/p>\n<p>\u00c0 Achenheim, les fermes Hecker et Lienhard donnent des infos sur l\u2019\u00e9levage de volailles Label rouge, l\u2019apiculture, le grand hamster d\u2019Alsace, offrent des d\u00e9monstrations de fabrication de farine et des d\u00e9gustations d\u2019eaux-de-vie. La ferme Xavier Kordian (agriculture bio), elle, met en avant la fili\u00e8re ovine \u00e0 travers la tonte de moutons (11\u00a0h et 16\u00a0h\u00a030) et le travail avec les chiens de berger (15\u00a0h).<\/p>\n<p>Enfin, \u00e0 Kolbsheim, rendez-vous est donn\u00e9 \u00e0 <a href=\"https:\/\/www.dna.fr\/edition-de-molsheim-schirmeck\/2018\/03\/04\/thibaut-diemer\" target=\"_blank\" rel=\"noopener\">la ferme Thibaut Diemer<\/a> pour des visites de serres et parcelles de mara\u00eechage, des informations sur la fili\u00e8re \u00ab\u00a0l\u00e9gumineuses\u00a0\u00bb. La majeure partie des partenaires auront une offre de restauration et des produits frais \u00e0 vendre\u00a0: n\u2019oubliez pas votre panier\u00a0!<\/p>\n<p class=\"note\">Dimanche 15\u00a0juin, de 10\u00a0h \u00e0 18\u00a0h. Entr\u00e9e libre. Circuits de 21 et 15\u00a0km au d\u00e9part d\u2019Osthoffen (lieu-dit Ruhsessel)\u00a0; circuit de 14\u00a0km au d\u00e9part de l\u2019EARL Steinbronn, \u00e0 Breuschwickersheim. D\u00e9tails sur\u00a0: www.strasbourg.eu\/tour-des-fermes<\/p>\n","protected":false},"excerpt":{"rendered":"La onzi\u00e8me \u00e9dition du Tour des fermes , \u00e9v\u00e9nement coordonn\u00e9 par l\u2019Eurom\u00e9tropole de Strasbourg avec la chambre d\u2019agriculture&hellip;\n","protected":false},"author":2,"featured_media":177803,"comment_status":"","ping_status":"","sticky":false,"template":"","format":"standard","meta":{"footnotes":""},"categories":[2820],"tags":[1111,11,327,7782,1687,33,2880,1777,674,107,1011,27,775,12,24069,25,640,3089],"class_list":{"0":"post-177802","1":"post","2":"type-post","3":"status-publish","4":"format-standard","5":"has-post-thumbnail","7":"category-strasbourg","8":"tag-actu","9":"tag-actualites","10":"tag-agriculture","11":"tag-balades-et-randonnees","12":"tag-culture-loisirs","13":"tag-economie","14":"tag-edition-strasbourg","15":"tag-eu","16":"tag-europe","17":"tag-fil-info","18":"tag-fr","19":"tag-france","20":"tag-grand-est","21":"tag-news","22":"tag-osthoffen","23":"tag-republique-francaise","24":"tag-strasbourg","25":"tag-strasbourg-sud"},"share_on_mastodon":{"url":"https:\/\/pubeurope.com\/@fr\/114686110526506245","error":""},"_links":{"self":[{"href":"https:\/\/www.europesays.com\/fr\/wp-json\/wp\/v2\/posts\/177802","targetHints":{"allow":["GET"]}}],"collection":[{"href":"https:\/\/www.europesays.com\/fr\/wp-json\/wp\/v2\/posts"}],"about":[{"href":"https:\/\/www.europesays.com\/fr\/wp-json\/wp\/v2\/types\/post"}],"author":[{"embeddable":true,"href":"https:\/\/www.europesays.com\/fr\/wp-json\/wp\/v2\/users\/2"}],"replies":[{"embeddable":true,"href":"https:\/\/www.europesays.com\/fr\/wp-json\/wp\/v2\/comments?post=177802"}],"version-history":[{"count":0,"href":"https:\/\/www.europesays.com\/fr\/wp-json\/wp\/v2\/posts\/177802\/revisions"}],"wp:featuredmedia":[{"embeddable":true,"href":"https:\/\/www.europesays.com\/fr\/wp-json\/wp\/v2\/media\/177803"}],"wp:attachment":[{"href":"https:\/\/www.europesays.com\/fr\/wp-json\/wp\/v2\/media?parent=177802"}],"wp:term":[{"taxonomy":"category","embeddable":true,"href":"https:\/\/www.europesays.com\/fr\/wp-json\/wp\/v2\/categories?post=177802"},{"taxonomy":"post_tag","embeddable":true,"href":"https:\/\/www.europesays.com\/fr\/wp-json\/wp\/v2\/tags?post=177802"}],"curies":[{"name":"wp","href":"https:\/\/api.w.org\/{rel}","templated":true}]}}