{"id":177806,"date":"2025-06-15T07:06:12","date_gmt":"2025-06-15T07:06:12","guid":{"rendered":"https:\/\/www.europesays.com\/fr\/177806\/"},"modified":"2025-06-15T07:06:12","modified_gmt":"2025-06-15T07:06:12","slug":"pourquoi-la-mairie-de-saint-laurent-du-var-a-decide-denlever-les-distributeurs-de-sacs-canins-on-vous-explique-cette-surprenante-mesure","status":"publish","type":"post","link":"https:\/\/www.europesays.com\/fr\/177806\/","title":{"rendered":"Pourquoi la mairie de Saint-Laurent-du-Var a d\u00e9cid\u00e9 d&rsquo;enlever les distributeurs de sacs canins? On vous explique cette surprenante mesure"},"content":{"rendered":"<p>Les distributeurs de sacs canins gratuits vont dispara\u00eetre des rues de Saint-Laurent-du-Var. Ainsi en a d\u00e9cid\u00e9 la municipalit\u00e9, qui s\u2019en explique, dans un communiqu\u00e9 de presse: \u00ab\u00a0Install\u00e9s il y a dix ans, ils \u00e9taient l\u00e0 pour d\u00e9panner et non pour \u00e9viter aux propri\u00e9taires de chiens de sortir avec leurs propres sacs.\u00a0\u00bb<\/p>\n<p>Par la voix de Danielle H\u00e9bert, l\u2019adjointe au maire Joseph S\u00e9gura d\u00e9l\u00e9gu\u00e9e \u00e0 l\u2019Environnement, la municipalit\u00e9 justifie: \u00ab\u00a0Aujourd\u2019hui, les bons gestes doivent enfin \u00eatre int\u00e9gr\u00e9s, <strong>chaque propri\u00e9taire ayant l\u2019obligation de sortir avec deux sacs sous peine de verbalisation<\/strong>, comme stipul\u00e9 par arr\u00eat\u00e9 municipal. Au bout de dix ans, il n\u2019y a plus de raison que l\u2019ensemble des Laurentins supportent le co\u00fbt de ces distributeurs qui, par ailleurs, \u00e9taient souvent vid\u00e9s abusivement.\u00a0\u00bb<\/p>\n<p>Si la municipalit\u00e9 \u00ab\u00a0compte sur le civisme et l\u2019esprit de responsabilit\u00e9 des propri\u00e9taires de chiens\u00a0\u00bb, elle pr\u00e9vient les moins scrupuleux: \u00ab\u00a0Apr\u00e8s d\u2019importantes campagnes d\u2019information, la Ville de Saint-Laurent-du-Var a d\u00e9cid\u00e9 d\u2019<strong>utiliser la sanction lorsque n\u00e9cessaire en demandant \u00e0 sa police municipale de verbaliser<\/strong> les propri\u00e9taires de chiens qui ne ramassent pas les d\u00e9jections de leur animal.\u00a0\u00bb<\/p>\n","protected":false},"excerpt":{"rendered":"Les distributeurs de sacs canins gratuits vont dispara\u00eetre des rues de Saint-Laurent-du-Var. Ainsi en a d\u00e9cid\u00e9 la municipalit\u00e9,&hellip;\n","protected":false},"author":2,"featured_media":177807,"comment_status":"","ping_status":"","sticky":false,"template":"","format":"standard","meta":{"footnotes":""},"categories":[2819],"tags":[1111,11,1777,674,1011,27,12,2401,882,25,3366],"class_list":{"0":"post-177806","1":"post","2":"type-post","3":"status-publish","4":"format-standard","5":"has-post-thumbnail","7":"category-nice","8":"tag-actu","9":"tag-actualites","10":"tag-eu","11":"tag-europe","12":"tag-fr","13":"tag-france","14":"tag-news","15":"tag-nice","16":"tag-provence-alpes-cote-dazur","17":"tag-republique-francaise","18":"tag-vie-locale"},"share_on_mastodon":{"url":"https:\/\/pubeurope.com\/@fr\/114686118080221080","error":""},"_links":{"self":[{"href":"https:\/\/www.europesays.com\/fr\/wp-json\/wp\/v2\/posts\/177806","targetHints":{"allow":["GET"]}}],"collection":[{"href":"https:\/\/www.europesays.com\/fr\/wp-json\/wp\/v2\/posts"}],"about":[{"href":"https:\/\/www.europesays.com\/fr\/wp-json\/wp\/v2\/types\/post"}],"author":[{"embeddable":true,"href":"https:\/\/www.europesays.com\/fr\/wp-json\/wp\/v2\/users\/2"}],"replies":[{"embeddable":true,"href":"https:\/\/www.europesays.com\/fr\/wp-json\/wp\/v2\/comments?post=177806"}],"version-history":[{"count":0,"href":"https:\/\/www.europesays.com\/fr\/wp-json\/wp\/v2\/posts\/177806\/revisions"}],"wp:featuredmedia":[{"embeddable":true,"href":"https:\/\/www.europesays.com\/fr\/wp-json\/wp\/v2\/media\/177807"}],"wp:attachment":[{"href":"https:\/\/www.europesays.com\/fr\/wp-json\/wp\/v2\/media?parent=177806"}],"wp:term":[{"taxonomy":"category","embeddable":true,"href":"https:\/\/www.europesays.com\/fr\/wp-json\/wp\/v2\/categories?post=177806"},{"taxonomy":"post_tag","embeddable":true,"href":"https:\/\/www.europesays.com\/fr\/wp-json\/wp\/v2\/tags?post=177806"}],"curies":[{"name":"wp","href":"https:\/\/api.w.org\/{rel}","templated":true}]}}