{"id":177810,"date":"2025-06-15T07:08:09","date_gmt":"2025-06-15T07:08:09","guid":{"rendered":"https:\/\/www.europesays.com\/fr\/177810\/"},"modified":"2025-06-15T07:08:09","modified_gmt":"2025-06-15T07:08:09","slug":"fermee-en-2018-cette-gare-de-loire-atlantique-redevient-un-lieu-de-vie","status":"publish","type":"post","link":"https:\/\/www.europesays.com\/fr\/177810\/","title":{"rendered":"Ferm\u00e9e en 2018, cette gare de Loire-Atlantique redevient un lieu de vie"},"content":{"rendered":"<p>            Par<br \/>\n        <strong><br \/>\n            <a href=\"https:\/\/actu.fr\/auteur\/laurent-fortin\" title=\"Consulter tous les articles de Laurent Fortin\" target=\"_blank\" rel=\"noopener\">Laurent Fortin<\/a><br \/>\n        <\/strong><\/p>\n<p>        Publi\u00e9 le<\/p>\n<p>            15 juin 2025 \u00e0 8h58        <\/p>\n<p>Une partie de <b>jeux de soci\u00e9t\u00e9<\/b>, un <b>atelier tricot <\/b>ou <b>bricolage<\/b>, ou encore une <b>simple discussion autour d\u2019un caf\u00e9<\/b>\u2026 le <a href=\"https:\/\/www.google.com\/maps\/place\/La+Gare,+44230+Vertou\/@47.1861327,-1.4780979,95m\/data=!3m1!1e3!4m6!3m5!1s0x4805e8a04dd96759:0xc16c386346c6638d!8m2!3d47.186955!4d-1.477447!16s%2Fg%2F1tdgp6b0?entry=ttu&amp;g_ep=EgoyMDI1MDYxMS4wIKXMDSoASAFQAw%3D%3D\" target=\"_blank\" rel=\"noopener\">hall de la gare<\/a> de <b><a href=\"https:\/\/actu.fr\/pays-de-la-loire\/vertou_44215\" target=\"_blank\" rel=\"noopener\">Vertou <\/a><\/b>a non seulement rouvert, mais<a href=\"https:\/\/vertou.fr\/la-gare-nouveau-lieu-participatifouvre-ses-portes-et-propose-ses-premiers-rendez-vous\/\" target=\"_blank\" rel=\"noopener\"> propose des activit\u00e9s tr\u00e8s vari\u00e9es depuis d\u00e9but juin.<\/a><\/p>\n<p class=\" wall-content\">Des animations issues des v\u0153ux des habitants concert\u00e9s depuis un an en ligne et lors <b>des festivit\u00e9s du 14\u00a0septembre dernier. Ouvert par demi-journ\u00e9e du mardi au samedi <\/b>(soit de 9\u2009h\u200930 \u00e0 12\u2009h\u200930, soit de 15\u2009h \u00e0 18\u2009h), \u00ab\u2009ce nouveau lieu de vie a pour but d\u2019attirer des gens du quartier, et m\u00eame de plus loin, afin <b>de tisser du lien en proposant des actions culturelles, sociales, ludiques et \u00e9ducatives\u2009<\/b>\u00bb, indique la municipalit\u00e9 qui avait r\u00e9pondu \u00e0 un appel \u00e0 projet <a href=\"https:\/\/aides-territoires.beta.gouv.fr\/aides\/d9ad-faire-de-la-gare-un-lieu-de-services-pour-la-\/\" target=\"_blank\" rel=\"noopener\">\u00ab\u2009place de la gare\u2009\u00bb,<\/a> lanc\u00e9 par <b>la SNCF,<\/b> pour r\u00e9occuper les lieux que l\u2019entreprise ferroviaire avait d\u00e9sert\u00e9 apr\u00e8s avoir<b> ferm\u00e9 son guichet en 2018.<\/b><\/p>\n<p>Convention pour 4\u00a0ans<\/p>\n<blockquote class=\"ac-article-quote wall-content\">\n<p>L\u2019id\u00e9e est de cr\u00e9er et de p\u00e9renniser un lieu de vie public dans un quartier en pleine mutation. Avec tous les programmes immobiliers en cours ou \u00e0 venir, ce sont 2\u2009300\u00a0habitants suppl\u00e9mentaires qui sont attendus dans ce quartier qui a besoin d\u2019une identit\u00e9, voire d\u2019une \u00e2me.<\/p>\n<p>Damien Durrleman, adjoint d\u00e9l\u00e9gu\u00e9 \u00e0 la proximit\u00e9 et \u00e0 l\u2019implication citoyenne.<\/p><\/blockquote>\n<blockquote class=\"ac-article-quote wall-content\">\n<p>Ce secteur est situ\u00e9 loin du c\u0153ur de Vertou et sent sans doute plus proche de Nantes, mais on ne doit pas l\u2019oublier et faire conna\u00eetre l\u2019\u00e9quipe municipale qui est sans doute \u00e9loign\u00e9e de ces habitants.<\/p>\n<\/blockquote>\n<p class=\" wall-content\"><b>Le chemin<\/b> <b>sera sans doute long <\/b>et le d\u00e9veloppement in\u00e9vitablement moins rapide que les trains qui passent sur les rails \u00e0 c\u00f4t\u00e9.<\/p>\n<blockquote class=\"ac-article-quote wall-content\">\n<p>Le r\u00f4le de la mairie est d\u2019impulser. On montre l\u2019exemple en mettant de l\u2019huile dans les rouages. Mais, \u00e0 moyen terme, l\u2019id\u00e9e est de passer la main \u00e0 une structure pour animer le lieu. L\u2019implication devra \u00eatre citoyenne.<\/p>\n<p>L\u2019adjoint<\/p><\/blockquote>\n<p>    <img   decoding=\"async\" loading=\"lazy\" class=\"size-large\" src=\"https:\/\/www.europesays.com\/fr\/wp-content\/uploads\/2025\/06\/65a30912a5486a9a30912a548bda30v-960x640.jpg\" alt=\"-\" width=\"960\" height=\"640\"\/><br \/>\n    Des animations ont lieu chaque demi-journ\u00e9e, comme ici avec du tricot. \u00a9Hebdo de S\u00e8vre et Maine<\/p>\n<p class=\" wall-content\">Un \u00e9lu attentif \u00e0 toutes les propositions des habitants. <b>La convention avec la SNCF a \u00e9t\u00e9 sign\u00e9e pour 4\u00a0ans\u2009:<\/b> en \u00e9change de l\u2019occupation, la ville paye un loyer de 689\u00a0euros par mois. Pour l\u2019heure, <b>les deux agents de son service s\u2019en occupent \u00e0 tour de r\u00f4le<\/b>.<\/p>\n<blockquote class=\"ac-article-quote wall-content\">\n<p>On y va pas \u00e0 pas. On ne sait pas si cela fonctionnera. En tout cas, \u00e9lus et agents mettent toute leur \u00e9nergie dans ce projet.<\/p>\n<\/blockquote>\n<p class=\" wall-content\">A l\u2019image <b>des voitures de la ville qui ont conduit sp\u00e9cialement des gens du quartier \u00e0 Charivari,<\/b> samedi 31\u00a0mai.<\/p>\n<p>Inauguration le 27\u00a0septembre<\/p>\n<p class=\" wall-content\">Une <b>f\u00eate<\/b>, de type inauguration, est programm\u00e9e<b> le 27\u00a0septembre<\/b> prochain. Jeux, th\u00e9\u00e2tre de rue, orchestre et autres animations sont pr\u00e9vus.<\/p>\n<blockquote class=\"ac-article-quote wall-content\">\n<p>L\u00e0 aussi, pour attirer les habitants vers ce lieu et rep\u00e9rer des personnes motrices et motiv\u00e9es.<\/p>\n<p>Damien Durrleman.<\/p><\/blockquote>\n<p class=\" wall-content\">Ce sera l\u2019occasion aussi de d\u00e9couvrir son nom\u2009:<b> un vote citoyen sera organis\u00e9 tout le mois pour choisir l\u2019une des quatre identit\u00e9s propos\u00e9es.<\/b><\/p>\n<p class=\" wall-content\">En attendant, il est aussi possible de pousser la porte du hall de la gare. <b>Une pi\u00e8ce de 70\u00a0m2 r\u00e9nov\u00e9e <\/b>par les services de la ville (reprise des sols, mise en peinture, am\u00e9nagement d\u2019une petite cuisine, installation du mobilier\u2026) et de ceux de la SNCF (plomberie, charpenterie, ma\u00e7onnerie, \u00e9lectricit\u00e9, mise aux normes de s\u00e9curit\u00e9 et d\u2019accessibilit\u00e9).<\/p>\n<p>    <img   decoding=\"async\" loading=\"lazy\" class=\"size-large\" src=\"https:\/\/www.europesays.com\/fr\/wp-content\/uploads\/2025\/06\/91f80472a5486d5f80472a548b9f80v-960x640.jpg\" alt=\"Damien Durrleman, adjoint, a re\u00e7u des habitants vendredi dernier.\" width=\"960\" height=\"640\"\/><br \/>\n    Damien Durrleman, adjoint d\u00e9l\u00e9gu\u00e9 \u00e0 la proximit\u00e9 et \u00e0 l\u2019implication citoyenne, a re\u00e7u des habitants vendredi dernier. \u00a9Hebdo de S\u00e8vre et Maine<\/p>\n<p class=\" wall-content\"><b>Les animations se poursuivent du 12 au 21\u00a0juin<\/b> avec des ouvertures le matin les jeudi\u00a012 et 19 (atelier coin des bonnes id\u00e9es), le mardi\u00a017 (caf\u00e9 papote), et samedi\u00a021 (atelier de r\u00e9paration de v\u00e9lo, concert \u00e9cole de musique)\u2009; et les apr\u00e8s-midi le vendredi\u00a013 (atelier cr\u00e9atif et bricolage), mercredi\u00a018 (atelier jeux) et le vendredi\u00a020 (atelier cuisine). A noter que les vendredi se prolongeront jusqu\u2019\u00e0 20\u2009h voire 21\u2009h, notamment avec la f\u00eate des voisins le 20\u00a0juin. De quoi partir sur de bons rails.<\/p>\n<p class=\" wall-content\">Suivez toute l\u2019actualit\u00e9 de vos villes et m\u00e9dias favoris en vous inscrivant \u00e0 <a href=\"https:\/\/moncompte.actu.fr\" title=\"D\u00e9couvez Mon Actu\" rel=\"nofollow noopener\" data-trk=\"{&quot;cta&quot;:{&quot;action&quot;:&quot;https:\\\/\\\/moncompte.actu.fr&quot;,&quot;category&quot;:&quot;mon compte&quot;,&quot;from&quot;:&quot;article footer&quot;,&quot;name&quot;:&quot;Mon actu&quot;,&quot;type&quot;:&quot;cta&quot;}}\" target=\"_blank\">Mon Actu<\/a>.<\/p>\n","protected":false},"excerpt":{"rendered":"Par Laurent Fortin Publi\u00e9 le 15 juin 2025 \u00e0 8h58 Une partie de jeux de soci\u00e9t\u00e9, un atelier&hellip;\n","protected":false},"author":2,"featured_media":177811,"comment_status":"","ping_status":"","sticky":false,"template":"","format":"standard","meta":{"footnotes":""},"categories":[2818],"tags":[1111,11,1777,674,1011,27,766,12,2636,25,2215,104,2900],"class_list":{"0":"post-177810","1":"post","2":"type-post","3":"status-publish","4":"format-standard","5":"has-post-thumbnail","7":"category-nantes","8":"tag-actu","9":"tag-actualites","10":"tag-eu","11":"tag-europe","12":"tag-fr","13":"tag-france","14":"tag-nantes","15":"tag-news","16":"tag-pays-de-la-loire","17":"tag-republique-francaise","18":"tag-sncf","19":"tag-societe","20":"tag-vignoble-nantais"},"share_on_mastodon":{"url":"https:\/\/pubeurope.com\/@fr\/114686125967242087","error":""},"_links":{"self":[{"href":"https:\/\/www.europesays.com\/fr\/wp-json\/wp\/v2\/posts\/177810","targetHints":{"allow":["GET"]}}],"collection":[{"href":"https:\/\/www.europesays.com\/fr\/wp-json\/wp\/v2\/posts"}],"about":[{"href":"https:\/\/www.europesays.com\/fr\/wp-json\/wp\/v2\/types\/post"}],"author":[{"embeddable":true,"href":"https:\/\/www.europesays.com\/fr\/wp-json\/wp\/v2\/users\/2"}],"replies":[{"embeddable":true,"href":"https:\/\/www.europesays.com\/fr\/wp-json\/wp\/v2\/comments?post=177810"}],"version-history":[{"count":0,"href":"https:\/\/www.europesays.com\/fr\/wp-json\/wp\/v2\/posts\/177810\/revisions"}],"wp:featuredmedia":[{"embeddable":true,"href":"https:\/\/www.europesays.com\/fr\/wp-json\/wp\/v2\/media\/177811"}],"wp:attachment":[{"href":"https:\/\/www.europesays.com\/fr\/wp-json\/wp\/v2\/media?parent=177810"}],"wp:term":[{"taxonomy":"category","embeddable":true,"href":"https:\/\/www.europesays.com\/fr\/wp-json\/wp\/v2\/categories?post=177810"},{"taxonomy":"post_tag","embeddable":true,"href":"https:\/\/www.europesays.com\/fr\/wp-json\/wp\/v2\/tags?post=177810"}],"curies":[{"name":"wp","href":"https:\/\/api.w.org\/{rel}","templated":true}]}}