{"id":177816,"date":"2025-06-15T07:11:10","date_gmt":"2025-06-15T07:11:10","guid":{"rendered":"https:\/\/www.europesays.com\/fr\/177816\/"},"modified":"2025-06-15T07:11:10","modified_gmt":"2025-06-15T07:11:10","slug":"ex-girondins-deux-anciennes-de-bordeaux-signent-au-paris-fc","status":"publish","type":"post","link":"https:\/\/www.europesays.com\/fr\/177816\/","title":{"rendered":"Ex-Girondins : Deux anciennes de Bordeaux signent au Paris FC"},"content":{"rendered":"<p><img decoding=\"async\" src=\"https:\/\/www.europesays.com\/fr\/wp-content\/uploads\/2025\/06\/671_6eb31cc00c61ebb0544e0e7883a920f3.jpg\" alt=\"Ex-Girondins : Deux anciennes de Bordeaux signent au Paris FC\" class=\"img-responsive mt-3\"\/><\/p>\n<p class=\"text-center mb-3\" style=\"font-size: 14px\">\u00a9 Iconsport<\/p>\n<p style=\"text-align: justify;\">En effet, le Paris FC a sing\u00e9 l&rsquo;attaquante Hawa Sang\u00e9r\u00e9 en provenance du Stade de Reims pour 3 saisons. Elle a jou\u00e9 pour les Girondins de Bordeaux lors de la saison 2023-2024.<\/p>\n<p style=\"text-align: justify;\">De plus, la gardienne de but Myl\u00e8ne Chavas arrive aussi en provenance du Real Madrid. Chavas a port\u00e9 le maillot bordelais de 2021 \u00e0 2023.<\/p>\n<p>\u00a0<\/p>\n<blockquote class=\"twitter-tweet\">\n<p dir=\"ltr\" lang=\"fr\">Une nouvelle aventure pour les 3 ans \u00e0 venir. Fi\u00e8re de rejoindre ce club prestigieux du <a href=\"https:\/\/twitter.com\/PFC_feminines?ref_src=twsrc%5Etfw\" target=\"_blank\" rel=\"noopener\">@PFC_feminines<\/a> :blue_heart:<br \/>Merci aux pr\u00e9sidents pour la confiance qu&rsquo;ils m&rsquo;accordent.<br \/>A bient\u00f4t sur les terrains :wave::skin-tone-3: <a href=\"https:\/\/t.co\/STO9Uean2d\">pic.twitter.com\/STO9Uean2d<\/a><\/p>\n<p>\u2014 Myl\u00e8ne CHAVAS (@mylenechavas) <a href=\"https:\/\/twitter.com\/mylenechavas\/status\/1933948228556239293?ref_src=twsrc%5Etfw\" target=\"_blank\" rel=\"noopener\">June 14, 2025<\/a>\n<\/p><\/blockquote>\n<p>\u00a0<\/p>\n<p style=\"text-align: justify;\">\u00c0 lire aussi &gt;&gt; <strong><a href=\"https:\/\/www.webgirondins.com\/actualite-girondins-girondins-le-verdict-du-tribunal-reporte-au-24-juin-la-dncg-en-ligne-de-mire-129411\" target=\"_blank\" rel=\"noopener\">Le verdict du tribunal report\u00e9 au 24 juin, la DNCG en ligne de mire<\/a><br \/><\/strong><\/p>\n<p>Notre podcast court \u00e0 \u00e9couter :<\/p>\n<p>\u00a0<\/p>\n<p>    <script async src=\"https:\/\/platform.twitter.com\/widgets.js\" charset=\"utf-8\"><\/script><\/p>\n","protected":false},"excerpt":{"rendered":"\u00a9 Iconsport En effet, le Paris FC a sing\u00e9 l&rsquo;attaquante Hawa Sang\u00e9r\u00e9 en provenance du Stade de Reims&hellip;\n","protected":false},"author":2,"featured_media":177817,"comment_status":"","ping_status":"","sticky":false,"template":"","format":"standard","meta":{"footnotes":""},"categories":[2817],"tags":[1111,11,22530,2562,18874,31408,1997,31406,5244,4070,31407,1777,674,31404,1011,27,1987,31405,15527,3022,13745,12,2219,626,3051,7099,25,16665,19073],"class_list":{"0":"post-177816","1":"post","2":"type-post","3":"status-publish","4":"format-standard","5":"has-post-thumbnail","7":"category-bordeaux","8":"tag-actu","9":"tag-actualites","10":"tag-anciennes","11":"tag-annonce","12":"tag-arkema","13":"tag-auparavant","14":"tag-bordeaux","15":"tag-chavas","16":"tag-club","17":"tag-deux","18":"tag-elles","19":"tag-eu","20":"tag-europe","21":"tag-evolue","22":"tag-fr","23":"tag-france","24":"tag-girondins","25":"tag-hawa","26":"tag-joueuses","27":"tag-ligue","28":"tag-mylene","29":"tag-news","30":"tag-nouvelle-aquitaine","31":"tag-paris","32":"tag-premiere","33":"tag-recrutement","34":"tag-republique-francaise","35":"tag-sangare","36":"tag-signent"},"share_on_mastodon":{"url":"https:\/\/pubeurope.com\/@fr\/114686137867452443","error":""},"_links":{"self":[{"href":"https:\/\/www.europesays.com\/fr\/wp-json\/wp\/v2\/posts\/177816","targetHints":{"allow":["GET"]}}],"collection":[{"href":"https:\/\/www.europesays.com\/fr\/wp-json\/wp\/v2\/posts"}],"about":[{"href":"https:\/\/www.europesays.com\/fr\/wp-json\/wp\/v2\/types\/post"}],"author":[{"embeddable":true,"href":"https:\/\/www.europesays.com\/fr\/wp-json\/wp\/v2\/users\/2"}],"replies":[{"embeddable":true,"href":"https:\/\/www.europesays.com\/fr\/wp-json\/wp\/v2\/comments?post=177816"}],"version-history":[{"count":0,"href":"https:\/\/www.europesays.com\/fr\/wp-json\/wp\/v2\/posts\/177816\/revisions"}],"wp:featuredmedia":[{"embeddable":true,"href":"https:\/\/www.europesays.com\/fr\/wp-json\/wp\/v2\/media\/177817"}],"wp:attachment":[{"href":"https:\/\/www.europesays.com\/fr\/wp-json\/wp\/v2\/media?parent=177816"}],"wp:term":[{"taxonomy":"category","embeddable":true,"href":"https:\/\/www.europesays.com\/fr\/wp-json\/wp\/v2\/categories?post=177816"},{"taxonomy":"post_tag","embeddable":true,"href":"https:\/\/www.europesays.com\/fr\/wp-json\/wp\/v2\/tags?post=177816"}],"curies":[{"name":"wp","href":"https:\/\/api.w.org\/{rel}","templated":true}]}}