{"id":177822,"date":"2025-06-15T07:14:10","date_gmt":"2025-06-15T07:14:10","guid":{"rendered":"https:\/\/www.europesays.com\/fr\/177822\/"},"modified":"2025-06-15T07:14:10","modified_gmt":"2025-06-15T07:14:10","slug":"les-estivales-equestres-2025-sport-fete-et-passion-au-galop","status":"publish","type":"post","link":"https:\/\/www.europesays.com\/fr\/177822\/","title":{"rendered":"Les Estivales \u00c9questres 2025 : sport, f\u00eate et passion au galop !"},"content":{"rendered":"<p class=\"introduction\">Le Club Hippique de Roubaix vous invite les 21 et 22 juin \u00e0 un \u00e9v\u00e9nement devenu incontournable : Les Estivales \u00c9questres. Un week-end ouvert \u00e0 tous \u2013 cavaliers aguerris, passionn\u00e9s ou simples curieux \u2013 pour d\u00e9couvrir ou red\u00e9couvrir l\u2019univers \u00e9questre dans une ambiance \u00e0 la fois comp\u00e9titive, festive et conviviale.<\/p>\n<p>\ud83d\udc34 Des \u00e9preuves pour tous les styles<\/p>\n<p data-start=\"1540\" data-end=\"1692\">Pendant deux jours, le man\u00e8ge roubaisien accueillera <strong data-start=\"1593\" data-end=\"1616\">10 \u00e9preuves vari\u00e9es<\/strong>, de la plus technique \u00e0 la plus ludique. Parmi les temps forts attendus :<\/p>\n<ul data-start=\"1693\" data-end=\"1912\">\n<li data-start=\"1693\" data-end=\"1759\">\n<p data-start=\"1695\" data-end=\"1759\">Le <strong data-start=\"1698\" data-end=\"1719\">Grand Prix 125 cm<\/strong>, v\u00e9ritable sommet sportif du week-end<\/p>\n<\/li>\n<li data-start=\"1760\" data-end=\"1827\">\n<p data-start=\"1762\" data-end=\"1827\">Le <strong data-start=\"1765\" data-end=\"1774\">Derby<\/strong>, \u00e9preuve spectaculaire m\u00ealant vitesse et pr\u00e9cision<\/p>\n<\/li>\n<li data-start=\"1828\" data-end=\"1912\">\n<p data-start=\"1830\" data-end=\"1912\">Et bien s\u00fbr, l\u2019incontournable <strong data-start=\"1860\" data-end=\"1878\">Relais d\u00e9guis\u00e9<\/strong>, toujours aussi fun et d\u00e9cal\u00e9 !<\/p>\n<\/li>\n<\/ul>\n<p data-start=\"1914\" data-end=\"2014\">Les engagements pour les cavaliers sont ouverts jusqu\u2019au <strong data-start=\"1971\" data-end=\"1997\">lundi 16 juin \u00e0 minuit<\/strong>. Ne tardez pas !<\/p>\n<p>\ud83c\udf89 Une f\u00eate ouverte \u00e0 tous<\/p>\n<p data-start=\"2048\" data-end=\"2125\">Au-del\u00e0 du sport, c\u2019est tout un programme festif qui attend les visiteurs :<\/p>\n<ul data-start=\"2126\" data-end=\"2344\">\n<li data-start=\"2126\" data-end=\"2187\">\n<p data-start=\"2128\" data-end=\"2187\">Un <strong data-start=\"2131\" data-end=\"2158\">village des partenaires<\/strong> pour \u00e9changer et d\u00e9couvrir<\/p>\n<\/li>\n<li data-start=\"2188\" data-end=\"2277\">\n<p data-start=\"2190\" data-end=\"2277\">De quoi se r\u00e9galer avec une <strong data-start=\"2218\" data-end=\"2244\">restauration gourmande<\/strong> et une <strong data-start=\"2252\" data-end=\"2275\">buvette bien garnie<\/strong><\/p>\n<\/li>\n<li data-start=\"2278\" data-end=\"2344\">\n<p data-start=\"2280\" data-end=\"2344\">Et pour les plus audacieux\u2026 un <strong data-start=\"2311\" data-end=\"2332\">taureau m\u00e9canique<\/strong> \u00e0 dompter !<\/p>\n<\/li>\n<\/ul>\n<p>\ud83c\udf19 Esti\u2019Night : la soir\u00e9e DJ en plein air<\/p>\n<p data-start=\"2393\" data-end=\"2713\">Le point d\u2019orgue de cette \u00e9dition 2025 ? <strong data-start=\"2434\" data-end=\"2452\">Les Esti\u2019Night<\/strong>, la grande <strong data-start=\"2464\" data-end=\"2477\">soir\u00e9e DJ<\/strong> du samedi soir. En plein air, avec <strong data-start=\"2513\" data-end=\"2547\">animations, food trucks et bar<\/strong>, l\u2019ambiance promet d\u2019\u00eatre \u00e9lectrique.<br data-start=\"2585\" data-end=\"2588\"\/>\ud83c\udf9f\ufe0f R\u00e9servez vos places d\u00e8s maintenant : <a class=\"\" href=\"https:\/\/www.helloasso.com\/...\/evenements\/les-esti-night-2025\" target=\"_new\" rel=\"noopener nofollow\" data-start=\"2629\" data-end=\"2713\">Billetterie en ligne<\/a><\/p>\n<p>\ud83d\udccd Infos pratiques<\/p>\n<p data-start=\"2745\" data-end=\"2986\">\ud83d\udcc5 <strong data-start=\"2748\" data-end=\"2785\">Samedi 21 &amp; dimanche 22 juin 2025<\/strong><br data-start=\"2785\" data-end=\"2788\"\/>\ud83d\udccd <strong data-start=\"2791\" data-end=\"2868\">Club Hippique de Roubaix \u2013 103 avenue de Flandre, 59650 Villeneuve d\u2019Ascq<\/strong><br data-start=\"2868\" data-end=\"2871\"\/>\ud83d\udcac Ouvert \u00e0 tous \u2013 entr\u00e9e libre (hors Esti\u2019Night)<br data-start=\"2920\" data-end=\"2923\"\/>\ud83d\udd17 En savoir plus : <a href=\"https:\/\/www.centreequestre-roubaixequitation.fr\/\" rel=\"nofollow noopener\" target=\"_blank\">https:\/\/www.centreequestre-roubaixequitation.fr\/<\/a><\/p>\n<p data-start=\"2993\" data-end=\"3116\"><strong data-start=\"2993\" data-end=\"3116\">Un week-end unique \u00e0 Roubaix, entre galop, gourmandise et DJ set. Venez vibrer au rythme des Estivales \u00c9questres 2025 !<\/strong><\/p>\n","protected":false},"excerpt":{"rendered":"Le Club Hippique de Roubaix vous invite les 21 et 22 juin \u00e0 un \u00e9v\u00e9nement devenu incontournable :&hellip;\n","protected":false},"author":2,"featured_media":177823,"comment_status":"","ping_status":"","sticky":false,"template":"","format":"standard","meta":{"footnotes":""},"categories":[2815],"tags":[1111,11,31409,10869,1777,674,1011,27,811,1307,12,25],"class_list":{"0":"post-177822","1":"post","2":"type-post","3":"status-publish","4":"format-standard","5":"has-post-thumbnail","7":"category-lille","8":"tag-actu","9":"tag-actualites","10":"tag-club-equestre","11":"tag-equitation","12":"tag-eu","13":"tag-europe","14":"tag-fr","15":"tag-france","16":"tag-hauts-de-france","17":"tag-lille","18":"tag-news","19":"tag-republique-francaise"},"share_on_mastodon":{"url":"https:\/\/pubeurope.com\/@fr\/114686149660382495","error":""},"_links":{"self":[{"href":"https:\/\/www.europesays.com\/fr\/wp-json\/wp\/v2\/posts\/177822","targetHints":{"allow":["GET"]}}],"collection":[{"href":"https:\/\/www.europesays.com\/fr\/wp-json\/wp\/v2\/posts"}],"about":[{"href":"https:\/\/www.europesays.com\/fr\/wp-json\/wp\/v2\/types\/post"}],"author":[{"embeddable":true,"href":"https:\/\/www.europesays.com\/fr\/wp-json\/wp\/v2\/users\/2"}],"replies":[{"embeddable":true,"href":"https:\/\/www.europesays.com\/fr\/wp-json\/wp\/v2\/comments?post=177822"}],"version-history":[{"count":0,"href":"https:\/\/www.europesays.com\/fr\/wp-json\/wp\/v2\/posts\/177822\/revisions"}],"wp:featuredmedia":[{"embeddable":true,"href":"https:\/\/www.europesays.com\/fr\/wp-json\/wp\/v2\/media\/177823"}],"wp:attachment":[{"href":"https:\/\/www.europesays.com\/fr\/wp-json\/wp\/v2\/media?parent=177822"}],"wp:term":[{"taxonomy":"category","embeddable":true,"href":"https:\/\/www.europesays.com\/fr\/wp-json\/wp\/v2\/categories?post=177822"},{"taxonomy":"post_tag","embeddable":true,"href":"https:\/\/www.europesays.com\/fr\/wp-json\/wp\/v2\/tags?post=177822"}],"curies":[{"name":"wp","href":"https:\/\/api.w.org\/{rel}","templated":true}]}}