{"id":177824,"date":"2025-06-15T07:15:38","date_gmt":"2025-06-15T07:15:38","guid":{"rendered":"https:\/\/www.europesays.com\/fr\/177824\/"},"modified":"2025-06-15T07:15:38","modified_gmt":"2025-06-15T07:15:38","slug":"marseille-et-lille-foncent-sur-sikou-niakate","status":"publish","type":"post","link":"https:\/\/www.europesays.com\/fr\/177824\/","title":{"rendered":"Marseille et Lille foncent sur Sikou Niakat\u00e9"},"content":{"rendered":"<p style=\"text-align: justify;\"><strong>TRANSFERTS \u2013 Auteur d\u2019une saison remarqu\u00e9e \u00e0 Braga, le d\u00e9fenseur central malien Sikou Niakat\u00e9 a tap\u00e9 dans l\u2019\u0153il de l\u2019Olympique de Marseille et de Lille.<\/strong><\/p>\n<p style=\"text-align: justify;\">\u00c0 la lutte dans le haut de classement de Ligue 1, <strong>Marseille<\/strong> et <a href=\"https:\/\/dicodusport.fr\/blog\/mercato-losc-2025-2026-le-tableau-complet-des-transferts-arrivees-et-departs\/\" target=\"_blank\" rel=\"noopener\"><strong>Lille<\/strong><\/a> le sont \u00e9galement sur le march\u00e9 des transferts. Selon le m\u00e9dia portugais O Jogo, le d\u00e9fenseur central malien <strong>Sikou Niakat\u00e9<\/strong> est dans le viseur des deux clubs de <strong>Ligue 1<\/strong>. Il faut dire que le gar\u00e7on de 25 ans vient de sortir d\u2019une saison de patron du c\u00f4t\u00e9 de <strong>Braga<\/strong>.<\/p>\n<p>Du beau monde se presse autour de Sikou Niakat\u00e9<\/p>\n<p style=\"text-align: justify;\">Pour sa troisi\u00e8me ann\u00e9e au sein du club portugais, celui qui avait lanc\u00e9 sa carri\u00e8re professionnelle en Ligue 2 \u00e0 Valenciennes a franchi un cap, au point d\u2019int\u00e9resser des formations de premier plan en Ligue 1. Pour l\u2019OM comme le LOSC, il repr\u00e9senterait alors une option s\u00e9rieuse pour essayer d\u2019apporter de l\u2019\u00e9mulsion en charni\u00e8re centrale. Malgr\u00e9 tout, il faudra sortir un beau ch\u00e8que pour le faire changer d\u2019air puisque le club portugais souhaiterait <strong>12,5 millions d\u2019euros<\/strong> pour se s\u00e9parer de son d\u00e9fenseur.<\/p>\n<p style=\"text-align: justify;\">Par ailleurs, la concurrence sur le dossier sera rude. Son profil attire \u00e9galement des convoitises dans le reste de l\u2019Europe puisque le <strong>Werder Br\u00eame<\/strong>, mais aussi plusieurs clubs anglais, suivent le dossier avec attention.<\/p>\n<blockquote class=\"twitter-tweet\">\n<p dir=\"ltr\" lang=\"fr\">\ud83d\udea8L\u2019OM serait en course pour recruter Sikou Niakat\u00e9 \ud83c\uddf2\ud83c\uddf1 !!!<\/p>\n<p>\ud83d\udcb0 Braga r\u00e9clame 12,5M\u20ac pour un d\u00e9part de son d\u00e9fenseur central !!!<\/p>\n<p>\ud83d\uddde\ufe0f <a href=\"https:\/\/twitter.com\/ojogo?ref_src=twsrc%5Etfw\" target=\"_blank\" rel=\"noopener\">@ojogo<\/a> <a href=\"https:\/\/t.co\/7dxcDY4Uaq\">pic.twitter.com\/7dxcDY4Uaq<\/a><\/p>\n<p>\u2014 BeOM (@Be_OM13) <a href=\"https:\/\/twitter.com\/Be_OM13\/status\/1933468191822655995?ref_src=twsrc%5Etfw\" target=\"_blank\" rel=\"noopener\">June 13, 2025<\/a><\/p>\n<\/blockquote>\n<p><strong>\u00c0 lire aussi<\/strong><\/p>\n<p><a href=\"https:\/\/dicodusport.fr\/blog\/mercato-om-2025-2026-le-tableau-complet-des-transferts-arrivees-et-departs\/\" class=\"vlp-link\" title=\"Mercato OM 2025-2026 : Le tableau complet des transferts, arriv\u00e9es et d\u00e9parts\" target=\"_blank\" rel=\"noopener\"><img loading=\"lazy\" decoding=\"async\" style=\"max-width: 792px;\" width=\"792\" height=\"445\" class=\"attachment-800x445 size-800x445 perfmatters-lazy\" alt=\"Mercato OM 2025-2026 Le tableau complet des transferts, arriv\u00e9es et d\u00e9parts\" src=\"https:\/\/www.europesays.com\/fr\/wp-content\/uploads\/2025\/06\/Mercato-OM-2025-2026-Le-tableau-complet-des-transferts-arrivees-et-departs.png\"  data-\/><\/p>\n<p>Mercato OM 2025-2026 : Le tableau complet des transferts, arriv\u00e9es et d\u00e9parts<\/p>\n<p>TRANSFERTS OM &#8211; Retrouvez tous les mouvements de l&rsquo;Olympique de Marseille pour l&rsquo;intersaison 2025 en Ligue 1. Arriv\u00e9es, d\u00e9part, pr\u00eats, transferts d\u00e9finitifs, ne ratez rien du mercato estival.\u00a0<\/p>\n<p>Lire l&rsquo;article<\/p>\n<p>dicodusport.fr<\/p>\n<p>\t\t\t\t\t\t\t\t\t\t\t\t\t<script async src=\"https:\/\/platform.twitter.com\/widgets.js\" charset=\"utf-8\"><\/script><\/p>\n","protected":false},"excerpt":{"rendered":"TRANSFERTS \u2013 Auteur d\u2019une saison remarqu\u00e9e \u00e0 Braga, le d\u00e9fenseur central malien Sikou Niakat\u00e9 a tap\u00e9 dans l\u2019\u0153il&hellip;\n","protected":false},"author":2,"featured_media":177825,"comment_status":"","ping_status":"","sticky":false,"template":"","format":"standard","meta":{"footnotes":""},"categories":[2815],"tags":[1111,11,2113,1777,674,1011,27,811,1307,2267,884,12,25],"class_list":{"0":"post-177824","1":"post","2":"type-post","3":"status-publish","4":"format-standard","5":"has-post-thumbnail","7":"category-lille","8":"tag-actu","9":"tag-actualites","10":"tag-breve","11":"tag-eu","12":"tag-europe","13":"tag-fr","14":"tag-france","15":"tag-hauts-de-france","16":"tag-lille","17":"tag-losc","18":"tag-marseille","19":"tag-news","20":"tag-republique-francaise"},"share_on_mastodon":{"url":"https:\/\/pubeurope.com\/@fr\/114686153640248236","error":""},"_links":{"self":[{"href":"https:\/\/www.europesays.com\/fr\/wp-json\/wp\/v2\/posts\/177824","targetHints":{"allow":["GET"]}}],"collection":[{"href":"https:\/\/www.europesays.com\/fr\/wp-json\/wp\/v2\/posts"}],"about":[{"href":"https:\/\/www.europesays.com\/fr\/wp-json\/wp\/v2\/types\/post"}],"author":[{"embeddable":true,"href":"https:\/\/www.europesays.com\/fr\/wp-json\/wp\/v2\/users\/2"}],"replies":[{"embeddable":true,"href":"https:\/\/www.europesays.com\/fr\/wp-json\/wp\/v2\/comments?post=177824"}],"version-history":[{"count":0,"href":"https:\/\/www.europesays.com\/fr\/wp-json\/wp\/v2\/posts\/177824\/revisions"}],"wp:featuredmedia":[{"embeddable":true,"href":"https:\/\/www.europesays.com\/fr\/wp-json\/wp\/v2\/media\/177825"}],"wp:attachment":[{"href":"https:\/\/www.europesays.com\/fr\/wp-json\/wp\/v2\/media?parent=177824"}],"wp:term":[{"taxonomy":"category","embeddable":true,"href":"https:\/\/www.europesays.com\/fr\/wp-json\/wp\/v2\/categories?post=177824"},{"taxonomy":"post_tag","embeddable":true,"href":"https:\/\/www.europesays.com\/fr\/wp-json\/wp\/v2\/tags?post=177824"}],"curies":[{"name":"wp","href":"https:\/\/api.w.org\/{rel}","templated":true}]}}