{"id":177826,"date":"2025-06-15T07:16:10","date_gmt":"2025-06-15T07:16:10","guid":{"rendered":"https:\/\/www.europesays.com\/fr\/177826\/"},"modified":"2025-06-15T07:16:10","modified_gmt":"2025-06-15T07:16:10","slug":"le-rappeur-marseillais-alonzo-invite-dix-lecteurs-de-la-provence-a-le-rencontrer-le-lundi-30-juin","status":"publish","type":"post","link":"https:\/\/www.europesays.com\/fr\/177826\/","title":{"rendered":"Le rappeur marseillais Alonzo invite\u00a0dix lecteurs de \u00ab\u00a0La Provence\u00a0\u00bb\u00a0\u00e0 le rencontrer\u00a0le lundi 30\u00a0juin"},"content":{"rendered":"<p>Dans le milieu, on l\u2019appelle le \u00ab\u00a0Capo\u00a0\u00bb ou \u00ab\u00a0chef\u00a0\u00bb en italien. <a href=\"https:\/\/www.laprovence.com\/article\/culture-loisirs\/5429554066891214\/alonzo-dans-le-rap-je-suis-un-competiteur\" target=\"_blank\" rel=\"nofollow noopener\">\u00c0 42\u00a0ans, Alonzo est consid\u00e9r\u00e9 comme un pilier du rap marseillais<\/a>. R\u00e9v\u00e9l\u00e9 au sein des Psy\u00a04 de la Rime, au c\u00f4t\u00e9 de ses cousins Soprano et Vincenzo, et du producteur Sya Styles, l\u2019enfant du Plan d\u2019Aou dans les quartiers Nord, s\u2019est \u00e9mancip\u00e9 en solo d\u00e8s 2009 avec la mixtape\u00a0Un dernier coup d\u2019\u0153il dans le r\u00e9troviseur.<\/p>\n<p>Mais c\u2019est surtout depuis son troisi\u00e8me disque\u00a0R\u00e8glement de comptes\u00a0en\u00a02015 qu\u2019il a assis sa notori\u00e9t\u00e9 sous son nom. Depuis, ce p\u00e8re de six enfants a sorti sept albums, trois mixtapes, deux EPs, r\u00e9colt\u00e9 pas mal de certifications d\u2019or et de platine et sign\u00e9 de gros succ\u00e8s tels que\u00a0La Belle Vie, Santana, Binta, Papa Allo, La Sele\u00e7ao\u2026 <a href=\"https:\/\/laprovence.com\/article\/culture-loisirs\/29074800460138\/alonzo-annonce-un-concert-a-lorange-velodrome-a-marseille-le-19-juillet-2025\" target=\"_blank\" rel=\"nofollow noopener\">Le samedi 19\u00a0juillet, il se produira pour la premi\u00e8re fois \u00e0 l\u2019Orange V\u00e9lodrome, \u00ab\u00a0un r\u00eave de gosse\u00a0\u00bb<\/a>. Il nous disait \u00e0 ce propos\u00a0: \u00ab\u00a0Il fallait attendre le bon moment. Je suis tr\u00e8s croyant, je crois en un destin. Et l\u00e0, c\u2019est le bon moment.\u00a0\u00bb<\/p>\n<p>Pour participer, \u00e9crivez-nous \u00e0 l\u2019adresse\u00a0<a href=\"https:\/\/www.laprovence.com\/cdn-cgi\/l\/email-protection\" class=\"__cf_email__\" data-cfemail=\"cdabacaea8acb8b5a1a8aeb9a8b8bfbe8da1acbdbfa2bba8a3aea8e0bdbfa8bebea8e3abbf\" rel=\"nofollow noopener\" target=\"_blank\">[email\u00a0protected]<\/a>, en pr\u00e9cisant vos nom, pr\u00e9nom, adresse, num\u00e9ro de t\u00e9l\u00e9phone et pourquoi vous souhaitez le rencontrer. \u00c0 partir des courriers que nous recevrons, nous s\u00e9lectionnerons les 10\u00a0chanceux pour ce rendez-vous pr\u00e9vu \u00e0 Marseille.<\/p>\n","protected":false},"excerpt":{"rendered":"Dans le milieu, on l\u2019appelle le \u00ab\u00a0Capo\u00a0\u00bb ou \u00ab\u00a0chef\u00a0\u00bb en italien. \u00c0 42\u00a0ans, Alonzo est consid\u00e9r\u00e9 comme un&hellip;\n","protected":false},"author":2,"featured_media":177827,"comment_status":"","ping_status":"","sticky":false,"template":"","format":"standard","meta":{"footnotes":""},"categories":[2814],"tags":[17,1111,11,31410,251,1777,674,1011,27,31411,4743,10066,761,884,12,31412,882,6198,25],"class_list":{"0":"post-177826","1":"post","2":"type-post","3":"status-publish","4":"format-standard","5":"has-post-thumbnail","7":"category-marseille","8":"tag-17","9":"tag-actu","10":"tag-actualites","11":"tag-alonzo","12":"tag-culture","13":"tag-eu","14":"tag-europe","15":"tag-fr","16":"tag-france","17":"tag-invite-dix","18":"tag-la","19":"tag-lecteurs","20":"tag-marseillais","21":"tag-marseille","22":"tag-news","23":"tag-provence-a","24":"tag-provence-alpes-cote-dazur","25":"tag-rappeur","26":"tag-republique-francaise"},"share_on_mastodon":{"url":"https:\/\/pubeurope.com\/@fr\/114686157367332862","error":""},"_links":{"self":[{"href":"https:\/\/www.europesays.com\/fr\/wp-json\/wp\/v2\/posts\/177826","targetHints":{"allow":["GET"]}}],"collection":[{"href":"https:\/\/www.europesays.com\/fr\/wp-json\/wp\/v2\/posts"}],"about":[{"href":"https:\/\/www.europesays.com\/fr\/wp-json\/wp\/v2\/types\/post"}],"author":[{"embeddable":true,"href":"https:\/\/www.europesays.com\/fr\/wp-json\/wp\/v2\/users\/2"}],"replies":[{"embeddable":true,"href":"https:\/\/www.europesays.com\/fr\/wp-json\/wp\/v2\/comments?post=177826"}],"version-history":[{"count":0,"href":"https:\/\/www.europesays.com\/fr\/wp-json\/wp\/v2\/posts\/177826\/revisions"}],"wp:featuredmedia":[{"embeddable":true,"href":"https:\/\/www.europesays.com\/fr\/wp-json\/wp\/v2\/media\/177827"}],"wp:attachment":[{"href":"https:\/\/www.europesays.com\/fr\/wp-json\/wp\/v2\/media?parent=177826"}],"wp:term":[{"taxonomy":"category","embeddable":true,"href":"https:\/\/www.europesays.com\/fr\/wp-json\/wp\/v2\/categories?post=177826"},{"taxonomy":"post_tag","embeddable":true,"href":"https:\/\/www.europesays.com\/fr\/wp-json\/wp\/v2\/tags?post=177826"}],"curies":[{"name":"wp","href":"https:\/\/api.w.org\/{rel}","templated":true}]}}