{"id":177837,"date":"2025-06-15T07:24:10","date_gmt":"2025-06-15T07:24:10","guid":{"rendered":"https:\/\/www.europesays.com\/fr\/177837\/"},"modified":"2025-06-15T07:24:10","modified_gmt":"2025-06-15T07:24:10","slug":"le-marais-gay-nest-plus-ce-quil-etait-le-fameux-quartier-lgbtqia-de-paris-a-t-il-perdu-son-ame","status":"publish","type":"post","link":"https:\/\/www.europesays.com\/fr\/177837\/","title":{"rendered":"\u00ab Le Marais gay n\u2019est plus ce qu\u2019il \u00e9tait \u00bb : le fameux quartier LGBTQIA+ de Paris a-t-il perdu son \u00e2me ?"},"content":{"rendered":"<p class=\"paragraph text_align_left\">Dans les ann\u00e9es 1980-1990, le Marais est devenu le quartier gay de Paris. Mais en 1978 la communaut\u00e9 homosexuelle se retrouvait plut\u00f4t de jour \u00e0 Saint-Germain-des-Pr\u00e9s, dans des \u00e9tablissements souvent s\u00e9lectifs et co\u00fbteux. D\u00e8s son ouverture, le Village se veut lui abordable. Et surtout ouvert sur la rue, sans sonnette, ni judas, ni videur \u00e0 l\u2019entr\u00e9e. Les bars gays vont alors se multiplier dans le quartier.<\/p>\n","protected":false},"excerpt":{"rendered":"Dans les ann\u00e9es 1980-1990, le Marais est devenu le quartier gay de Paris. Mais en 1978 la communaut\u00e9&hellip;\n","protected":false},"author":2,"featured_media":177838,"comment_status":"","ping_status":"","sticky":false,"template":"","format":"standard","meta":{"footnotes":""},"categories":[1888],"tags":[11,1777,674,1011,27,1944,12,626,25],"class_list":{"0":"post-177837","1":"post","2":"type-post","3":"status-publish","4":"format-standard","5":"has-post-thumbnail","7":"category-paris","8":"tag-actualites","9":"tag-eu","10":"tag-europe","11":"tag-fr","12":"tag-france","13":"tag-ma-ville","14":"tag-news","15":"tag-paris","16":"tag-republique-francaise"},"share_on_mastodon":{"url":"https:\/\/pubeurope.com\/@fr\/114686188796777243","error":""},"_links":{"self":[{"href":"https:\/\/www.europesays.com\/fr\/wp-json\/wp\/v2\/posts\/177837","targetHints":{"allow":["GET"]}}],"collection":[{"href":"https:\/\/www.europesays.com\/fr\/wp-json\/wp\/v2\/posts"}],"about":[{"href":"https:\/\/www.europesays.com\/fr\/wp-json\/wp\/v2\/types\/post"}],"author":[{"embeddable":true,"href":"https:\/\/www.europesays.com\/fr\/wp-json\/wp\/v2\/users\/2"}],"replies":[{"embeddable":true,"href":"https:\/\/www.europesays.com\/fr\/wp-json\/wp\/v2\/comments?post=177837"}],"version-history":[{"count":0,"href":"https:\/\/www.europesays.com\/fr\/wp-json\/wp\/v2\/posts\/177837\/revisions"}],"wp:featuredmedia":[{"embeddable":true,"href":"https:\/\/www.europesays.com\/fr\/wp-json\/wp\/v2\/media\/177838"}],"wp:attachment":[{"href":"https:\/\/www.europesays.com\/fr\/wp-json\/wp\/v2\/media?parent=177837"}],"wp:term":[{"taxonomy":"category","embeddable":true,"href":"https:\/\/www.europesays.com\/fr\/wp-json\/wp\/v2\/categories?post=177837"},{"taxonomy":"post_tag","embeddable":true,"href":"https:\/\/www.europesays.com\/fr\/wp-json\/wp\/v2\/tags?post=177837"}],"curies":[{"name":"wp","href":"https:\/\/api.w.org\/{rel}","templated":true}]}}