{"id":177839,"date":"2025-06-15T07:25:16","date_gmt":"2025-06-15T07:25:16","guid":{"rendered":"https:\/\/www.europesays.com\/fr\/177839\/"},"modified":"2025-06-15T07:25:16","modified_gmt":"2025-06-15T07:25:16","slug":"marche-pour-gaza-de-paris-a-bruxelle-du-15-au-23-juin","status":"publish","type":"post","link":"https:\/\/www.europesays.com\/fr\/177839\/","title":{"rendered":"Marche pour Gaza de Paris \u00e0 Bruxelle du 15 au 23 juin"},"content":{"rendered":"<p data-block-key=\"yfjed\">Une grande marche citoyenne part le 15 juin 2025 de Paris.<\/p>\n<p data-block-key=\"3mou7\">Soyez nombreuses et nombreux \u00e0 rejoindre ces marcheurs qui feront plusieurs \u00e9tapes avant d\u2019arriver \u00e0 Bruxelles le 23 juin. Chaque \u00e9tape permettra \u00e0 celles et ceux qui les soutiennent de marcher avec eux quelques kilom\u00e8tres et de participer aux diff\u00e9rents rassemblements.<\/p>\n<p>Objectif : Marcher vers Bruxelles avant la r\u00e9union du Conseil europ\u00e9en des chefs d\u2019\u00c9tat et de gouvernements afin d\u2019exiger que l\u2019Union europ\u00e9enne prenne ses responsabilit\u00e9s !<br \/>D\u00e9part de la marche : 15 juin 17h \u00e0 Paris Pavillon de la Villette<br \/>Rejoignez-nous au d\u00e9part !<\/p>\n<p>Marche pour Gaza de Paris \u00e0 Bruxelles<br \/>Communiqu\u00e9, le 13 juin 2025<\/p>\n<p>D\u00e9part de la grande marche pour Gaza vers Bruxelles le dimanche 15 juin 2025 \u00e0 Paris<\/p>\n<p data-block-key=\"b01dl\">Les citoyennes et citoyens indign\u00e9s par la situation du peuple palestinien \u00e0 Gaza sont appel\u00e9s \u00e0 participer \u00e0 une Marche de Paris \u00e0 Bruxelles, entre le 15 et le 23 juin 2025, pour faire pression sur les autorit\u00e9s europ\u00e9ennes afin qu\u2019elles prennent des sanctions contre Isra\u00ebl.<\/p>\n<p data-block-key=\"c7lpc\">Les co-organisateurs de cette initiative la LDH (Ligue des droits de l\u2019Homme), la CGT, l\u2019Association Belgo-Palestinienne (ABP), l\u2019Association France Palestine Solidarit\u00e9 (AFPS), la FSU, l\u2019Union Syndicale Solidaires et la F\u00e9d\u00e9ration internationale pour les droits humains (FIDH) feront de chaque \u00e9tape un \u00e9v\u00e8nement de mobilisation. Plusieurs personnalit\u00e9s engag\u00e9es soutiennent d\u2019ores et d\u00e9j\u00e0 la marche comme la com\u00e9dienne Corinne Masiero, le com\u00e9dien Swann Arlaud, la chanteuse Clara Ys\u00e9 ou encore l\u2019autrice et metteuse en sc\u00e8ne Lorraine de Sagazan\u2026<br \/>Le premier rendez-vous est fix\u00e9 \u00e0 Paris (Pavillon de la Villette, 30 avenue Corentin Cariou) le dimanche 15 juin pour un d\u00e9part de la marche \u00e0 17h.<\/p>\n<p data-block-key=\"9028g\">Le d\u00e9part est pr\u00e9c\u00e9d\u00e9 d\u2019un point presse au m\u00eame endroit \u00e0 16h30, avec des dirigeants des organisations, des personnalit\u00e9s et les divers soutiens de l\u2019initiative comme M\u00e9decins sans fronti\u00e8res et M\u00e9decins du Monde. La Marche citoyenne pour Gaza fera une dizaine d\u2019\u00e9tapes avant d\u2019arriver \u00e0 Bruxelles le 23 juin 2025.<\/p>\n<p data-block-key=\"2g4mb\">L&rsquo;objectif est de f\u00e9d\u00e9rer l\u2019\u00e9lan de soutien des citoyennes et citoyens fran\u00e7ais et belges \u00e0 la population de Gaza autour de l\u2019appel lanc\u00e9 \u00e0 cette occasion.<\/p>\n<p data-block-key=\"epeln\">Les participantes et participants \u00e0 la marche et leurs soutiens appellent \u00ab les responsables politiques de toute l&rsquo;UE et les institutions europ\u00e9ennes \u00e0 exercer sans aucun d\u00e9lai une pression maximale sur le gouvernement isra\u00e9lien pour faire cesser le massacre. \u00bb<\/p>\n<p data-block-key=\"641ef\">Chaque \u00e9tape sera l\u2019occasion d\u2019un rassemblement et de prises de parole pour accueillir et encourager les marcheuses et marcheurs mais aussi pour r\u00e9affirmer les revendications de notre appel.<\/p>\n<blockquote data-block-key=\"cbn9\"><p><b>Rendez-vous le samedi 15 juin 2025 \u00e0 Paris, le 16 juin \u00e0 Creil, le 17 juin \u00e0 Beauvais, le 18 juin \u00e0 Cambrai, le 19 juin \u00e0 Douai, le 20 juin \u00e0 Lille, le 21 juin \u00e0 Roubaix, le 22 juin \u00e0 Gand (sous r\u00e9serve) et pour finir le 23 juin \u00e0 Bruxelles.<\/b><\/p><\/blockquote>\n<p data-block-key=\"t85h\">Retrouvez l\u2019appel complet et l\u2019itin\u00e9raire de la marche sur : <a href=\"https:\/\/marchepourgaza.org\/\" rel=\"nofollow noopener\" target=\"_blank\">https:\/\/marchepourgaza.org\/<\/a><br \/>Et sur les r\u00e9seaux sociaux Instagram, Bluesky, Mastodon<\/p>\n","protected":false},"excerpt":{"rendered":"Une grande marche citoyenne part le 15 juin 2025 de Paris. Soyez nombreuses et nombreux \u00e0 rejoindre ces&hellip;\n","protected":false},"author":2,"featured_media":177840,"comment_status":"","ping_status":"","sticky":false,"template":"","format":"standard","meta":{"footnotes":""},"categories":[1888],"tags":[11,10660,1777,674,1011,27,12768,12771,12,626,25,12767,12770,11564,12766,12769],"class_list":{"0":"post-177839","1":"post","2":"type-post","3":"status-publish","4":"format-standard","5":"has-post-thumbnail","7":"category-paris","8":"tag-actualites","9":"tag-egalite","10":"tag-eu","11":"tag-europe","12":"tag-fr","13":"tag-france","14":"tag-independance-syndicale","15":"tag-mouvements-sociaux","16":"tag-news","17":"tag-paris","18":"tag-republique-francaise","19":"tag-revendications","20":"tag-solidarite-internationale","21":"tag-syndicat","22":"tag-transformation-sociale","23":"tag-unite-syndicale"},"share_on_mastodon":{"url":"https:\/\/pubeurope.com\/@fr\/114686192796457432","error":""},"_links":{"self":[{"href":"https:\/\/www.europesays.com\/fr\/wp-json\/wp\/v2\/posts\/177839","targetHints":{"allow":["GET"]}}],"collection":[{"href":"https:\/\/www.europesays.com\/fr\/wp-json\/wp\/v2\/posts"}],"about":[{"href":"https:\/\/www.europesays.com\/fr\/wp-json\/wp\/v2\/types\/post"}],"author":[{"embeddable":true,"href":"https:\/\/www.europesays.com\/fr\/wp-json\/wp\/v2\/users\/2"}],"replies":[{"embeddable":true,"href":"https:\/\/www.europesays.com\/fr\/wp-json\/wp\/v2\/comments?post=177839"}],"version-history":[{"count":0,"href":"https:\/\/www.europesays.com\/fr\/wp-json\/wp\/v2\/posts\/177839\/revisions"}],"wp:featuredmedia":[{"embeddable":true,"href":"https:\/\/www.europesays.com\/fr\/wp-json\/wp\/v2\/media\/177840"}],"wp:attachment":[{"href":"https:\/\/www.europesays.com\/fr\/wp-json\/wp\/v2\/media?parent=177839"}],"wp:term":[{"taxonomy":"category","embeddable":true,"href":"https:\/\/www.europesays.com\/fr\/wp-json\/wp\/v2\/categories?post=177839"},{"taxonomy":"post_tag","embeddable":true,"href":"https:\/\/www.europesays.com\/fr\/wp-json\/wp\/v2\/tags?post=177839"}],"curies":[{"name":"wp","href":"https:\/\/api.w.org\/{rel}","templated":true}]}}