{"id":177843,"date":"2025-06-15T07:27:14","date_gmt":"2025-06-15T07:27:14","guid":{"rendered":"https:\/\/www.europesays.com\/fr\/177843\/"},"modified":"2025-06-15T07:27:14","modified_gmt":"2025-06-15T07:27:14","slug":"les-fausses-proprietes-de-volodymyr-zelensky-au-service-du-discours-pro-russe","status":"publish","type":"post","link":"https:\/\/www.europesays.com\/fr\/177843\/","title":{"rendered":"Les fausses propri\u00e9t\u00e9s de Volodymyr Zelensky au service du discours pro-russe"},"content":{"rendered":"<p>Palace \u00e0 Courchevel, \u00e0 Nice, \u00e0 Chypre ou Miami, \u00ab\u00a0<a href=\"https:\/\/www.20minutes.fr\/societe\/4138357-20250213-non-zelensky-achete-nid-aigle-hitler\" class=\"color-ultramarine c-link\" target=\"_blank\" rel=\"noopener\">Nid d\u2019aigle<\/a>\u00a0\u00bb de Hitler, maison de Joseph Goebbels\u2026 Depuis le d\u00e9but de la <a href=\"https:\/\/www.20minutes.fr\/monde\/ukraine\/\" class=\"color-ultramarine c-link\" target=\"_blank\" rel=\"noopener\">guerre en Ukraine<\/a>, Volodymyr Zelensky a \u00e9t\u00e9 accus\u00e9 d\u2019avoir achet\u00e9 de multiples propri\u00e9t\u00e9s aux quatre coins du monde. Sauf qu\u2019il n\u2019en a acquis aucune.<\/p>\n<p>Ces fausses informations ont \u00e9t\u00e9 largement diffus\u00e9es par des r\u00e9seaux pro-russes en occident. L\u2019objectif\u00a0: d\u00e9cr\u00e9dibiliser le <a href=\"https:\/\/www.20minutes.fr\/monde\/volodymyr-zelensky\/\" class=\"color-ultramarine c-link\" target=\"_blank\" rel=\"noopener\">pr\u00e9sident ukrainien<\/a> et promouvoir le discours de la <a href=\"https:\/\/www.20minutes.fr\/monde\/russie\/\" class=\"color-ultramarine c-link\" target=\"_blank\" rel=\"noopener\">Russie<\/a>.<\/p>\n<p>D\u00e9serteur, corrompu puis nazi\u2026<\/p>\n<p>Depuis\u00a02022, diff\u00e9rents sc\u00e9narios ont \u00e9t\u00e9 mis en place. Dans un premier temps, Volodymyr Zelensky est pr\u00e9sent\u00e9 comme un pr\u00e9sident pr\u00eat \u00e0 fuir dans ces maisons luxueuses et \u00e0 abandonner son pays dans la guerre. Ensuite, il s\u2019agissait de faire voir le pr\u00e9sident ukrainien comme un opportuniste qui <a href=\"https:\/\/www.20minutes.fr\/monde\/4040005-20230606-guerre-ukraine-non-emission-lci-confirme-detournement-aides-volodymyr-zelensky\" class=\"color-ultramarine c-link\" target=\"_blank\" rel=\"noopener\">d\u00e9tournait l\u2019argent des pays occidentaux<\/a> initialement destin\u00e9 \u00e0 la guerre.<\/p>\n<p>Ce sc\u00e9nario a d\u2019ailleurs \u00e9t\u00e9 le plus viral, et celui qui a le plus dur\u00e9 dans le temps, en raison de l\u2019image d\u2019un pr\u00e9sident corrompu n\u00e9e des r\u00e9v\u00e9lations <a href=\"https:\/\/www.20minutes.fr\/politique\/3139107-20211003-pandora-papers-plusieurs-chefs-gouvernement-mis-cause-evasion-fiscale-enquete-medias-icij\" class=\"color-ultramarine c-link\" target=\"_blank\" rel=\"noopener\">des Pandora papers<\/a>. En\u00a02021, cette enqu\u00eate avait montr\u00e9 que Volodymyr Zelensky n\u2019avait pas d\u00e9clar\u00e9 certains montages financiers impliquant des soci\u00e9t\u00e9s bas\u00e9es dans des paradis fiscaux.<\/p>\n<p>Finalement, sur ces derniers mois, c\u2019est l\u2019argumentaire utilis\u00e9 par Vladimir Poutine pour justifier l\u2019invasion de l\u2019Ukraine, qui est ressorti\u00a0: il faudrait d\u00e9nazifier le pays.<\/p>\n<p>La r\u00e9alit\u00e9, c\u2019est que le pr\u00e9sident ukrainien a b\u00e2ti sa fortune lorsqu\u2019il \u00e9tait acteur. Sa r\u00e9cente d\u00e9claration de patrimoine montre environ 1\u00a0million d\u2019euros d\u2019actifs, dont un appartement \u00e0 Londres, un compte en Suisse, des montres de luxe\u2026<\/p>\n","protected":false},"excerpt":{"rendered":"Palace \u00e0 Courchevel, \u00e0 Nice, \u00e0 Chypre ou Miami, \u00ab\u00a0Nid d\u2019aigle\u00a0\u00bb de Hitler, maison de Joseph Goebbels\u2026 Depuis&hellip;\n","protected":false},"author":2,"featured_media":177844,"comment_status":"","ping_status":"","sticky":false,"template":"","format":"standard","meta":{"footnotes":""},"categories":[1590],"tags":[47,11,1777,674,840,131,74,16684,12,132,220,134],"class_list":{"0":"post-177843","1":"post","2":"type-post","3":"status-publish","4":"format-standard","5":"has-post-thumbnail","7":"category-ukraine","8":"tag-actualite","9":"tag-actualites","10":"tag-eu","11":"tag-europe","12":"tag-fake-off","13":"tag-guerre-en-ukraine","14":"tag-monde","15":"tag-nazisme","16":"tag-news","17":"tag-russie","18":"tag-ukraine","19":"tag-volodymyr-zelensky"},"share_on_mastodon":{"url":"https:\/\/pubeurope.com\/@fr\/114686200573676016","error":""},"_links":{"self":[{"href":"https:\/\/www.europesays.com\/fr\/wp-json\/wp\/v2\/posts\/177843","targetHints":{"allow":["GET"]}}],"collection":[{"href":"https:\/\/www.europesays.com\/fr\/wp-json\/wp\/v2\/posts"}],"about":[{"href":"https:\/\/www.europesays.com\/fr\/wp-json\/wp\/v2\/types\/post"}],"author":[{"embeddable":true,"href":"https:\/\/www.europesays.com\/fr\/wp-json\/wp\/v2\/users\/2"}],"replies":[{"embeddable":true,"href":"https:\/\/www.europesays.com\/fr\/wp-json\/wp\/v2\/comments?post=177843"}],"version-history":[{"count":0,"href":"https:\/\/www.europesays.com\/fr\/wp-json\/wp\/v2\/posts\/177843\/revisions"}],"wp:featuredmedia":[{"embeddable":true,"href":"https:\/\/www.europesays.com\/fr\/wp-json\/wp\/v2\/media\/177844"}],"wp:attachment":[{"href":"https:\/\/www.europesays.com\/fr\/wp-json\/wp\/v2\/media?parent=177843"}],"wp:term":[{"taxonomy":"category","embeddable":true,"href":"https:\/\/www.europesays.com\/fr\/wp-json\/wp\/v2\/categories?post=177843"},{"taxonomy":"post_tag","embeddable":true,"href":"https:\/\/www.europesays.com\/fr\/wp-json\/wp\/v2\/tags?post=177843"}],"curies":[{"name":"wp","href":"https:\/\/api.w.org\/{rel}","templated":true}]}}